{"id":2701,"date":"2024-07-31T17:27:08","date_gmt":"2024-07-31T20:27:08","guid":{"rendered":"https:\/\/tveventos.tv.br\/?p=2701"},"modified":"2024-07-31T17:27:12","modified_gmt":"2024-07-31T20:27:12","slug":"5-motivos-para-voce-visitar-a-febratex-2024","status":"publish","type":"post","link":"https:\/\/tveventos.tv.br\/?p=2701","title":{"rendered":"5 motivos para voc\u00ea visitar a Febratex 2024"},"content":{"rendered":"\n<p class=\"has-text-align-center\"><em>Cerca de 57 mil visitantes s\u00e3o esperados na feira, com inscri\u00e7\u00f5es gratuitas feitas 100% online at\u00e9 o dia 15 de agosto.<\/em><\/p>\n\n\n\n<p>A expectativa da organiza\u00e7\u00e3o para a 18\u00aa Febratex \u00e9 receber cerca de 57 mil visitantes durante os quatro dias de feira. Com credenciamento antecipado e feito de forma 100% online pelo&nbsp;<a href=\"https:\/\/febratex.com.br\/inscricoes\/?utm_term=%28PAUTA%29%2BCredenciamento%2Bpara%2Bvisitar%2Ba%2B18%3F%3F%3F%3F%2BFebratex%2Besta%2Baberto&amp;utm_campaign=Vale%2Bdo%2BItajai&amp;utm_source=e-goi&amp;utm_medium=email\" target=\"_blank\" rel=\"noreferrer noopener\">site do evento<\/a>, as inscri\u00e7\u00f5es s\u00e3o gratuitas at\u00e9 o dia 15 de agosto. Ap\u00f3s esse per\u00edodo, a entrada fica dispon\u00edvel apenas no evento, a partir da compra de ingressos, com uma taxa de R$&nbsp;50 por visitante. Considerada a maior feira de m\u00e1quinas e tecnologias da ind\u00fastria t\u00eaxtil das Am\u00e9ricas, o evento acontece na Vila Germ\u00e2nica, em Blumenau, entre os dias 20 e 23 de agosto.<\/p>\n\n\n\n<p>De acordo com&nbsp;<strong>H\u00e9lvio Pompeo J\u00fanior<\/strong>, diretor de marketing da Febratex, o evento \u00e9 uma oportunidade de imers\u00e3o no mercado t\u00eaxtil. \u201cOs visitantes ir\u00e3o encontrar oito setores destinados \u00e0 tecnologia, conhecimento e sustentabilidade da ind\u00fastria da moda. Vale ressaltar que todos os segmentos s\u00e3o contemplados desde fia\u00e7\u00e3o, tecelagem, malharia, beneficiamento e confec\u00e7\u00e3o\u201d.&nbsp;<\/p>\n\n\n\n<p><strong>Aplicativo Febratex&nbsp;<\/strong><\/p>\n\n\n\n<p>Para ficar por dentro de todas as novidades da Febratex e ter um guia digital na palma da m\u00e3o, nesta edi\u00e7\u00e3o a Febratex conta com um aplicativo. \u201c100% gratuito, o app est\u00e1 dispon\u00edvel tanto para Android e IOS, al\u00e9m disso, ele possui a programa\u00e7\u00e3o completa do evento, notifica\u00e7\u00f5es exclusivos para os usu\u00e1rios, mapa da feira para facilitar a localiza\u00e7\u00e3o, timeline e muito mais\u201d, destaca H\u00e9lvio.&nbsp;<\/p>\n\n\n\n<p><strong>5 motivos para visitar a Febratex<\/strong><\/p>\n\n\n\n<p>Com uma tem\u00e1tica que fomenta o networking e as conex\u00f5es na cadeia t\u00eaxtil, a Febratex 360, como tamb\u00e9m ser\u00e1 chamada nesta edi\u00e7\u00e3o, oferece uma grande variedade de atra\u00e7\u00f5es, fazendo com que os visitantes estejam sempre interagindo e aprendendo sobre o mercado. Seja por meio de um espa\u00e7o amplo, que comporta cerca de 500 estandes, das novidades na programa\u00e7\u00e3o ou dos objetivos que a feira prop\u00f5e aos visitantes, a Febratex apresenta in\u00fameros motivos que despertam interesse em quem pensa em estar no evento, como:&nbsp;<\/p>\n\n\n\n<ul class=\"wp-block-list\">\n<li><strong>Diversidade de marcas e conte\u00fados: com mais de 35 mil m\u00b2 de \u00e1rea, s\u00e3o esperados mais de 500 estandes, de 2.700 marcas expositoras, configura\u00e7\u00e3o que promove uma grande diversidade de conte\u00fado para o mercado t\u00eaxtil.<\/strong><\/li>\n\n\n\n<li>Foco em temas atuais: a Febratex 360, com essa tem\u00e1tica, prop\u00f5e foco na economia circular, na sustentabilidade e inova\u00e7\u00e3o da ind\u00fastria que cria a moda no Brasil.<\/li>\n\n\n\n<li>Apresenta\u00e7\u00f5es que visam o conhecimento: A feira ir\u00e1 promover o conhecimento da \u00e1rea com podcast, confer\u00eancias e palestras, com especialistas e refer\u00eancias no setor.<\/li>\n<\/ul>\n\n\n\n<ul class=\"wp-block-list\">\n<li><strong>Espa\u00e7o Startup Corner<\/strong>: o evento ter\u00e1 um espa\u00e7o exclusivo para a apresenta\u00e7\u00e3o das Startups, para promover a inova\u00e7\u00e3o no ramo t\u00eaxtil, oportunizar o crescimento de empresas e fomentar neg\u00f3cios.<\/li>\n\n\n\n<li><strong>Preview da Febratex Summit<\/strong>: o preview ser\u00e1 um dia de conte\u00fados especiais sobre as novidades e tudo o que vai acontecer no Febratex Summit, em 2025.<\/li>\n<\/ul>\n\n\n\n<p>Para mais informa\u00e7\u00f5es e inscri\u00e7\u00f5es acesse&nbsp;<a href=\"http:\/\/febratex.com.br\/\" target=\"_blank\" rel=\"noreferrer noopener\">febratex.com.br<\/a>.<\/p>\n","protected":false},"excerpt":{"rendered":"<p>Cerca de 57 mil visitantes s\u00e3o esperados na feira, com inscri\u00e7\u00f5es gratuitas feitas 100% online at\u00e9 o dia 15 de agosto. A expectativa da organiza\u00e7\u00e3o para a 18\u00aa Febratex \u00e9 receber cerca de 57 mil visitantes durante os quatro dias de feira. Com credenciamento antecipado e feito de forma 100% online pelo&nbsp;site do evento, as [&hellip;]<\/p>\n","protected":false},"author":2,"featured_media":2702,"comment_status":"open","ping_status":"open","sticky":false,"template":"","format":"standard","meta":{"footnotes":""},"categories":[23],"tags":[],"class_list":{"0":"post-2701","1":"post","2":"type-post","3":"status-publish","4":"format-standard","5":"has-post-thumbnail","7":"category-feirasdenegocios"},"_links":{"self":[{"href":"https:\/\/tveventos.tv.br\/index.php?rest_route=\/wp\/v2\/posts\/2701","targetHints":{"allow":["GET"]}}],"collection":[{"href":"https:\/\/tveventos.tv.br\/index.php?rest_route=\/wp\/v2\/posts"}],"about":[{"href":"https:\/\/tveventos.tv.br\/index.php?rest_route=\/wp\/v2\/types\/post"}],"author":[{"embeddable":true,"href":"https:\/\/tveventos.tv.br\/index.php?rest_route=\/wp\/v2\/users\/2"}],"replies":[{"embeddable":true,"href":"https:\/\/tveventos.tv.br\/index.php?rest_route=%2Fwp%2Fv2%2Fcomments&post=2701"}],"version-history":[{"count":1,"href":"https:\/\/tveventos.tv.br\/index.php?rest_route=\/wp\/v2\/posts\/2701\/revisions"}],"predecessor-version":[{"id":2703,"href":"https:\/\/tveventos.tv.br\/index.php?rest_route=\/wp\/v2\/posts\/2701\/revisions\/2703"}],"wp:featuredmedia":[{"embeddable":true,"href":"https:\/\/tveventos.tv.br\/index.php?rest_route=\/wp\/v2\/media\/2702"}],"wp:attachment":[{"href":"https:\/\/tveventos.tv.br\/index.php?rest_route=%2Fwp%2Fv2%2Fmedia&parent=2701"}],"wp:term":[{"taxonomy":"category","embeddable":true,"href":"https:\/\/tveventos.tv.br\/index.php?rest_route=%2Fwp%2Fv2%2Fcategories&post=2701"},{"taxonomy":"post_tag","embeddable":true,"href":"https:\/\/tveventos.tv.br\/index.php?rest_route=%2Fwp%2Fv2%2Ftags&post=2701"}],"curies":[{"name":"wp","href":"https:\/\/api.w.org\/{rel}","templated":true}]}}