{"id":2704,"date":"2024-07-31T17:30:32","date_gmt":"2024-07-31T20:30:32","guid":{"rendered":"https:\/\/tveventos.tv.br\/?p=2704"},"modified":"2024-07-31T17:30:36","modified_gmt":"2024-07-31T20:30:36","slug":"casa-mulher-do-agro-e-atracao-inedita-da-9a-edicao-do-cnma","status":"publish","type":"post","link":"https:\/\/tveventos.tv.br\/?p=2704","title":{"rendered":"Casa Mulher do Agro \u00e9 atra\u00e7\u00e3o in\u00e9dita da 9\u00aa edi\u00e7\u00e3o do CNMA"},"content":{"rendered":"\n<p class=\"has-text-align-center\"><em>O espa\u00e7o conceito trar\u00e1 temas relacionados a sa\u00fade, carreira, bem-estar e autoestima<\/em>.<\/p>\n\n\n\n<p>Uma casa conceito, um ref\u00fagio de beleza, moda, arte, bem-estar e gastronomia. Esta \u00e9 a Casa Mulher do Agro, atra\u00e7\u00e3o in\u00e9dita e uma das novidades do 9\u00ba Congresso Nacional das Mulheres do Agroneg\u00f3cio &#8211; CNMA, o maior evento global direcionado \u00e0s mulheres do setor, que ocorrer\u00e1 nos dias 23 e 24 de outubro, no Transam\u00e9rica Expo Center, em S\u00e3o Paulo.<\/p>\n\n\n\n<p>A casa conceito reunir\u00e1 especialistas e trar\u00e1 <em>talks<\/em> e experi\u00eancias sobre beleza, arte, moda, bem-estar, empreendedorismo, entre outros temas.<\/p>\n\n\n\n<p>\u201cEstamos sempre em busca de proporcionar novas experi\u00eancias \u00e0s congressistas e, por isso, a Casa Mulher do Agro \u00e9 mais uma novidade na edi\u00e7\u00e3o deste ano. A ideia surgiu com o objetivo de proporcionar um ref\u00fagio dentro do Congresso para a troca de conhecimento e experi\u00eancias, por\u00e9m, com uma din\u00e2mica diferente, trazendo mais proximidade e temas fora do agro, mas igualmente importantes para as mulheres, como sua sa\u00fade, bem-estar e autoestima\u201d, conta a gerente de Desenvolvimento e Novos Neg\u00f3cios do Transam\u00e9rica Expo Center, Renata Camargo.<\/p>\n\n\n\n<p>A programa\u00e7\u00e3o ocorre entre os intervalos do Congresso, com <em>talks<\/em> e experi\u00eancias de 30 minutos e limite de 50 pessoas por sess\u00e3o. Entre os convidados est\u00e3o a dermatologista da Cl\u00ednica Camargo, Priscila Camargo, que tratar\u00e1 de temas como autoestima e autocuidado; a aromaterapeuta e CEO da Pomander \u2013 empresa respons\u00e1vel pela fragr\u00e2ncia \u201cAroma Mulher do Agro\u201d -, M\u00e1rcia Rissato, trazendo como foco quest\u00f5es relacionadas a sa\u00fade emocional e mental; a artista pl\u00e1stica e designer Camila Klein, que compartilhar\u00e1 um pouco das suas experi\u00eancias em um bate-papo com as participantes. A Casa ter\u00e1 ainda a diretora da Comiss\u00e3o Executiva do Plano da Lavoura Cacaueira \u2013 Ceplac, ligada ao Minist\u00e9rio da Agricultura e Pecu\u00e1ria (MAPA), Lucimara Chiari e o pesquisador da Ceplac\/MAPA, Carlyle Brito Matos, falando sobre o cacau e seus derivados; a designer de joias Melina Machado; a especialista em gest\u00e3o no agroneg\u00f3cio Alessandra Decicino e a estilista C\u00edntia Rousselet Longhi, propriet\u00e1ria e CEO da marca de roupas Chiara Concept.<\/p>\n\n\n\n<p>O espa\u00e7o tamb\u00e9m ter\u00e1 uma cafeteria exclusiva 3 Cora\u00e7\u00f5es e a uma loja com produtos exclusivos do CNMA, como sabonete l\u00edquido, difusor, a fragr\u00e2ncia Aroma da Mulher do Agro, bon\u00e9s, entre outros.<\/p>\n\n\n\n<p><strong>&nbsp;Experi\u00eancia completa<\/strong><\/p>\n\n\n\n<p>Al\u00e9m dos conte\u00fados trazidos pelas convidas, as participantes ter\u00e3o experi\u00eancias exclusivas proporcionadas por parceiros como a marca 3 Cora\u00e7\u00f5es e a Ceplac.<\/p>\n\n\n\n<p>Com uma cafeteria exclusiva dentro da Casa Mulher do Agro, a 3 Cora\u00e7\u00f5es traz a expertise da barista Carolina Barreto, formada em gastronomia, confeitaria e panifica\u00e7\u00e3o. Barista e sommeli\u00e8re, ela passou por renomados restaurantes como D.O.M., Famiglia Mancini e La Casserole. Ap\u00f3s uma temporada na Espanha, se encantou pelo caf\u00e9 e h\u00e1 12 anos atua no ramo \u2013 dos quais seis trabalhando no segmento profissional do Grupo 3 Cora\u00e7\u00f5es.<\/p>\n\n\n\n<p>A produtora de caf\u00e9s especiais, embaixadora do Projeto Florada Premiada do grupo 3 Cora\u00e7\u00f5es e gestora da Fazenda Capoeira Coffee, Marisa Helena Contreras, tamb\u00e9m estar\u00e1 presente preparando drinks com caf\u00e9.<\/p>\n\n\n\n<p>J\u00e1 a Ceplac, ligada ao Minist\u00e9rio da Agricultura e Pecu\u00e1ria trar\u00e1 a experi\u00eancia \u201cDel\u00edcias do cacau\u201d em um espa\u00e7o no qual as mulheres poder\u00e3o degustar diferentes tipos de chocolates, al\u00e9m da demonstra\u00e7\u00e3o de mudas e frutos de cacau. \u201cLevaremos a experi\u00eancia da cadeia produtiva do cacau, do sistema agroalimentar do cacau e chocolate e as experi\u00eancias dos produtores no sul da Bahia. Contextualizaremos a atua\u00e7\u00e3o da Ceplac no processo de verticaliza\u00e7\u00e3o produtiva do cacau e seus derivados e como as mulheres agro empreendedoras podem utilizar iniciativas inovadoras e sustent\u00e1veis\u201d, conta o pesquisador da Ceplac\/MAPA, Carlyle Brito Matos. \u201cVejo a Casa Mulher do Agro como um ambiente crucial para fortalecer o papel das mulheres no agroneg\u00f3cio, oferecendo suporte, capacita\u00e7\u00e3o e recursos necess\u00e1rios para que possam expandir suas habilidades e contribuir ainda mais para o desenvolvimento sustent\u00e1vel e econ\u00f4mico do Pa\u00eds\u201d, complementa Carlyle sobre a novidade.<\/p>\n\n\n\n<p><strong>CNMA 2024<\/strong><\/p>\n\n\n\n<p>Com o tema \u201cMulher Agro Brasileira: Voz para o Mundo&#8221;, o CNMA 2024 tem como principal objetivo utilizar a for\u00e7a da voz das mulheres como meio de expandir a vis\u00e3o global sobre o agroneg\u00f3cio brasileiro e ajudar a criar uma percep\u00e7\u00e3o justa do setor. Para esta edi\u00e7\u00e3o s\u00e3o esperadas mais de 3.000 congressistas. As inscri\u00e7\u00f5es podem ser realizadas pelo site <a href=\"https:\/\/www.mulheresdoagro.com.br\/inscricao\/\">mulheresdoagro.com.br\/inscricao\/<\/a>. Mais informa\u00e7\u00f5es tamb\u00e9m podem ser acessadas pelo Instagram do evento <a href=\"https:\/\/www.instagram.com\/congressodasmulheresdoagro\/\">@congressodasmulheresdoagro<\/a>.<\/p>\n","protected":false},"excerpt":{"rendered":"<p>O espa\u00e7o conceito trar\u00e1 temas relacionados a sa\u00fade, carreira, bem-estar e autoestima. Uma casa conceito, um ref\u00fagio de beleza, moda, arte, bem-estar e gastronomia. Esta \u00e9 a Casa Mulher do Agro, atra\u00e7\u00e3o in\u00e9dita e uma das novidades do 9\u00ba Congresso Nacional das Mulheres do Agroneg\u00f3cio &#8211; CNMA, o maior evento global direcionado \u00e0s mulheres do [&hellip;]<\/p>\n","protected":false},"author":2,"featured_media":2705,"comment_status":"open","ping_status":"open","sticky":false,"template":"","format":"standard","meta":{"footnotes":""},"categories":[23],"tags":[],"class_list":{"0":"post-2704","1":"post","2":"type-post","3":"status-publish","4":"format-standard","5":"has-post-thumbnail","7":"category-feirasdenegocios"},"_links":{"self":[{"href":"https:\/\/tveventos.tv.br\/index.php?rest_route=\/wp\/v2\/posts\/2704","targetHints":{"allow":["GET"]}}],"collection":[{"href":"https:\/\/tveventos.tv.br\/index.php?rest_route=\/wp\/v2\/posts"}],"about":[{"href":"https:\/\/tveventos.tv.br\/index.php?rest_route=\/wp\/v2\/types\/post"}],"author":[{"embeddable":true,"href":"https:\/\/tveventos.tv.br\/index.php?rest_route=\/wp\/v2\/users\/2"}],"replies":[{"embeddable":true,"href":"https:\/\/tveventos.tv.br\/index.php?rest_route=%2Fwp%2Fv2%2Fcomments&post=2704"}],"version-history":[{"count":1,"href":"https:\/\/tveventos.tv.br\/index.php?rest_route=\/wp\/v2\/posts\/2704\/revisions"}],"predecessor-version":[{"id":2706,"href":"https:\/\/tveventos.tv.br\/index.php?rest_route=\/wp\/v2\/posts\/2704\/revisions\/2706"}],"wp:featuredmedia":[{"embeddable":true,"href":"https:\/\/tveventos.tv.br\/index.php?rest_route=\/wp\/v2\/media\/2705"}],"wp:attachment":[{"href":"https:\/\/tveventos.tv.br\/index.php?rest_route=%2Fwp%2Fv2%2Fmedia&parent=2704"}],"wp:term":[{"taxonomy":"category","embeddable":true,"href":"https:\/\/tveventos.tv.br\/index.php?rest_route=%2Fwp%2Fv2%2Fcategories&post=2704"},{"taxonomy":"post_tag","embeddable":true,"href":"https:\/\/tveventos.tv.br\/index.php?rest_route=%2Fwp%2Fv2%2Ftags&post=2704"}],"curies":[{"name":"wp","href":"https:\/\/api.w.org\/{rel}","templated":true}]}}