{"id":2707,"date":"2024-08-01T12:02:37","date_gmt":"2024-08-01T15:02:37","guid":{"rendered":"https:\/\/tveventos.tv.br\/?p=2707"},"modified":"2024-08-01T12:02:39","modified_gmt":"2024-08-01T15:02:39","slug":"10-anos-apos-edicao-em-salvador-ihrsa-fitness-brasil-registra-alta-procura-de-profissionais-da-bahia","status":"publish","type":"post","link":"https:\/\/tveventos.tv.br\/?p=2707","title":{"rendered":"10 anos ap\u00f3s edi\u00e7\u00e3o em Salvador, IHRSA Fitness Brasil registra alta procura de profissionais da Bahia"},"content":{"rendered":"\n<p class=\"has-text-align-center\"><em>Estado \u00e9 um dos principais focos de neg\u00f3cios de academias e atividades ao ar livre no Brasil e tem puxado desenvolvimento do segmento no Nordeste<\/em>.<\/p>\n\n\n\n<p>Maior evento da ind\u00fastria fitness, sa\u00fade e bem-estar da Am\u00e9rica Latina, a\u00a0<a href=\"https:\/\/www.fitnessbrasil.com.br\/ihrsa2024-home\/\" target=\"_blank\" rel=\"noreferrer noopener\">IHRSA Fitness Brasil<\/a>\u00a0ser\u00e1 realizada entre os dias 22 e 24 de agosto, em S\u00e3o Paulo. E, 10 anos depois da \u00faltima vez que esteve em Salvador, o encontro tem tido o p\u00fablico soteropolitano como um dos principais focos, com o alto potencial apresentado pela regi\u00e3o. At\u00e9 2015, a IHRSA Fitness Brasil teve edi\u00e7\u00e3o na capital baiana, contando com o peso do mercado do Estado dentro do mundo fitness. Agora, em S\u00e3o Paulo, a feira recebe o interesse crescente da regi\u00e3o.<\/p>\n\n\n\n<p>Segundo Fabio Saba, diretor educacional da\u00a0<a href=\"https:\/\/www.fitnessbrasil.com.br\/ihrsa2024-home\/\" target=\"_blank\" rel=\"noreferrer noopener\">IHRSA Fitness Brasil<\/a>, u<strong>m dos maiores interesses do p\u00fablico baiano est\u00e1 na qualifica\u00e7\u00e3o profissional, tanto em gest\u00e3o quanto em programas t\u00e9cnicos<\/strong>.\u201cO Brasil \u00e9 o segundo pa\u00eds do mundo em n\u00famero de centros de atividades f\u00edsicas, mas est\u00e1 fora do Top 10 que mais fatura com a ind\u00fastria. Ainda existe grande dificuldade em reter alunos nos centros de atividade f\u00edsica. A Bahia ilustra essa situa\u00e7\u00e3o como nenhum outro Estado. Por isso, h\u00e1 grande procura por esse caminho de profissionaliza\u00e7\u00e3o dentro da IHRSA Fitness Brasil\u201d, diz Saba.<\/p>\n\n\n\n<p>Segundo o&nbsp;<a href=\"https:\/\/www.fitnessbrasil.com.br\/panorama-setorial-2024-parte-1\/\" target=\"_blank\" rel=\"noreferrer noopener\">Panorama Setorial Fitness Brasil<\/a>,&nbsp;<strong>a Bahia \u00e9 o s\u00e9timo Estado brasileiro em n\u00famero de centros de atividade f\u00edsica.<\/strong>&nbsp;Em levantamento da Cortex divulgado no \u00faltimo ano, a Bahia ficou em quarto no n\u00famero de academias no Brasil.<\/p>\n\n\n\n<p>\u201cO mercado teve profundas mudan\u00e7as ao longo dos \u00faltimos 25 anos, desde a primeira&nbsp;<a href=\"https:\/\/www.fitnessbrasil.com.br\/ihrsa2024-home\/\" target=\"_blank\" rel=\"noreferrer noopener\">IHRSA Fitness Brasil<\/a>. Agora, estamos em um momento de aperfei\u00e7oamento, o que n\u00e3o \u00e9 simples.&nbsp;<strong>P\u00f3s-pandemia vemos servi\u00e7os mais personalizados e cada vez mais digitais, o que leva \u00e0 necessidade de gest\u00f5es ainda mais especializadas e cuidadosas<\/strong>. Essa \u00e9 uma dor que todo o mercado tem que lidar para crescer\u201d, completa Saba.<\/p>\n\n\n\n<p>Em 2024, a<strong>&nbsp;feira chegar\u00e1 \u00e0 sua 25\u00aa edi\u00e7\u00e3o e a&nbsp;<a href=\"https:\/\/www.fitnessbrasil.com.br\/ihrsa-2024-programacao-cursos\/\">programa\u00e7\u00e3o<\/a>&nbsp;conta com vasto conte\u00fado para gestores e propriet\u00e1rios de neg\u00f3cios na \u00e1rea fitness, coordenadores e l\u00edderes de academia<\/strong>, investidores interessados na \u00e1rea, profissionais de Educa\u00e7\u00e3o F\u00edsica, sa\u00fade, bem-estar e estudantes e j\u00e1 conta com mais de&nbsp;<a href=\"https:\/\/www.fitnessbrasil.com.br\/ihrsa-2024-palestrantes\/\">100 palestrantes confirmados<\/a>.<\/p>\n\n\n\n<p>O evento tem como Patrocinadores Diamante &nbsp;Konnen, Mormaii e Pacto. E Patrocinadores Ouro Buckler, Evo, Evoque Academias e Kikos.<\/p>\n\n\n\n<p>As inscri\u00e7\u00f5es para a&nbsp;<a href=\"https:\/\/www.fitnessbrasil.com.br\/ihrsa2024-home\/\">25\u00aa edi\u00e7\u00e3o da IHRSA Fitness Brasil<\/a>&nbsp;est\u00e3o abertas e podem ser realizadas&nbsp;<a href=\"https:\/\/www.fitnessbrasil.com.br\/ihrsa-2024-programacao-cursos\/\">AQUI.<\/a><\/p>\n\n\n\n<p><strong>IHRSA Fitness Brasil 2024<br><\/strong>Onde: Transam\u00e9rica Expo Center \u2013 Av. Dr. M\u00e1rio Vilas Boas Rodrigues, 387, Santo Amaro, S\u00e3o Paulo<br>Datas da FEIRA: quinta (22\/8) e sexta (23\/8), das 10h \u00e0s 21h; s\u00e1bado (24\/8), das 10h \u00e0s 20h<br>Datas do CONGRESSO: quinta (22\/8) e sexta (23\/8), das 8h30 \u00e0s 21h30; s\u00e1bado (24\/8), das 8h30 \u00e0s 17h30<br>Programa\u00e7\u00e3o completa&nbsp;<a href=\"https:\/\/www.fitnessbrasil.com.br\/ihrsa-2024-programacao-cursos\/\">aqui<\/a><\/p>\n","protected":false},"excerpt":{"rendered":"<p>Estado \u00e9 um dos principais focos de neg\u00f3cios de academias e atividades ao ar livre no Brasil e tem puxado desenvolvimento do segmento no Nordeste. Maior evento da ind\u00fastria fitness, sa\u00fade e bem-estar da Am\u00e9rica Latina, a\u00a0IHRSA Fitness Brasil\u00a0ser\u00e1 realizada entre os dias 22 e 24 de agosto, em S\u00e3o Paulo. E, 10 anos depois [&hellip;]<\/p>\n","protected":false},"author":2,"featured_media":2708,"comment_status":"open","ping_status":"open","sticky":false,"template":"","format":"standard","meta":{"footnotes":""},"categories":[23],"tags":[],"class_list":{"0":"post-2707","1":"post","2":"type-post","3":"status-publish","4":"format-standard","5":"has-post-thumbnail","7":"category-feirasdenegocios"},"_links":{"self":[{"href":"https:\/\/tveventos.tv.br\/index.php?rest_route=\/wp\/v2\/posts\/2707","targetHints":{"allow":["GET"]}}],"collection":[{"href":"https:\/\/tveventos.tv.br\/index.php?rest_route=\/wp\/v2\/posts"}],"about":[{"href":"https:\/\/tveventos.tv.br\/index.php?rest_route=\/wp\/v2\/types\/post"}],"author":[{"embeddable":true,"href":"https:\/\/tveventos.tv.br\/index.php?rest_route=\/wp\/v2\/users\/2"}],"replies":[{"embeddable":true,"href":"https:\/\/tveventos.tv.br\/index.php?rest_route=%2Fwp%2Fv2%2Fcomments&post=2707"}],"version-history":[{"count":1,"href":"https:\/\/tveventos.tv.br\/index.php?rest_route=\/wp\/v2\/posts\/2707\/revisions"}],"predecessor-version":[{"id":2709,"href":"https:\/\/tveventos.tv.br\/index.php?rest_route=\/wp\/v2\/posts\/2707\/revisions\/2709"}],"wp:featuredmedia":[{"embeddable":true,"href":"https:\/\/tveventos.tv.br\/index.php?rest_route=\/wp\/v2\/media\/2708"}],"wp:attachment":[{"href":"https:\/\/tveventos.tv.br\/index.php?rest_route=%2Fwp%2Fv2%2Fmedia&parent=2707"}],"wp:term":[{"taxonomy":"category","embeddable":true,"href":"https:\/\/tveventos.tv.br\/index.php?rest_route=%2Fwp%2Fv2%2Fcategories&post=2707"},{"taxonomy":"post_tag","embeddable":true,"href":"https:\/\/tveventos.tv.br\/index.php?rest_route=%2Fwp%2Fv2%2Ftags&post=2707"}],"curies":[{"name":"wp","href":"https:\/\/api.w.org\/{rel}","templated":true}]}}