{"id":2710,"date":"2024-08-01T17:35:09","date_gmt":"2024-08-01T20:35:09","guid":{"rendered":"https:\/\/tveventos.tv.br\/?p=2710"},"modified":"2024-08-01T17:35:11","modified_gmt":"2024-08-01T20:35:11","slug":"feninjer","status":"publish","type":"post","link":"https:\/\/tveventos.tv.br\/?p=2710","title":{"rendered":"FENINJER"},"content":{"rendered":"\n<p>A Feira Nacional da Ind\u00fastria de J\u00f3ias, Rel\u00f3gios e Afins \u00e9 o maior e mais importante evento do setor joalheiro na Am\u00e9rica do Sul. Reconhecida por empres\u00e1rios joalheiros como refer\u00eancia em joias com design e garantia de qualidade, a FENINJER+ tra\u00e7ou seu DNA de sucesso ao longo de 78 edi\u00e7\u00f5es e tornou-se l\u00edder em seu segmento, apontando os rumos do mercado.<\/p>\n\n\n\n<p>Os compradores nacionais e estrangeiros, segmentados entre varejistas e atacadistas, visitam a Feira para abastecer seus estoques, aprimorar suas estrat\u00e9gias comerciais, atualizar seus conhecimentos e promover networking por meio da troca de experi\u00eancias entre os empres\u00e1rios.<\/p>\n\n\n\n<p>Junte-se a n\u00f3s nos dias 05 a 08 de agosto, no Transam\u00e9rica Expo Center.<\/p>\n\n\n\n<p>Hor\u00e1rios: Segunda a quarta das 10h \u00e0s 22h;<\/p>\n\n\n\n<p>Quinta das 10h \u00e0s 18h.<\/p>\n\n\n\n<p>Endere\u00e7o: Av. Dr. M\u00e1rio Vilas Boas Rodrigues 387, S\u00e3o Paulo, SP, 04757-020<\/p>\n","protected":false},"excerpt":{"rendered":"<p>A Feira Nacional da Ind\u00fastria de J\u00f3ias, Rel\u00f3gios e Afins \u00e9 o maior e mais importante evento do setor joalheiro na Am\u00e9rica do Sul. Reconhecida por empres\u00e1rios joalheiros como refer\u00eancia em joias com design e garantia de qualidade, a FENINJER+ tra\u00e7ou seu DNA de sucesso ao longo de 78 edi\u00e7\u00f5es e tornou-se l\u00edder em seu [&hellip;]<\/p>\n","protected":false},"author":3,"featured_media":2711,"comment_status":"open","ping_status":"open","sticky":false,"template":"","format":"standard","meta":{"footnotes":""},"categories":[25],"tags":[],"class_list":{"0":"post-2710","1":"post","2":"type-post","3":"status-publish","4":"format-standard","5":"has-post-thumbnail","7":"category-calendariodeeventos"},"_links":{"self":[{"href":"https:\/\/tveventos.tv.br\/index.php?rest_route=\/wp\/v2\/posts\/2710","targetHints":{"allow":["GET"]}}],"collection":[{"href":"https:\/\/tveventos.tv.br\/index.php?rest_route=\/wp\/v2\/posts"}],"about":[{"href":"https:\/\/tveventos.tv.br\/index.php?rest_route=\/wp\/v2\/types\/post"}],"author":[{"embeddable":true,"href":"https:\/\/tveventos.tv.br\/index.php?rest_route=\/wp\/v2\/users\/3"}],"replies":[{"embeddable":true,"href":"https:\/\/tveventos.tv.br\/index.php?rest_route=%2Fwp%2Fv2%2Fcomments&post=2710"}],"version-history":[{"count":1,"href":"https:\/\/tveventos.tv.br\/index.php?rest_route=\/wp\/v2\/posts\/2710\/revisions"}],"predecessor-version":[{"id":2712,"href":"https:\/\/tveventos.tv.br\/index.php?rest_route=\/wp\/v2\/posts\/2710\/revisions\/2712"}],"wp:featuredmedia":[{"embeddable":true,"href":"https:\/\/tveventos.tv.br\/index.php?rest_route=\/wp\/v2\/media\/2711"}],"wp:attachment":[{"href":"https:\/\/tveventos.tv.br\/index.php?rest_route=%2Fwp%2Fv2%2Fmedia&parent=2710"}],"wp:term":[{"taxonomy":"category","embeddable":true,"href":"https:\/\/tveventos.tv.br\/index.php?rest_route=%2Fwp%2Fv2%2Fcategories&post=2710"},{"taxonomy":"post_tag","embeddable":true,"href":"https:\/\/tveventos.tv.br\/index.php?rest_route=%2Fwp%2Fv2%2Ftags&post=2710"}],"curies":[{"name":"wp","href":"https:\/\/api.w.org\/{rel}","templated":true}]}}