{"id":2713,"date":"2024-08-01T17:41:24","date_gmt":"2024-08-01T20:41:24","guid":{"rendered":"https:\/\/tveventos.tv.br\/?p=2713"},"modified":"2024-08-01T17:41:27","modified_gmt":"2024-08-01T20:41:27","slug":"bijoias-2","status":"publish","type":"post","link":"https:\/\/tveventos.tv.br\/?p=2713","title":{"rendered":"BIJOIAS"},"content":{"rendered":"\n<p>A BIJOIAS \u00e9 a maior e mais representativa feira de neg\u00f3cios do segmento de bijuterias, j\u00f3ias de prata, folheados e semijoias da Am\u00e9rica Latina, destinada exclusivamente a lojistas, revendedores, atacadistas, distribuidores e profissionais do setor.<\/p>\n\n\n\n<p>Realizada quatro vezes ao ano, com edi\u00e7\u00f5es sempre pr\u00f3ximas a datas comercialmente fortes, a BIJOIAS apresenta aos mais de 5 mil compradores nacionais e internacionais, que comparecem a cada uma de suas edi\u00e7\u00f5es, as novidades de renomados designers e tradicionais nomes da ind\u00fastria que atendem pelo sistema pronta entrega.<\/p>\n\n\n\n<p>Junte-se a n\u00f3s nos dias 06 a 07 de agosto, no Centro de Conven\u00e7\u00f5es Frei Caneca.&nbsp;<\/p>\n\n\n\n<p>Hor\u00e1rios: Ter\u00e7a das 09h \u00e0s 19h;<\/p>\n\n\n\n<p>Quarta das 09 \u00e0s 18h.<\/p>\n\n\n\n<p>Endere\u00e7o: Rua Frei Caneca 569, S\u00e3o Paulo, SP, 01307-001 &nbsp;<\/p>\n","protected":false},"excerpt":{"rendered":"<p>A BIJOIAS \u00e9 a maior e mais representativa feira de neg\u00f3cios do segmento de bijuterias, j\u00f3ias de prata, folheados e semijoias da Am\u00e9rica Latina, destinada exclusivamente a lojistas, revendedores, atacadistas, distribuidores e profissionais do setor. Realizada quatro vezes ao ano, com edi\u00e7\u00f5es sempre pr\u00f3ximas a datas comercialmente fortes, a BIJOIAS apresenta aos mais de 5 [&hellip;]<\/p>\n","protected":false},"author":3,"featured_media":2714,"comment_status":"open","ping_status":"open","sticky":false,"template":"","format":"standard","meta":{"footnotes":""},"categories":[25],"tags":[],"class_list":{"0":"post-2713","1":"post","2":"type-post","3":"status-publish","4":"format-standard","5":"has-post-thumbnail","7":"category-calendariodeeventos"},"_links":{"self":[{"href":"https:\/\/tveventos.tv.br\/index.php?rest_route=\/wp\/v2\/posts\/2713","targetHints":{"allow":["GET"]}}],"collection":[{"href":"https:\/\/tveventos.tv.br\/index.php?rest_route=\/wp\/v2\/posts"}],"about":[{"href":"https:\/\/tveventos.tv.br\/index.php?rest_route=\/wp\/v2\/types\/post"}],"author":[{"embeddable":true,"href":"https:\/\/tveventos.tv.br\/index.php?rest_route=\/wp\/v2\/users\/3"}],"replies":[{"embeddable":true,"href":"https:\/\/tveventos.tv.br\/index.php?rest_route=%2Fwp%2Fv2%2Fcomments&post=2713"}],"version-history":[{"count":1,"href":"https:\/\/tveventos.tv.br\/index.php?rest_route=\/wp\/v2\/posts\/2713\/revisions"}],"predecessor-version":[{"id":2715,"href":"https:\/\/tveventos.tv.br\/index.php?rest_route=\/wp\/v2\/posts\/2713\/revisions\/2715"}],"wp:featuredmedia":[{"embeddable":true,"href":"https:\/\/tveventos.tv.br\/index.php?rest_route=\/wp\/v2\/media\/2714"}],"wp:attachment":[{"href":"https:\/\/tveventos.tv.br\/index.php?rest_route=%2Fwp%2Fv2%2Fmedia&parent=2713"}],"wp:term":[{"taxonomy":"category","embeddable":true,"href":"https:\/\/tveventos.tv.br\/index.php?rest_route=%2Fwp%2Fv2%2Fcategories&post=2713"},{"taxonomy":"post_tag","embeddable":true,"href":"https:\/\/tveventos.tv.br\/index.php?rest_route=%2Fwp%2Fv2%2Ftags&post=2713"}],"curies":[{"name":"wp","href":"https:\/\/api.w.org\/{rel}","templated":true}]}}