{"id":2785,"date":"2024-08-06T16:53:05","date_gmt":"2024-08-06T19:53:05","guid":{"rendered":"https:\/\/tveventos.tv.br\/?p=2785"},"modified":"2024-08-06T16:53:09","modified_gmt":"2024-08-06T19:53:09","slug":"encontro-farmarcas-2024-um-evento-de-oportunidades-e-conexoes-no-setor-farmaceutico","status":"publish","type":"post","link":"https:\/\/tveventos.tv.br\/?p=2785","title":{"rendered":"Encontro Farmarcas 2024: um evento de oportunidades e conex\u00f5es no setor farmac\u00eautico"},"content":{"rendered":"\n<p class=\"has-text-align-center\">A edi\u00e7\u00e3o deste ano ocorrer\u00e1 entre os dias 28 e 31 de agosto em S\u00e3o Paulo, com uma programa\u00e7\u00e3o diversificada que inclui palestras, neg\u00f3cios e confraterniza\u00e7\u00f5es.<\/p>\n\n\n\n<p>O Encontro Farmarcas 2024 est\u00e1 se aproximando, prometendo ser um evento imperd\u00edvel que molda o dia a dia de centenas de farm\u00e1cias pelo Brasil, al\u00e9m de ter grande impacto econ\u00f4mico para a ind\u00fastria e parceiros do setor farmac\u00eautico. A edi\u00e7\u00e3o deste ano ocorrer\u00e1 entre os dias 28 e 31 de agosto em S\u00e3o Paulo, com uma programa\u00e7\u00e3o diversificada que inclui palestras, neg\u00f3cios e confraterniza\u00e7\u00f5es.<br>&nbsp;<\/p>\n\n\n\n<p>Aproximadamente 5 mil participantes s\u00e3o esperados, entre expositores, associados, colaboradores e convidados. Ser\u00e3o 95 estandes ocupados pelos principais nomes da ind\u00fastria farmac\u00eautica e da distribui\u00e7\u00e3o, proporcionando um ambiente rico em oportunidades de neg\u00f3cios e networking.<\/p>\n\n\n\n<p>Segundo \u00c2ngelo Vieira, diretor de comunica\u00e7\u00e3o da Farmarcas, a expectativa do evento \u00e9 movimentar mais de 200 milh\u00f5es de reais em negocia\u00e7\u00f5es. Ele prev\u00ea um crescimento de cerca de 20% em rela\u00e7\u00e3o \u00e0 edi\u00e7\u00e3o anterior, indicando um evento robusto e bem-sucedido.<br>&nbsp;<\/p>\n\n\n\n<p>O evento tem destaque o Encontro de Neg\u00f3cios, que acontece no dia 29 no espa\u00e7o Pro Magno, uma feira de neg\u00f3cios que aquece o mercado farmac\u00eautico. Os participantes se preparam estrategicamente para essa ocasi\u00e3o, proporcionando \u00f3timas oportunidades comerciais e fortalecendo as parcerias. Outro destaque \u00e9 o ciclo de palestras que traz conte\u00fados fundamentais para que os participantes se mantenham na lideran\u00e7a desse mercado e o tradicional Jantar Anual.<br>&nbsp;<\/p>\n\n\n\n<p>Este ano, uma novidade especial \u00e9 que o jantar de encerramento ser\u00e1 realizado nas rec\u00e9m renovadas instala\u00e7\u00f5es do Anhembi. Isso promete trazer uma experi\u00eancia \u00fanica aos participantes. Todos os dias do evento s\u00e3o reservados para associados e convidados.<br>&nbsp;<\/p>\n\n\n\n<p><strong>Expectativas e impacto do evento<\/strong><\/p>\n\n\n\n<p>&#8220;Estamos preparando um evento surpreendente para nossos associados e parceiros. O Encontro Farmarcas \u00e9 uma oportunidade \u00fanica para fortalecer rela\u00e7\u00f5es, trocar experi\u00eancias e explorar novas possibilidades de neg\u00f3cios&#8221;, detalha Guto Zavarelli, gerente de marketing da Farmarcas.<\/p>\n\n\n\n<p><br>Para isso, a organiza\u00e7\u00e3o do evento est\u00e1 adotando uma abordagem de comunica\u00e7\u00e3o mais agressiva para destacar a relev\u00e2ncia do evento em compara\u00e7\u00e3o com concorrentes. Guto explica: &#8220;Atrav\u00e9s do planejamento que fizemos para 2024, estamos ajustando a narrativa do nosso evento de acordo com a relev\u00e2ncia que j\u00e1 empenhamos aos p\u00fablicos envolvidos e para o mercado.\u201d<br>&nbsp;<\/p>\n\n\n\n<p><strong>Estrat\u00e9gia de comunica\u00e7\u00e3o e promo\u00e7\u00e3o<\/strong><\/p>\n\n\n\n<p>Para garantir o sucesso do evento, a Farmarcas implementou uma estrat\u00e9gia de comunica\u00e7\u00e3o robusta:<\/p>\n\n\n\n<ul class=\"wp-block-list\">\n<li><strong>Frequ\u00eancia e qualidade nas redes sociais<\/strong>: O evento busca maior engajamento nas redes sociais em compara\u00e7\u00e3o com os demais eventos do segmento.<\/li>\n\n\n\n<li><strong>Estrat\u00e9gia de comunica\u00e7\u00e3o<\/strong>: Aumentar a frequ\u00eancia e antecipar a comunica\u00e7\u00e3o, iniciando-a com anteced\u00eancia, trazendo o cen\u00e1rio de pr\u00e9-produ\u00e7\u00e3o de um grande evento e estendendo a comunica\u00e7\u00e3o p\u00f3s-evento com resultados e impactos gerados nas din\u00e2micas de neg\u00f3cios.<\/li>\n\n\n\n<li><strong>Cobertura de m\u00eddia<\/strong>: Iniciar a cobertura de m\u00eddia antecipadamente e envolver a imprensa durante e imediatamente ap\u00f3s o evento.<br>\u00a0<\/li>\n<\/ul>\n\n\n\n<p>O Encontro Farmarcas n\u00e3o \u00e9 apenas um evento de networking e neg\u00f3cios, mas tamb\u00e9m um motor significativo para o mercado farmac\u00eautico em agosto. A reestrutura\u00e7\u00e3o planejada para o pr\u00f3ximo ano visa ampliar a participa\u00e7\u00e3o de m\u00eddia e empres\u00e1rios, introduzindo mudan\u00e7as estruturais que elevar\u00e3o ainda mais a qualidade do evento.<br>&nbsp;<\/p>\n\n\n\n<p>Paulo Costa, diretor geral da Farmarcas, destaca: &#8220;O crescimento cont\u00ednuo do nosso evento reflete o aumento da confian\u00e7a do mercado em nossa organiza\u00e7\u00e3o. Estamos engajados em mais uma vez surpreender a todos com a organiza\u00e7\u00e3o e as oportunidades apresentadas.&#8221;<br>&nbsp;<\/p>\n\n\n\n<p><strong>Sobre a Farmarcas<\/strong><\/p>\n\n\n\n<p>A Farmarcas \u00e9 uma administradora de redes de farm\u00e1cias formada por mais de 1.600 lojas de 11 redes (AC Farma, Bigfort, Drogarias Maestra, Entrefarma, Farma100, Farmavale, Maisfarma, Maxi Popular, Mega Pharma, Super Popular e Ultra Popular). Desde 2012, a Farmarcas tem auxiliado centenas de empres\u00e1rios independentes, oferecendo orienta\u00e7\u00e3o, apoio e suporte constantes, al\u00e9m do acesso a ferramentas de gest\u00e3o diferenciadas.<br>&nbsp;<\/p>\n\n\n\n<p>Com uma vis\u00e3o focada no cuidado com as pessoas, a Farmarcas busca ser reconhecida como a melhor e mais eficiente gestora de agrupamentos de drogarias do Brasil, promovendo prosperidade e realiza\u00e7\u00e3o pessoal para seus associados.<\/p>\n","protected":false},"excerpt":{"rendered":"<p>A edi\u00e7\u00e3o deste ano ocorrer\u00e1 entre os dias 28 e 31 de agosto em S\u00e3o Paulo, com uma programa\u00e7\u00e3o diversificada que inclui palestras, neg\u00f3cios e confraterniza\u00e7\u00f5es. O Encontro Farmarcas 2024 est\u00e1 se aproximando, prometendo ser um evento imperd\u00edvel que molda o dia a dia de centenas de farm\u00e1cias pelo Brasil, al\u00e9m de ter grande impacto [&hellip;]<\/p>\n","protected":false},"author":2,"featured_media":2786,"comment_status":"open","ping_status":"open","sticky":false,"template":"","format":"standard","meta":{"footnotes":""},"categories":[23],"tags":[],"class_list":{"0":"post-2785","1":"post","2":"type-post","3":"status-publish","4":"format-standard","5":"has-post-thumbnail","7":"category-feirasdenegocios"},"_links":{"self":[{"href":"https:\/\/tveventos.tv.br\/index.php?rest_route=\/wp\/v2\/posts\/2785","targetHints":{"allow":["GET"]}}],"collection":[{"href":"https:\/\/tveventos.tv.br\/index.php?rest_route=\/wp\/v2\/posts"}],"about":[{"href":"https:\/\/tveventos.tv.br\/index.php?rest_route=\/wp\/v2\/types\/post"}],"author":[{"embeddable":true,"href":"https:\/\/tveventos.tv.br\/index.php?rest_route=\/wp\/v2\/users\/2"}],"replies":[{"embeddable":true,"href":"https:\/\/tveventos.tv.br\/index.php?rest_route=%2Fwp%2Fv2%2Fcomments&post=2785"}],"version-history":[{"count":1,"href":"https:\/\/tveventos.tv.br\/index.php?rest_route=\/wp\/v2\/posts\/2785\/revisions"}],"predecessor-version":[{"id":2787,"href":"https:\/\/tveventos.tv.br\/index.php?rest_route=\/wp\/v2\/posts\/2785\/revisions\/2787"}],"wp:featuredmedia":[{"embeddable":true,"href":"https:\/\/tveventos.tv.br\/index.php?rest_route=\/wp\/v2\/media\/2786"}],"wp:attachment":[{"href":"https:\/\/tveventos.tv.br\/index.php?rest_route=%2Fwp%2Fv2%2Fmedia&parent=2785"}],"wp:term":[{"taxonomy":"category","embeddable":true,"href":"https:\/\/tveventos.tv.br\/index.php?rest_route=%2Fwp%2Fv2%2Fcategories&post=2785"},{"taxonomy":"post_tag","embeddable":true,"href":"https:\/\/tveventos.tv.br\/index.php?rest_route=%2Fwp%2Fv2%2Ftags&post=2785"}],"curies":[{"name":"wp","href":"https:\/\/api.w.org\/{rel}","templated":true}]}}