{"id":2788,"date":"2024-08-06T17:02:41","date_gmt":"2024-08-06T20:02:41","guid":{"rendered":"https:\/\/tveventos.tv.br\/?p=2788"},"modified":"2024-08-06T17:02:45","modified_gmt":"2024-08-06T20:02:45","slug":"fenasucro-agrocana-senai-sp-destaca-importancia-da-qualificacao-profissional-no-setor-da-bioenergia","status":"publish","type":"post","link":"https:\/\/tveventos.tv.br\/?p=2788","title":{"rendered":"Fenasucro &amp; Agrocana: SENAI-SP destaca import\u00e2ncia da qualifica\u00e7\u00e3o profissional no setor da bioenergia"},"content":{"rendered":"\n<p class=\"has-text-align-center\"><em>Estudo da Brasscom estima que, at\u00e9 2025, o d\u00e9ficit de profissionais para atender \u00e0s demandas da ind\u00fastria de energia limpa chegue a 532 mil;tema estar\u00e1 em debate durante o evento, que ser\u00e1 realizado entre os dias 13 e 16 de agosto, em Sert\u00e3ozinho\/SP<\/em>.<\/p>\n\n\n\n<p>A escalada do aquecimento global nos \u00faltimos anos evidencia o quanto o processo de transi\u00e7\u00e3o energ\u00e9tica \u00e9 uma demanda importante e urgente. O tema tem sido o centro de discuss\u00f5es e de planejamentos em diversos pa\u00edses. Entre os maiores produtores de biocombust\u00edveis do mundo, o Brasil \u00e9 considerado autoridade no assunto, com um mercado crescente e em constante evolu\u00e7\u00e3o. Hoje, o principal desafio enfrentado pelo setor, para que ele atinja sua m\u00e1xima potencialidade, \u00e9 a falta de m\u00e3o de obra especializada.<\/p>\n\n\n\n<p>Um estudo realizado pela Brasscom (Associa\u00e7\u00e3o das Empresas de Tecnologia da Informa\u00e7\u00e3o e Comunica\u00e7\u00e3o e de Tecnologias Digitais) estima que, at\u00e9 2025, o d\u00e9ficit de profissionais para atender \u00e0s demandas da ind\u00fastria de energia limpa chegue a 532 mil. Estrat\u00e9gias para solucionar a quest\u00e3o ser\u00e3o debatidas durante a 30\u00aa edi\u00e7\u00e3o da Fenasucro &amp; Agrocana, que ser\u00e1 realizada entre os dias 13 e 16 de agosto, em Sert\u00e3ozinho (SP).<\/p>\n\n\n\n<p>\u201cO prop\u00f3sito da Fenasucro &amp; Agrocana \u00e9 manter quem constr\u00f3i o setor sempre junto e engajado ao que \u00e9 mais importante: o futuro. Conseguimos contemplar todas as frentes, desde as inova\u00e7\u00f5es tecnol\u00f3gicas trazidas pelos expositores em seus estandes, at\u00e9 a rica programa\u00e7\u00e3o de conte\u00fado. Grandes nomes do mercado abordar\u00e3o megatend\u00eancias, cases de sucesso e, tamb\u00e9m, os desafios a serem superados, como a necessidade de promover uma capacita\u00e7\u00e3o de qualidade aos profissionais do ramo. Ter o SENAI-SP nesta miss\u00e3o e abordando este tema na feira \u00e9 extremamente importante para todo mercado de bioenergia\u201d, revela o diretor da Fenasucro &amp; Agrocana, Paulo Montabone.<\/p>\n\n\n\n<p><strong>Capacita\u00e7\u00e3o e aperfei\u00e7oamento<\/strong><\/p>\n\n\n\n<p>Devido \u00e0 relev\u00e2ncia que a bioenergia tem no cen\u00e1rio nacional e internacional, o SENAI-SP vem fazendo um enorme investimento na estrutura\u00e7\u00e3o de cursos de aprendizagem e aperfei\u00e7oamento voltados a todo o processo de produ\u00e7\u00e3o das usinas e tamb\u00e9m em \u00e1reas transversais, como TI, efici\u00eancia energ\u00e9tica, instrumenta\u00e7\u00e3o e manuten\u00e7\u00e3o de m\u00e1quinas e equipamentos. Como resultado, entre 2022 e 2023, registrou um aumento de 30,72% no total de matr\u00edculas relacionadas ao setor sucroenerg\u00e9tico, respons\u00e1vel pela produ\u00e7\u00e3o de grande parte da energia sustent\u00e1vel no Brasil.<\/p>\n\n\n\n<p>A entidade ainda intensificou a presta\u00e7\u00e3o de servi\u00e7os e atendimento \u00e0 ind\u00fastria de ponta a ponta, com consultorias personalizadas, pesquisas e desenvolvimento de novas tecnologias. \u201cO objetivo do SENAI \u00e9 ser protagonista no apoio \u00e0 transi\u00e7\u00e3o energ\u00e9tica no Pa\u00eds, formando profissionais e disponibilizando tecnologias que tragam respostas ao setor, o que aumenta a efici\u00eancia e contribui para uma maior competitividade\u201d, detalha Rafael Henrique de Melo Cunha, diretor do SENAI-SP.<\/p>\n\n\n\n<p><strong>Presen\u00e7a confirmada<\/strong><\/p>\n\n\n\n<p>O SENAI-SP estar\u00e1 presente na Fenasucro &amp; Agrocana, tanto em pain\u00e9is tem\u00e1ticos, falando sobre a import\u00e2ncia da educa\u00e7\u00e3o profissional de qualidade para o setor da bioenergia, quanto com duas unidades m\u00f3veis, equipadas com tecnologia de \u00faltima gera\u00e7\u00e3o. Uma ser\u00e1 a Ind\u00fastria 4.0, focada na usina do futuro, e a outra voltada para a Conectividade.<\/p>\n\n\n\n<p>\u201cInclusive, vamos gerar sinal 5G dentro da feira. A Fenasucro &amp; Agrocana \u00e9 o evento mais importante do mundo no setor. Tem um papel essencial para a dissemina\u00e7\u00e3o de conhecimentos, tend\u00eancias e tecnologias. Por isso, o SENAI n\u00e3o poderia ficar de fora\u201d, conclui Cunha.<\/p>\n\n\n\n<p><strong>Credenciamento<\/strong><\/p>\n\n\n\n<p>O credenciamento on-line para a edi\u00e7\u00e3o de 30 anos da Fenasucro &amp; Agrocana j\u00e1 est\u00e1 aberto, \u00e9 v\u00e1lido para&nbsp;<a href=\"https:\/\/na.eventscloud.com\/778756?categoryid=5132119\" target=\"_blank\" rel=\"noreferrer noopener\">visitantes<\/a>,&nbsp;<a href=\"https:\/\/na.eventscloud.com\/778756?categoryid=5132116\" target=\"_blank\" rel=\"noreferrer noopener\">imprensa<\/a>&nbsp;e&nbsp;<a href=\"https:\/\/na.eventscloud.com\/778756?categoryid=5132115\" target=\"_blank\" rel=\"noreferrer noopener\">assessorias<\/a>&nbsp;e pode ser feito por meio do&nbsp;<a href=\"https:\/\/www.fenasucro.com.br\/\" target=\"_blank\" rel=\"noreferrer noopener\">site<\/a>.<\/p>\n\n\n\n<p><strong>Sobre a Fenasucro &amp; Agrocana<\/strong><\/p>\n\n\n\n<p>A&nbsp;<a href=\"https:\/\/www.fenasucro.com.br\/pt-br.html\" target=\"_blank\" rel=\"noreferrer noopener\">Fenasucro &amp; Agrocana<\/a>&nbsp;(Feira Mundial da Bioenergia) realizar\u00e1 sua 30\u00aa edi\u00e7\u00e3o entre os dias 13 e 16 de agosto, no Centro de Eventos Zanini, em Sert\u00e3ozinho (SP). O evento, que tem apoio oficial exclusivo do CEISE Br e organiza\u00e7\u00e3o e promo\u00e7\u00e3o da RX Brasil, \u00e9 o \u00fanico evento do mundo exclusivamente voltado \u00e0 toda cadeia de produ\u00e7\u00e3o bioenerg\u00e9tica. Re\u00fane, anualmente, milhares de profissionais de usinas, ind\u00fastrias de alimentos e bebidas, papel e celulose, transporte e log\u00edstica e distribuidoras e comercializadoras de energia do Brasil e de mais 53 pa\u00edses do mundo.<\/p>\n\n\n\n<p><strong>RX<\/strong><\/p>\n\n\n\n<p>A&nbsp;<a href=\"https:\/\/rxglobal.com\/rx-brazil\" target=\"_blank\" rel=\"noreferrer noopener\">RX<\/a>&nbsp;oferece oportunidades de conex\u00e3o e constru\u00e7\u00e3o de neg\u00f3cios para indiv\u00edduos, comunidades e organiza\u00e7\u00f5es. Usamos o poder dos eventos presenciais, combinando dados e produtos digitais para conectar pessoas, oferecendo experi\u00eancias e oportunidades de neg\u00f3cios por meio de mais de 400 eventos realizados em 22 pa\u00edses e 42 diferentes setores da economia. \u00c9 uma empresa dedicada em causar impactos positivos na sociedade e est\u00e1 comprometida em criar um ambiente de trabalho inclusivo para todos.<\/p>\n\n\n\n<p>A&nbsp;<a href=\"https:\/\/rxglobal.com\/rx-brazil\" target=\"_blank\" rel=\"noreferrer noopener\">RX<\/a>&nbsp;faz parte da&nbsp;<a href=\"https:\/\/www.relx.com\/\" target=\"_blank\" rel=\"noreferrer noopener\">RELX<\/a>, um provedor global de an\u00e1lises baseadas em informa\u00e7\u00f5es e ferramentas de decis\u00e3o para profissionais e clientes corporativos.&nbsp;<a href=\"https:\/\/rxglobal.com\/rx-brazil\" target=\"_blank\" rel=\"noreferrer noopener\">RX<\/a>&nbsp;\u2013 In the business of building businesess<\/p>\n\n\n\n<p><strong>RELX<\/strong>&nbsp;<\/p>\n\n\n\n<p>A&nbsp;<a href=\"https:\/\/www.relx.com\/\" target=\"_blank\" rel=\"noreferrer noopener\">RELX<\/a>&nbsp;\u00e9 uma fornecedora global de ferramentas de an\u00e1lise e decis\u00e3o baseadas em informa\u00e7\u00f5es para clientes profissionais e empresariais. A&nbsp;<a href=\"https:\/\/www.relx.com\/\" target=\"_blank\" rel=\"noreferrer noopener\">RELX<\/a>&nbsp;atende clientes em mais de 180 pa\u00edses e possui escrit\u00f3rios em cerca de 40 pa\u00edses. Emprega mais de 35.000 pessoas, mais de 40% das quais est\u00e3o na Am\u00e9rica do Norte. As a\u00e7\u00f5es da RELX PLC, controladora, s\u00e3o negociadas nas Bolsas de Valores de Londres, Amsterd\u00e3 e Nova York usando os seguintes s\u00edmbolos de ticker: Londres: REL; Amsterd\u00e3: REN; Nova Iorque: RELX.<\/p>\n\n\n\n<p>*Nota: A capitaliza\u00e7\u00e3o de mercado atual pode ser encontrada em&nbsp;<a href=\"https:\/\/www.relx.com\/investors\" target=\"_blank\" rel=\"noreferrer noopener\">Link<\/a>&nbsp;<\/p>\n\n\n\n<p><strong>Sobre o CEISE Br<\/strong><\/p>\n\n\n\n<p>O CEISE Br (Centro Nacional das Ind\u00fastrias do Setor Sucroenerg\u00e9tico e Biocombust\u00edveis) \u00e9 uma organiza\u00e7\u00e3o de destaque no cen\u00e1rio pol\u00edtico institucional brasileiro, dedicada a representar e promover os interesses das ind\u00fastrias atuantes na cadeia bioenerg\u00e9tica.<\/p>\n\n\n\n<p>Com mais de quatro d\u00e9cadas de hist\u00f3ria e com sede em Sert\u00e3ozinho\/SP, o principal polo de desenvolvimento de tecnologias industriais para o setor, o CEISE Br consolidou-se como uma voz influente, capaz de conduzir e articular pol\u00edticas que impactam diretamente a produ\u00e7\u00e3o, regula\u00e7\u00e3o e competitividade das ind\u00fastrias sucroenerg\u00e9ticas e de biocombust\u00edveis no Brasil.<\/p>\n","protected":false},"excerpt":{"rendered":"<p>Estudo da Brasscom estima que, at\u00e9 2025, o d\u00e9ficit de profissionais para atender \u00e0s demandas da ind\u00fastria de energia limpa chegue a 532 mil;tema estar\u00e1 em debate durante o evento, que ser\u00e1 realizado entre os dias 13 e 16 de agosto, em Sert\u00e3ozinho\/SP. A escalada do aquecimento global nos \u00faltimos anos evidencia o quanto o [&hellip;]<\/p>\n","protected":false},"author":2,"featured_media":2789,"comment_status":"open","ping_status":"open","sticky":false,"template":"","format":"standard","meta":{"footnotes":""},"categories":[23],"tags":[],"class_list":{"0":"post-2788","1":"post","2":"type-post","3":"status-publish","4":"format-standard","5":"has-post-thumbnail","7":"category-feirasdenegocios"},"_links":{"self":[{"href":"https:\/\/tveventos.tv.br\/index.php?rest_route=\/wp\/v2\/posts\/2788","targetHints":{"allow":["GET"]}}],"collection":[{"href":"https:\/\/tveventos.tv.br\/index.php?rest_route=\/wp\/v2\/posts"}],"about":[{"href":"https:\/\/tveventos.tv.br\/index.php?rest_route=\/wp\/v2\/types\/post"}],"author":[{"embeddable":true,"href":"https:\/\/tveventos.tv.br\/index.php?rest_route=\/wp\/v2\/users\/2"}],"replies":[{"embeddable":true,"href":"https:\/\/tveventos.tv.br\/index.php?rest_route=%2Fwp%2Fv2%2Fcomments&post=2788"}],"version-history":[{"count":1,"href":"https:\/\/tveventos.tv.br\/index.php?rest_route=\/wp\/v2\/posts\/2788\/revisions"}],"predecessor-version":[{"id":2790,"href":"https:\/\/tveventos.tv.br\/index.php?rest_route=\/wp\/v2\/posts\/2788\/revisions\/2790"}],"wp:featuredmedia":[{"embeddable":true,"href":"https:\/\/tveventos.tv.br\/index.php?rest_route=\/wp\/v2\/media\/2789"}],"wp:attachment":[{"href":"https:\/\/tveventos.tv.br\/index.php?rest_route=%2Fwp%2Fv2%2Fmedia&parent=2788"}],"wp:term":[{"taxonomy":"category","embeddable":true,"href":"https:\/\/tveventos.tv.br\/index.php?rest_route=%2Fwp%2Fv2%2Fcategories&post=2788"},{"taxonomy":"post_tag","embeddable":true,"href":"https:\/\/tveventos.tv.br\/index.php?rest_route=%2Fwp%2Fv2%2Ftags&post=2788"}],"curies":[{"name":"wp","href":"https:\/\/api.w.org\/{rel}","templated":true}]}}