{"id":2791,"date":"2024-08-07T12:55:09","date_gmt":"2024-08-07T15:55:09","guid":{"rendered":"https:\/\/tveventos.tv.br\/?p=2791"},"modified":"2024-08-07T12:55:13","modified_gmt":"2024-08-07T15:55:13","slug":"aumente-suas-vendas-no-volta-as-aulas-com-o-programa-material-escolar","status":"publish","type":"post","link":"https:\/\/tveventos.tv.br\/?p=2791","title":{"rendered":"Aumente Suas Vendas no Volta \u00e0s Aulas com o Programa Material Escolar"},"content":{"rendered":"\n<p>O Programa Material Escolar, tem transformado a realidade de muitas papelarias, impulsionando suas vendas e beneficiando a comunidade local. Com depoimentos inspiradores de lojistas como Dino e Fabiana, da Papelaria Encantada, e Fernando, da Papelaria Matriz, o programa demonstra ser uma solu\u00e7\u00e3o eficaz para o crescimento do setor de papelaria, especialmente durante a temporada de volta \u00e0s aulas.<br><br>Desde a implementa\u00e7\u00e3o do Programa Material Escolar pela Prefeitura de S\u00e3o Paulo, diversas papelarias t\u00eam registrado um aumento significativo em suas vendas e na gera\u00e7\u00e3o de empregos. \u201cFoi uma transforma\u00e7\u00e3o muito grande,\u201d disse Dino. \u201cNo primeiro ano, aumentamos em 40% nosso faturamento. No ano seguinte, subiu mais 25%, e com a inclus\u00e3o dos uniformes, vendemos o dobro.\u201d&nbsp; Este crescimento cont\u00ednuo permitiu a contrata\u00e7\u00e3o de mais funcion\u00e1rios, passando de 7 para 14 colaboradores, com picos de at\u00e9 25 funcion\u00e1rios durante a temporada de volta \u00e0s aulas.<\/p>\n\n\n\n<p><strong>Estrat\u00e9gias de Sucesso e Adapta\u00e7\u00e3o ao Programa<\/strong><\/p>\n\n\n\n<p>A adapta\u00e7\u00e3o das papelarias ao Programa Material Escolar tamb\u00e9m foi destacada como um fator crucial para o sucesso. Fabiana, que gerencia a Papelaria Encantada ao lado de Dino, apontou que a organiza\u00e7\u00e3o e a oferta de produtos em tr\u00eas faixas de pre\u00e7o ajudaram a atender a demanda diversificada dos clientes. Al\u00e9m disso, a cria\u00e7\u00e3o de listas impressas e a nomea\u00e7\u00e3o de setores dentro da loja agilizaram o processo de compra, proporcionando uma experi\u00eancia mais agrad\u00e1vel e eficiente para os clientes.<\/p>\n\n\n\n<p>\u201cA loja \u00e9 para ser um momento de alegria,\u201d afirmou Fabiana. \u201cA crian\u00e7a que sai dali com o material do jeito que ela quis e j\u00e1 come\u00e7a o ano diferente.\u201d A loja, organizada por sess\u00f5es, permite que as crian\u00e7as escolham seus materiais, criando um ambiente de felicidade e incentivo \u00e0 educa\u00e7\u00e3o. Ela relatou que a organiza\u00e7\u00e3o dos materiais e uniformes foi um desafio devido ao aumento do fluxo, mas a estrutura\u00e7\u00e3o da loja facilitou o processo.<\/p>\n\n\n\n<h3 class=\"wp-block-heading\"><strong>Benef\u00edcios para a Comunidade e o Com\u00e9rcio Local<\/strong><\/h3>\n\n\n\n<p>O impacto positivo do Programa Material Escolar vai al\u00e9m das vendas e empregos nas papelarias. Segundo Fernando, da Papelaria Matriz, o aumento do movimento nas lojas tamb\u00e9m beneficia os com\u00e9rcios vizinhos, criando um efeito multiplicador na economia local. \u201cAl\u00e9m da prefeitura, voc\u00ea vende aqueles outros itens que estavam at\u00e9 mesmo parados\u201d&nbsp; comentou Fernando.<\/p>\n\n\n\n<p>Implementar o controle rigoroso dos itens permitidos pelo programa \u00e9 um desafio comum entre os lojistas. Tanto Dino quanto Fernando mencionaram a import\u00e2ncia de seguir as regras estabelecidas pela prefeitura para garantir a continuidade e o sucesso do programa. \u201cN\u00f3s temos uma fiscaliza\u00e7\u00e3o atuante,\u201d destacou Fabiana, \u201cent\u00e3o as empresas que incorrerem neste erro ser\u00e3o punidas legalmente.\u201d<\/p>\n\n\n\n<p>O Programa Material Escolar se revela uma iniciativa poderosa para impulsionar o setor de papelaria no pa\u00eds, beneficiando tanto os lojistas quanto a comunidade local. Com organiza\u00e7\u00e3o, adapta\u00e7\u00e3o e um compromisso com a qualidade e a legalidade, as papelarias podem aproveitar ao m\u00e1ximo essa oportunidade, transformando a temporada de volta \u00e0s aulas em um per\u00edodo de crescimento e sucesso.<\/p>\n","protected":false},"excerpt":{"rendered":"<p>O Programa Material Escolar, tem transformado a realidade de muitas papelarias, impulsionando suas vendas e beneficiando a comunidade local. Com depoimentos inspiradores de lojistas como Dino e Fabiana, da Papelaria Encantada, e Fernando, da Papelaria Matriz, o programa demonstra ser uma solu\u00e7\u00e3o eficaz para o crescimento do setor de papelaria, especialmente durante a temporada de [&hellip;]<\/p>\n","protected":false},"author":2,"featured_media":2792,"comment_status":"open","ping_status":"open","sticky":false,"template":"","format":"standard","meta":{"footnotes":""},"categories":[23],"tags":[],"class_list":{"0":"post-2791","1":"post","2":"type-post","3":"status-publish","4":"format-standard","5":"has-post-thumbnail","7":"category-feirasdenegocios"},"_links":{"self":[{"href":"https:\/\/tveventos.tv.br\/index.php?rest_route=\/wp\/v2\/posts\/2791","targetHints":{"allow":["GET"]}}],"collection":[{"href":"https:\/\/tveventos.tv.br\/index.php?rest_route=\/wp\/v2\/posts"}],"about":[{"href":"https:\/\/tveventos.tv.br\/index.php?rest_route=\/wp\/v2\/types\/post"}],"author":[{"embeddable":true,"href":"https:\/\/tveventos.tv.br\/index.php?rest_route=\/wp\/v2\/users\/2"}],"replies":[{"embeddable":true,"href":"https:\/\/tveventos.tv.br\/index.php?rest_route=%2Fwp%2Fv2%2Fcomments&post=2791"}],"version-history":[{"count":1,"href":"https:\/\/tveventos.tv.br\/index.php?rest_route=\/wp\/v2\/posts\/2791\/revisions"}],"predecessor-version":[{"id":2793,"href":"https:\/\/tveventos.tv.br\/index.php?rest_route=\/wp\/v2\/posts\/2791\/revisions\/2793"}],"wp:featuredmedia":[{"embeddable":true,"href":"https:\/\/tveventos.tv.br\/index.php?rest_route=\/wp\/v2\/media\/2792"}],"wp:attachment":[{"href":"https:\/\/tveventos.tv.br\/index.php?rest_route=%2Fwp%2Fv2%2Fmedia&parent=2791"}],"wp:term":[{"taxonomy":"category","embeddable":true,"href":"https:\/\/tveventos.tv.br\/index.php?rest_route=%2Fwp%2Fv2%2Fcategories&post=2791"},{"taxonomy":"post_tag","embeddable":true,"href":"https:\/\/tveventos.tv.br\/index.php?rest_route=%2Fwp%2Fv2%2Ftags&post=2791"}],"curies":[{"name":"wp","href":"https:\/\/api.w.org\/{rel}","templated":true}]}}