{"id":2794,"date":"2024-08-07T13:07:22","date_gmt":"2024-08-07T16:07:22","guid":{"rendered":"https:\/\/tveventos.tv.br\/?p=2794"},"modified":"2024-08-07T13:07:25","modified_gmt":"2024-08-07T16:07:25","slug":"espm-esta-com-inscricoes-abertas-para-cursos-de-ferias-sobre-employer-branding","status":"publish","type":"post","link":"https:\/\/tveventos.tv.br\/?p=2794","title":{"rendered":"ESPM est\u00e1 com inscri\u00e7\u00f5es abertas para Cursos de F\u00e9rias sobre Employer Branding"},"content":{"rendered":"\n<p class=\"has-text-align-center\"><em>Endomarketing, Comunica\u00e7\u00e3o Interna e constru\u00e7\u00e3o e gest\u00e3o de marca empregadora s\u00e3o os assuntos abordados nos cursos<\/em>.<\/p>\n\n\n\n<p>A ESPM, escola refer\u00eancia em Marketing e Inova\u00e7\u00e3o voltada para neg\u00f3cios, est\u00e1 com inscri\u00e7\u00f5es abertas para os cursos de f\u00e9rias com temas voltados para Employer Branding. Os cursos acontecem entre julho e agosto, com aulas online e ao vivo, ou presenciais, nos campi S\u00e3o Paulo, Porto Alegre e Rio de Janeiro. Os interessados em participar podem realizar a matr\u00edcula no&nbsp;<a href=\"https:\/\/www.espm.br\/dynamic\/cursos-de-ferias\/\" target=\"_blank\" rel=\"noreferrer noopener\">site<\/a>&nbsp;da institui\u00e7\u00e3o.&nbsp;<\/p>\n\n\n\n<p>O portf\u00f3lio do curso de f\u00e9rias 2024 da ESPM inclui dois cursos com temas voltados para Employer Branding, s\u00e3o eles: \u2018Cria\u00e7\u00e3o de campanha estrat\u00e9gica de Endomarketing\u2019; e \u2018Planejamento de Comunica\u00e7\u00e3o Interna e Endomarketing\u2019. Confira a programa\u00e7\u00e3o completa desses cursos abaixo:<\/p>\n\n\n\n<ul class=\"wp-block-list\">\n<li><strong>Cria\u00e7\u00e3o de campanhas estrat\u00e9gicas de Endomarketing<\/strong><\/li>\n<\/ul>\n\n\n\n<p>O curso tem in\u00edcio em 19 de agosto e acontece de segunda a sexta-feira, das 19h30 \u00e0s 22h30, de forma online e ao vivo, com carga hor\u00e1ria de 12 horas. O programa \u00e9 destinado a&nbsp;gerentes, coordenadores, analistas e demais profissionais das \u00e1reas de Comunica\u00e7\u00e3o Empresarial, Endomarketing, Desenvolvimento de Pessoas, Recursos Humanos, Marketing Corporativo, Comunica\u00e7\u00e3o Institucional e outras \u00e1reas que lidam com pessoas e talentos dentro das organiza\u00e7\u00f5es. O objetivo do curso \u00e9 preparar o aluno para desenvolver uma campanha de Endomarketing do princ\u00edpio ao fim.&nbsp;<\/p>\n\n\n\n<p><a href=\"https:\/\/www.espm.br\/cursos\/dynamic\/cursos-de-ferias\/criacao-de-campanhas-estrategicas-de-endomarketing\/\" target=\"_blank\" rel=\"noreferrer noopener\">Inscreva-se aqui<\/a><\/p>\n\n\n\n<ul class=\"wp-block-list\">\n<li><strong>Planejamento de Comunica\u00e7\u00e3o Interna e Endomarketing<\/strong><\/li>\n<\/ul>\n\n\n\n<p>O curso tem in\u00edcio em 26 de agosto e acontece de segunda a quinta-feira, das 19h30 \u00e0s 22h30, de forma online e ao vivo, com carga hor\u00e1ria de 12 horas. O programa \u00e9 destinado \u00e0 profissionais de Comunica\u00e7\u00e3o Interna e Endomarketing, Recursos Humanos e interessados em atuar na \u00e1rea que buscam um guia pr\u00e1tico para conduzir a comunica\u00e7\u00e3o com resultados. O objetivo do curso \u00e9 prover conhecimento para a cria\u00e7\u00e3o e execu\u00e7\u00e3o do planejamento de Comunica\u00e7\u00e3o Interna e Endomarketing considerando a cultura organizacional de forma estrat\u00e9gica.<\/p>\n\n\n\n<p><a href=\"https:\/\/www.espm.br\/cursos\/dynamic\/cursos-de-ferias\/planejamento-de-comunicacao-interna-e-endomarketing-ferias\/\" target=\"_blank\" rel=\"noreferrer noopener\">Inscreva-se aqui&nbsp;<\/a><\/p>\n\n\n\n<p><strong>Sobre a ESPM<\/strong><\/p>\n\n\n\n<p><em>A ESPM \u00e9 uma escola de neg\u00f3cios inovadora, refer\u00eancia brasileira no ensino superior nas \u00e1reas de Comunica\u00e7\u00e3o, Marketing, Consumo, Administra\u00e7\u00e3o, Economia Criativa e Tecnologia. Seus 12 600 alunos dos cursos de gradua\u00e7\u00e3o e de p\u00f3s-gradua\u00e7\u00e3o e mais de 1 100 funcion\u00e1rios est\u00e3o distribu\u00eddos em quatro campi &#8211; dois em S\u00e3o Paulo, um no Rio de Janeiro e um em Porto Alegre. Possui quatro unidades regionais em Florian\u00f3polis, Chapec\u00f3, Goi\u00e2nia e Salvador. O lifelong learning, aprendizagem ao longo da vida profissional, o ensino de excel\u00eancia e o foco no mercado s\u00e3o as bases da ESPM.<\/em><\/p>\n","protected":false},"excerpt":{"rendered":"<p>Endomarketing, Comunica\u00e7\u00e3o Interna e constru\u00e7\u00e3o e gest\u00e3o de marca empregadora s\u00e3o os assuntos abordados nos cursos. A ESPM, escola refer\u00eancia em Marketing e Inova\u00e7\u00e3o voltada para neg\u00f3cios, est\u00e1 com inscri\u00e7\u00f5es abertas para os cursos de f\u00e9rias com temas voltados para Employer Branding. Os cursos acontecem entre julho e agosto, com aulas online e ao vivo, [&hellip;]<\/p>\n","protected":false},"author":2,"featured_media":2795,"comment_status":"open","ping_status":"open","sticky":false,"template":"","format":"standard","meta":{"footnotes":""},"categories":[23],"tags":[],"class_list":{"0":"post-2794","1":"post","2":"type-post","3":"status-publish","4":"format-standard","5":"has-post-thumbnail","7":"category-feirasdenegocios"},"_links":{"self":[{"href":"https:\/\/tveventos.tv.br\/index.php?rest_route=\/wp\/v2\/posts\/2794","targetHints":{"allow":["GET"]}}],"collection":[{"href":"https:\/\/tveventos.tv.br\/index.php?rest_route=\/wp\/v2\/posts"}],"about":[{"href":"https:\/\/tveventos.tv.br\/index.php?rest_route=\/wp\/v2\/types\/post"}],"author":[{"embeddable":true,"href":"https:\/\/tveventos.tv.br\/index.php?rest_route=\/wp\/v2\/users\/2"}],"replies":[{"embeddable":true,"href":"https:\/\/tveventos.tv.br\/index.php?rest_route=%2Fwp%2Fv2%2Fcomments&post=2794"}],"version-history":[{"count":1,"href":"https:\/\/tveventos.tv.br\/index.php?rest_route=\/wp\/v2\/posts\/2794\/revisions"}],"predecessor-version":[{"id":2796,"href":"https:\/\/tveventos.tv.br\/index.php?rest_route=\/wp\/v2\/posts\/2794\/revisions\/2796"}],"wp:featuredmedia":[{"embeddable":true,"href":"https:\/\/tveventos.tv.br\/index.php?rest_route=\/wp\/v2\/media\/2795"}],"wp:attachment":[{"href":"https:\/\/tveventos.tv.br\/index.php?rest_route=%2Fwp%2Fv2%2Fmedia&parent=2794"}],"wp:term":[{"taxonomy":"category","embeddable":true,"href":"https:\/\/tveventos.tv.br\/index.php?rest_route=%2Fwp%2Fv2%2Fcategories&post=2794"},{"taxonomy":"post_tag","embeddable":true,"href":"https:\/\/tveventos.tv.br\/index.php?rest_route=%2Fwp%2Fv2%2Ftags&post=2794"}],"curies":[{"name":"wp","href":"https:\/\/api.w.org\/{rel}","templated":true}]}}