{"id":280,"date":"2023-09-04T15:45:08","date_gmt":"2023-09-04T18:45:08","guid":{"rendered":"http:\/\/tveventos.tv.br\/?p=280"},"modified":"2023-09-04T15:45:54","modified_gmt":"2023-09-04T18:45:54","slug":"feiras-do-agro-devem-superar-r-50-bilhoes-em-negocios-em-2023","status":"publish","type":"post","link":"https:\/\/tveventos.tv.br\/?p=280","title":{"rendered":"Feiras do agro devem superar R$ 50 bilh\u00f5es em neg\u00f3cios em 2023"},"content":{"rendered":"\n<p>Crescimento da produ\u00e7\u00e3o e das exporta\u00e7\u00f5es aumentaram renda no campo e, ap\u00f3s dois anos de restri\u00e7\u00f5es com a pandemia, alavancaram grandes eventos no Brasil<\/p>\n\n\n\n<figure class=\"wp-block-image size-full\"><img loading=\"lazy\" decoding=\"async\" width=\"1024\" height=\"683\" src=\"http:\/\/tveventos.tv.br\/wp-content\/uploads\/2023\/09\/Agrishow-2022-publico.webp\" alt=\"\" class=\"wp-image-281\" srcset=\"https:\/\/tveventos.tv.br\/wp-content\/uploads\/2023\/09\/Agrishow-2022-publico.webp 1024w, https:\/\/tveventos.tv.br\/wp-content\/uploads\/2023\/09\/Agrishow-2022-publico-300x200.webp 300w, https:\/\/tveventos.tv.br\/wp-content\/uploads\/2023\/09\/Agrishow-2022-publico-768x512.webp 768w, https:\/\/tveventos.tv.br\/wp-content\/uploads\/2023\/09\/Agrishow-2022-publico-150x100.webp 150w, https:\/\/tveventos.tv.br\/wp-content\/uploads\/2023\/09\/Agrishow-2022-publico-696x464.webp 696w\" sizes=\"auto, (max-width: 1024px) 100vw, 1024px\" \/><\/figure>\n\n\n\n<p>As grandes&nbsp;<strong>feiras do agro<\/strong>&nbsp;devem quebrar um recorde hist\u00f3rico em setembro:&nbsp;mais de R$ 50 bilh\u00f5es em neg\u00f3cios em um \u00fanico ano. A marca passa pelo resultado da Expointer, que come\u00e7a neste s\u00e1bado, 26, em Esteio (RS). Desde janeiro, os maiores eventos do pa\u00eds j\u00e1 movimentaram R$ 45,13 bilh\u00f5es \u2013 126,1% a mais do que em 2019, antes da pandemia.<\/p>\n\n\n\n<p>O c\u00e1lculo leva em conta valores corrigidos pela infla\u00e7\u00e3o de cinco feiras j\u00e1 realizadas neste ano. S\u00f3 a Agrishow, em Ribeir\u00e3o Preto (SP), registrou R$ 13,33 bilh\u00f5es em neg\u00f3cios \u2013 3,5 vezes mais do que a edi\u00e7\u00e3o de quatro anos atr\u00e1s. As demais tamb\u00e9m tiveram recorde em 2023: Show Rural Coopavel (R$ 5,12 bilh\u00f5es), em Cascavel (PR), Expodireto Cotrijal (R$ 7,15 bilh\u00f5es), em N\u00e3o-Me-Toque (RS), Tecnoshow Comigo (R$ 11,28 bilh\u00f5es), em Rio Verde (GO), e Bahia Farm Show (R$ 8,25 bilh\u00f5es), em Lu\u00eds Eduardo Magalh\u00e3es (BA).<\/p>\n\n\n\n<p>No ano passado, estas cinco feiras e a Expointer somaram R$ 47,45 bilh\u00f5es em neg\u00f3cios \u2013 marca que quase foi superada antes mesmo do in\u00edcio da feira no Rio Grande do Sul. O bom desempenho dos grandes eventos agropecu\u00e1rios tem dois motivos: o crescimento expressivo do setor nos \u00faltimos anos e o fim da pandemia.<\/p>\n\n\n\n<p>Na safra 2022\/2023, a previs\u00e3o \u00e9 de que o Brasil tenha uma produ\u00e7\u00e3o recorde de gr\u00e3os, com 320 milh\u00f5es de toneladas segundo a Companhia Nacional de Abastecimento (Conab) \u2013 29,67% a mais do que no ciclo 2018\/2019. No mesmo per\u00edodo, a \u00e1rea plantada deve crescer 23,82%, para 78,33 milh\u00f5es de hectares.<\/p>\n\n\n\n<p>Ao mesmo tempo, as exporta\u00e7\u00f5es do agro aumentaram durante a crise do coronav\u00edrus.\u00a0Em 2019, o setor faturou US$ 96,85 bilh\u00f5es. No ano passado, chegou a US$ 159 bilh\u00f5es \u2013 aumento de 64,26%. E o movimento segue ascendente. Em 2023, o faturamento em d\u00f3lar cresceu 4,5% no primeiro semestre, puxado pela alta de 14% no volume embarcado, segundo o Centro de Estudos Avan\u00e7ados em Economia Aplicada (Cepea).<\/p>\n\n\n\n<h2 class=\"wp-block-heading\"><strong>Expointer deve confirmar recorde<\/strong><\/h2>\n\n\n\n<p>A previs\u00e3o do governo do Rio Grande do Sul, que organiza a Expointer, \u00e9 que a feira movimente at\u00e9 3 de setembro mais do que os R$ 7 bilh\u00f5es de 2022.&nbsp;<\/p>\n\n\n\n<p>\u201cH\u00e1 bons indicativos para um desempenho ainda maior, tanto em p\u00fablico quanto em neg\u00f3cios. Acreditamos nisso levando em conta indicadores das outras feiras, que ampliaram os n\u00fameros\u201d, projeta Giovani Feltes, secret\u00e1rio estadual de Agricultura.<\/p>\n\n\n\n<p>Apesar de o estado vir de tr\u00eas problemas com a seca nos \u00faltimos quatro anos, Feltes aposta no bom desempenho da atual safra de trigo e na perspectiva de queda de juros como fatores que podem estimular o produtor a investir.\u00a0<\/p>\n\n\n\n<p>\u201cAl\u00e9m disso, o cen\u00e1rio de pandemia controlada, o avan\u00e7o do agro nos \u00faltimos anos e a magnitude de um evento como esse tamb\u00e9m mexem com as pessoas de forma an\u00edmica, estimulando a confian\u00e7a\u201d, analisa.<\/p>\n\n\n\n<h2 class=\"wp-block-heading\"><strong>No embalo das m\u00e1quinas<\/strong><\/h2>\n\n\n\n<p>Segundo a Associa\u00e7\u00e3o Brasileira da Ind\u00fastria de M\u00e1quinas e Equipamentos (Abimaq), os neg\u00f3cios nas feiras agropecu\u00e1rias representam cerca de 40% das vendas de m\u00e1quinas agr\u00edcolas do Brasil.&nbsp;<\/p>\n\n\n\n<p>\u201cOs eventos s\u00e3o um instrumento poderoso para fechar neg\u00f3cios, pois o produtor pode ver de perto diferentes marcas e ofertas no mesmo lugar. \u00c9 uma oportunidade que, somada \u00e0s promo\u00e7\u00f5es, atrai muito interesse\u201d, avalia Pedro Estev\u00e3o Bastos, presidente da C\u00e2mara Setorial de M\u00e1quinas e Implementos Agr\u00edcolas da Abimaq.<\/p>\n\n\n\n<p>Ele observa que o aumento da \u00e1rea plantada no pa\u00eds exigiu mais maquin\u00e1rio para dar conta da demanda \u2013 e o produtor estava capitalizado porque teve alta rentabilidade durante a pandemia diante da valoriza\u00e7\u00e3o das commodities.&nbsp;<\/p>\n\n\n\n<p>O resultado foi uma alta no faturamento com a venda de m\u00e1quinas agr\u00edcolas de 17,7% em 2020 e 42,5% em 2021. \u201cAl\u00e9m disso, o juro caiu a ponto de termos uma taxa Selic de 2% nesta \u00e9poca. Isso criou uma janela ideal para investir\u201d, ressalta.<\/p>\n\n\n\n<p>Ap\u00f3s novo crescimento de 2021 para 2022 (+1,8%), chegando a R$ 91,7 bilh\u00f5es, o faturamento do setor de m\u00e1quinas tende a cair em 2023, segundo Bastos, por causa do juro mais alto e da menor rentabilidade do produtor diante da valoriza\u00e7\u00e3o do real perante o d\u00f3lar.&nbsp;<\/p>\n\n\n\n<p>\u201cTivemos uma sequ\u00eancia muito positiva, ent\u00e3o, essa queda \u00e9 natural, at\u00e9 porque o produtor n\u00e3o compra m\u00e1quina todo ano. Mas estamos crescendo ano a ano desde 2017 e dobramos o faturamento comparado a 2016\u201d, afirma.\u00a0<\/p>\n\n\n\n<h2 class=\"wp-block-heading\"><strong>Do entretenimento aos neg\u00f3cios<\/strong><\/h2>\n\n\n\n<p>Outro motivo que transformou as feiras do agro em uma fonte de neg\u00f3cios bilion\u00e1rios foi a pr\u00f3pria din\u00e2mica dos eventos.&nbsp;&nbsp;<\/p>\n\n\n\n<p>\u201cH\u00e1 alguns anos, havia um tremendo foco em entretenimento e gastronomia, com programa\u00e7\u00f5es tamb\u00e9m \u00e0 noite. Isso mudou anos atr\u00e1s para um funcionamento em dias de semana, fechando \u00e0s 18h, com prioridade para tecnologia e neg\u00f3cios\u201d, pontua Dilvo Grolli, presidente da Coopavel.<\/p>\n\n\n\n<p>A cooperativa paranaense organiza desde 1989 o Show Rural Coopavel, que s\u00f3 neste ano reuniu 600 empresas, recebeu 384 mil visitantes e movimentou R$ 5,12 bilh\u00f5es em valores corrigidos pela infla\u00e7\u00e3o \u2013 aumento de 78,4% comparado com a edi\u00e7\u00e3o de 2019.&nbsp;<\/p>\n\n\n\n<p>Grolli tamb\u00e9m atribuiu \u00e0 expans\u00e3o do agroneg\u00f3cio brasileiro, com suas peculiaridades regionais, o aumento do interesse pelas feiras.&nbsp;<\/p>\n\n\n\n<p>\u201cTudo \u00e9 uma quest\u00e3o de clima e solo, pois cultivar no Centro-Oeste n\u00e3o \u00e9 igual no Sul e assim por diante. Creio que v\u00e3o aparecer ainda mais feiras para cobrir todas as regi\u00f5es do pa\u00eds, pois isso \u00e9 uma necessidade para o pr\u00f3prio agro crescer cada vez mais\u201d, analisa.<\/p>\n\n\n\n<h2 class=\"wp-block-heading\"><strong>Edi\u00e7\u00e3o extra no inverno<\/strong><\/h2>\n\n\n\n<p>O bom desempenho das feiras, inclusive, fez a Coopavel criar uma edi\u00e7\u00e3o extra no meio do ano. O Show Rural de inverno estreou em 2020, em meio \u00e0 pandemia de coronav\u00edrus. Nesta semana, chegou \u00e0 4\u00aa edi\u00e7\u00e3o com mais de 40 empresas e 36 mil visitantes.<\/p>\n\n\n\n<p>\u201cO foco principal \u00e9 o trigo, cuja produ\u00e7\u00e3o vem crescendo de forma expressiva nos \u00faltimos tr\u00eas anos. Mas o evento traz inova\u00e7\u00e3o e tecnologia para outras culturas como cevada e triticale. \u00c9 para um p\u00fablico espec\u00edfico, criando um espa\u00e7o exclusivo e pioneiro para as safras de inverno. Hoje, o produtor n\u00e3o pode mais pensar na propriedade como algo que funciona apenas no ver\u00e3o\u201d, afirma Dilvo Grolli, presidente da cooperativa.<\/p>\n\n\n\n<p>Grolli ainda destaca que a edi\u00e7\u00e3o de inverno ainda n\u00e3o tem venda de m\u00e1quinas, pois seu objetivo \u00e9 compartilhar conhecimento t\u00e9cnico e conectar produtores, especialistas e empresas.&nbsp;<\/p>\n\n\n\n<p>\u201cNeste ano, o p\u00fablico foi tr\u00eas vezes maior do que no ano passado. E queremos aumentar ainda mais em 2024, com mais espa\u00e7o para gado de leite, por exemplo, que \u00e9 uma op\u00e7\u00e3o relevante para o pequeno produtor\u201d, afirma.<\/p>\n","protected":false},"excerpt":{"rendered":"<p>Crescimento da produ\u00e7\u00e3o e das exporta\u00e7\u00f5es aumentaram renda no campo e, ap\u00f3s dois anos de restri\u00e7\u00f5es com a pandemia, alavancaram grandes eventos no Brasil As grandes&nbsp;feiras do agro&nbsp;devem quebrar um recorde hist\u00f3rico em setembro:&nbsp;mais de R$ 50 bilh\u00f5es em neg\u00f3cios em um \u00fanico ano. A marca passa pelo resultado da Expointer, que come\u00e7a neste s\u00e1bado, [&hellip;]<\/p>\n","protected":false},"author":1,"featured_media":281,"comment_status":"open","ping_status":"open","sticky":false,"template":"","format":"standard","meta":{"footnotes":""},"categories":[23],"tags":[],"class_list":{"0":"post-280","1":"post","2":"type-post","3":"status-publish","4":"format-standard","5":"has-post-thumbnail","7":"category-feirasdenegocios"},"_links":{"self":[{"href":"https:\/\/tveventos.tv.br\/index.php?rest_route=\/wp\/v2\/posts\/280","targetHints":{"allow":["GET"]}}],"collection":[{"href":"https:\/\/tveventos.tv.br\/index.php?rest_route=\/wp\/v2\/posts"}],"about":[{"href":"https:\/\/tveventos.tv.br\/index.php?rest_route=\/wp\/v2\/types\/post"}],"author":[{"embeddable":true,"href":"https:\/\/tveventos.tv.br\/index.php?rest_route=\/wp\/v2\/users\/1"}],"replies":[{"embeddable":true,"href":"https:\/\/tveventos.tv.br\/index.php?rest_route=%2Fwp%2Fv2%2Fcomments&post=280"}],"version-history":[{"count":1,"href":"https:\/\/tveventos.tv.br\/index.php?rest_route=\/wp\/v2\/posts\/280\/revisions"}],"predecessor-version":[{"id":282,"href":"https:\/\/tveventos.tv.br\/index.php?rest_route=\/wp\/v2\/posts\/280\/revisions\/282"}],"wp:featuredmedia":[{"embeddable":true,"href":"https:\/\/tveventos.tv.br\/index.php?rest_route=\/wp\/v2\/media\/281"}],"wp:attachment":[{"href":"https:\/\/tveventos.tv.br\/index.php?rest_route=%2Fwp%2Fv2%2Fmedia&parent=280"}],"wp:term":[{"taxonomy":"category","embeddable":true,"href":"https:\/\/tveventos.tv.br\/index.php?rest_route=%2Fwp%2Fv2%2Fcategories&post=280"},{"taxonomy":"post_tag","embeddable":true,"href":"https:\/\/tveventos.tv.br\/index.php?rest_route=%2Fwp%2Fv2%2Ftags&post=280"}],"curies":[{"name":"wp","href":"https:\/\/api.w.org\/{rel}","templated":true}]}}