{"id":2800,"date":"2024-08-07T16:35:38","date_gmt":"2024-08-07T19:35:38","guid":{"rendered":"https:\/\/tveventos.tv.br\/?p=2800"},"modified":"2024-08-07T16:35:41","modified_gmt":"2024-08-07T19:35:41","slug":"diversificacao-de-produtos-fflv-e-atendimento-personalizado-impulsionam-a-8a-the-brazil-conference-expo","status":"publish","type":"post","link":"https:\/\/tveventos.tv.br\/?p=2800","title":{"rendered":"Diversifica\u00e7\u00e3o de produtos FFLV e atendimento personalizado impulsionam a 8\u00aa The Brazil Conference &amp; Expo"},"content":{"rendered":"\n<p class=\"has-text-align-center\"><em>Com mais de 150 marcas expositoras nacionais e internacionais a maior feira de neg\u00f3cios do segmento de frutas, flores, legumes e verduras da Am\u00e9rica Latina foca em solucionar a necessidade do cliente com portf\u00f3lio de produtos e servi\u00e7os diferenciados<\/em>.<\/p>\n\n\n\n<p>Entre os dias 7 e 8 de agosto, o Expo Center Norte, em S\u00e3o Paulo, sediar\u00e1 a 8\u00aa The Brazil Conference &amp; Expo, maior feira de neg\u00f3cios no setor de produtos frescos da Am\u00e9rica Latina. Com mais de 150 marcas expositoras, entre nacionais e internacionais, o evento foca em solu\u00e7\u00f5es inovadoras para atender as necessidades dos clientes com um portf\u00f3lio de produtos e servi\u00e7os, diferenciados e personalizados. Al\u00e9m de promover a gera\u00e7\u00e3o de neg\u00f3cios, a feira estimular\u00e1 a troca de conhecimentos e o estabelecimento de parcerias estrat\u00e9gicas entre produtores, distribuidores, varejistas e atacadistas do setor de frutas, flores, legumes e verduras (FFLV).<\/p>\n\n\n\n<p>O destaque desta edi\u00e7\u00e3o se faz pelo entendimento da ind\u00fastria de FFLV em atender seus clientes de acordo com cada cen\u00e1rio apresentado, que v\u00e3o desde a produ\u00e7\u00e3o dos cultivos at\u00e9 a disponibiliza\u00e7\u00e3o para o consumidor. \u201cA The Brazil Conference &amp; Expo foi pensada para o p\u00fablico B2B, l\u00edderes do setor produtivo, varejistas, food service e todos os elos dessa cadeia de FFLV. \u00c9 um segmento muito rico e amplo, por isso vamos funcionar como um hub, abrindo o caminho para que nossos expositores possam compreender o que cada empresa precisa, e assim oferecer seus portf\u00f3lios direcionados para cada necessidade\u201d, explica Valeska Oliveira, Country Manager da IFPA e Head de Produtos na Francal.&nbsp;<\/p>\n\n\n\n<p>A The Brazil Conference &amp; Expo tamb\u00e9m contar\u00e1 com a presen\u00e7a de players de pa\u00edses como China, Chile e Estados Unidos, no Pavilh\u00e3o Internacional, al\u00e9m da Rota de Startups. Em 2023, a feira atraiu mais de 2.500 visitantes e, para 2024, com um espa\u00e7o de mais de 8 mil metros quadrados, espera-se ainda mais sucesso.<\/p>\n\n\n\n<p><strong>Confira as solu\u00e7\u00f5es em produtos e servi\u00e7os que algumas das marcas expositoras mostrar\u00e3o aos visitantes no evento:<\/strong><\/p>\n\n\n\n<p><strong>Benassi<\/strong>&nbsp;\u2013 A empresa com mais de 70 anos de mercado vai estrear sua nova identidade visual na feira. Considerada uma das maiores facilitadoras, distribuidoras e importadoras de FLV da Am\u00e9rica Latina, a Benassi investe em log\u00edstica, tecnologia e pessoas para continuar ampliando o rol de atua\u00e7\u00e3o em importa\u00e7\u00e3o e a consolida\u00e7\u00e3o do portf\u00f3lio de flores. A empresa destaca que o seu sucesso tamb\u00e9m se faz pelos modelos de neg\u00f3cios personalizados de acordo com as necessidades dos clientes e sua atualiza\u00e7\u00e3o constante, como novas embalagens, produtos e marcas, com foco tamb\u00e9m na floricultura<\/p>\n\n\n\n<p><strong>Kamay Bio Solu\u00e7\u00f5es \u2013&nbsp;<\/strong>Trazendo alta tecnologia para a feira, a empresa atua na \u00e1rea de solu\u00e7\u00f5es para biosseguran\u00e7a, sanitiza\u00e7\u00e3o, conserva\u00e7\u00e3o e cuidados no p\u00f3s-colheita. A distribuidora exclusiva da Aguair no Brasil apresentar\u00e1 sua linha de produtos voltados para sanitiza\u00e7\u00e3o e desinfec\u00e7\u00e3o de \u00e1reas produtivas, solu\u00e7\u00f5es voltadas para a biosseguran\u00e7a e para controle adequado de umidade em \u00e1reas de armazenamento e no varejo, com a tecnologia de micro-n\u00e9voa, que faz com que as \u00e1reas mantenham altas taxas de umidade sem que se encharquem ou tenham pontos molhados, garantindo, assim, efici\u00eancia no controle. A Kamay Bio Solu\u00e7\u00f5es tem como intuito criar as melhores condi\u00e7\u00f5es ambientais para as cadeias produtivas de alimentos, inovando na forma de se produzir alimentos saud\u00e1veis, por meio de produtos e servi\u00e7os com menor impacto no ambiente.<\/p>\n\n\n\n<p><strong>Termot\u00e9cnica<\/strong>&nbsp;\u2013 A empresa levar\u00e1 \u00e0 The Brazil Conference &amp; Expo a amplia\u00e7\u00e3o das suas linhas de conservadoras DaColheita para refor\u00e7ar os atributos que agregam valor, no embalamento dos produtos frescos, na facilidade, no custo\/benef\u00edcio da log\u00edstica de transporte, no armazenamento e no varejo. Anualmente a empresa distribui mais de 6 milh\u00f5es de conservadoras garantindo frescor e prote\u00e7\u00e3o para os produtos acondicionados. Com 100% do portf\u00f3lio patenteado e um alto \u00edndice de novos desenvolvimentos no pipeline, a companhia lan\u00e7ou produtos como conservadoras para 20 cumbucas, multiuso, morango, figo, manga nacional, pitaya e abacate, atendendo \u00e0s diversas necessidades dos produtores. O p\u00fablico poder\u00e1 conferir tamb\u00e9m o lan\u00e7amento da linha DaColheita Bio, bandejas de fonte renov\u00e1vel (biobased), biodegrad\u00e1vel e compost\u00e1vel.<\/p>\n\n\n\n<p><strong>Mape&nbsp;<\/strong>\u2013 Seus cultivares e instala\u00e7\u00f5es atendem \u00e0s melhores pr\u00e1ticas reconhecidas internacionalmente para a produ\u00e7\u00e3o de alimento sustent\u00e1vel e saud\u00e1vel. A empresa do Sul de Minas Gerais, conta com unidades em S\u00e3o Paulo, Rio de Janeiro, Mato Grosso, Mato Grosso do Sul e Maranh\u00e3o, dispondo de uma estrutura f\u00edsica com inova\u00e7\u00f5es e tecnologias para garantir qualidade de suas frutas, verduras e legumes. Ser\u00e1 poss\u00edvel conferir no evento os morangos, uvas (Ni\u00e1gara e sem semente), ameixas e br\u00f3colis produzidos por eles.<\/p>\n\n\n\n<p><strong>Benafrutti<\/strong>&nbsp;\u2013 Com produtos direto do produtor e com sua produ\u00e7\u00e3o pr\u00f3pria, a Benafrutti atende hoje grandes redes de supermercados, restaurantes, sacol\u00f5es e atacadistas. Sua ampla linha de produtos vai desde frutas, legumes, verduras, frutas secas, gr\u00e3os e org\u00e2nicos at\u00e9 a Benafrutti Oriental, linha especial para restaurantes. Com modelo de gest\u00e3o compartilhado, a empresa oferece parceria ao varejista, com um novo sistema de negocia\u00e7\u00f5es e opera\u00e7\u00f5es dedicadas, conforme a necessidade, permitindo que o cliente participe da gest\u00e3o, compartilhe compras e conte com opera\u00e7\u00e3o log\u00edstica confi\u00e1vel e rent\u00e1vel.<\/p>\n\n\n\n<p><strong>Label Rouge&nbsp;<\/strong>\u2013 Uma das principais produtoras de ovos caipiras do Brasil h\u00e1 mais de 30 anos trouxe para o pa\u00eds o padr\u00e3o de qualidade franc\u00eas \u201cLabel Rouge\u201d, certifica\u00e7\u00e3o fornecida aos alimentos de qualidade superior. Preocupados com o bem-estar animal, a empresa destaca que seus ovos caipiras org\u00e2nicos s\u00e3o produzidos por galinhas felizes, soltas no campo, o que resulta em ovos sem cheiro, gemas vermelhas e claras consistentes. A Label Rouge disp\u00f5e de entrega semanal, atendimento exclusivo de consultor de vendas em todas as lojas e presta\u00e7\u00e3o de servi\u00e7os diferenciada para o B2C, como degusta\u00e7\u00e3o em loja, a\u00e7\u00e3o com brindes, promotores de abastecimento e material de merchandising.<\/p>\n\n\n\n<p><strong>Bananas Correa&nbsp;<\/strong>\u2013 O s\u00f3lido grupo \u00e9 um expoente da bananicultura brasileira desde 1947, seja na produ\u00e7\u00e3o de bananas ou dos derivados da fruta. Prezando pela excel\u00eancia em um mercado cada vez mais competitivo e pela satisfa\u00e7\u00e3o dos clientes, a empresa enfatiza o seu comprometimento com as boas pr\u00e1ticas de produ\u00e7\u00e3o e o respeito pelo meio ambiente e social, h\u00e1 mais de 75 anos.<\/p>\n\n\n\n<p><strong>Trombini<\/strong>&nbsp;\u2013 Uma das maiores empresas na \u00e1rea de caixa de papel\u00e3o ondulado e sacos de papel multifoliados do Brasil vai levar solu\u00e7\u00f5es em embalagens de papel e papel\u00e3o ondulado voltadas para o segmento de hortifr\u00fati, como caixas e cumbucas. A Trombini conta com f\u00e1bricas no Paran\u00e1\u0301, em Santa Catarina e no Rio Grande do Sul para atender clientes de todo o territ\u00f3rio nacional. A empresa tamb\u00e9m se classifica como uma das maiores recicladoras de aparas de papel e papel\u00e3o ondulado no pa\u00eds.<\/p>\n\n\n\n<p><strong>Mais Verdes<\/strong>&nbsp;\u2013 Conhecida por seus produtos licenciados, como br\u00f3colis e couve-flor da Turma da M\u00f4nica e a linha Edu Guedes, com cogumelos, ovos caipira e pimentas, a empresa tamb\u00e9m possui portf\u00f3lio diversificado e mais de 200 produtos entre folhagens convencionais, hidrop\u00f4nicos, higienizados, legumes e org\u00e2nicos. A Mais Verdes tem como foco produzir e comercializar hortali\u00e7as de forma sustent\u00e1vel com alto padr\u00e3o de qualidade e higiene sempre em busca de aprimoramento tecnol\u00f3gico e com profundo respeito pela natureza e sa\u00fade humana. A empresa prioriza o compromisso com uma alimenta\u00e7\u00e3o baseada em valores essenciais para os consumidores e, como sua frota \u00e9 100% refrigerada, garante a entrega dos produtos com o maior frescor e qualidade.<\/p>\n\n\n\n<p><strong>Ibrahort<\/strong>&nbsp;\u2013 O Instituto Brasileiro de Horticultura (Ibrahort) \u00e9 uma Organiza\u00e7\u00e3o da Sociedade Civil de Interesse P\u00fablico, de \u00e2mbito nacional, sem fins lucrativos, que atua estrategicamente no agroneg\u00f3cio, visando o desenvolvimento da cadeia produtiva de hortali\u00e7as. Dentre os servi\u00e7os que ser\u00e3o oferecidos na feira est\u00e1 o de representar e projetar a olericultura nacional perante a sociedade, organizando e fortalecendo a cadeia produtiva para ampliar o mercado de alimentos seguros e saud\u00e1veis. O Instituto tamb\u00e9m tem objetivos bem definidos para promover o conhecimento, incentivar o consumo saud\u00e1vel, estreitar o relacionamento com a cadeia produtiva e o desenvolvimento sustent\u00e1vel, estando alinhado com diversas frentes de representa\u00e7\u00e3o nacional.<\/p>\n\n\n\n<p><strong>Trebeschi<\/strong>&nbsp;\u2013 H\u00e1 30 anos cultivando e comercializando com alta tecnologia tomates e legumes especiais em todo o Brasil, se consolida como a maior produtora de tomates in natura do pa\u00eds. A empresa levar\u00e1 para a The Brazil Conference &amp; Expo os seus lan\u00e7amentos de 2024, como a linha de produtos cozidos, prontos para consumo, sabor aut\u00eantico e natural, livre de conservantes ou aditivos qu\u00edmicos, al\u00e9m de outros produtos que fazem sucesso com os clientes e consumidores, como o Sweet Milho, o Sweet Grape, Ab\u00f3bora Halloween e a Melancia Picolina. A Trebeschi se diferencia pela combina\u00e7\u00e3o de inova\u00e7\u00e3o, qualidade e sustentabilidade, utilizando pr\u00e1ticas agr\u00edcolas avan\u00e7adas e sustent\u00e1veis, respeitando o meio ambiente e garantindo produtos frescos, saborosos e nutritivos.<\/p>\n\n\n\n<p><strong>Aru\u00e1<\/strong>&nbsp;\u2013 Com dedica\u00e7\u00e3o di\u00e1ria em oferecer sempre o melhor aos seus clientes, a Aru\u00e1 disp\u00f5e de produtos de alta qualidade, tecnologia de ponta e efici\u00eancia em servi\u00e7os. S\u00e3o 28 anos com atendimento direcionado ao p\u00f3s-colheita com o objetivo de oferecer facilidades para conserva\u00e7\u00e3o das frutas in-natura e agrega\u00e7\u00e3o de valor, do campo \u00e0s prateleiras do ponto de venda. A empresa levar\u00e1 para o evento um portf\u00f3lio de solu\u00e7\u00f5es que incluem m\u00e1quina grampeadora semiautom\u00e1tica para confec\u00e7\u00e3o de embalagens, m\u00e1quinas de beneficiamento, al\u00e9m de ceras de recobrimento, detergentes e fungicidas.<\/p>\n\n\n\n<p><strong>Inscri\u00e7<\/strong><strong>\u00f5es<\/strong><\/p>\n\n\n\n<p>As inscri\u00e7\u00f5es est\u00e3o dispon\u00edveis no&nbsp;<a href=\"https:\/\/freshproduce.com.br\/inscricoes\/\">site do evento<\/a>, com op\u00e7\u00f5es para a experi\u00eancia completa na 8\u00aa The Brazil Conference &amp; Expo ou apenas visita \u00e0 feira. Associados IFPA possuem 50% de desconto e profissionais de supermercados e cadeias food service podem realizar a inscri\u00e7\u00e3o para todas as atra\u00e7\u00f5es do evento gratuitamente. Mais informa\u00e7\u00f5es pelo e-mail:&nbsp;<a href=\"mailto:visitante@francal.com.br\">visitante@francal.com.br<\/a>&nbsp;ou pelo telefone: (11) 2226-3100.<\/p>\n\n\n\n<p><strong>Servi\u00e7o:<\/strong><\/p>\n\n\n\n<p><strong>The Brazil Conference &amp; Expo \u2013 IFPA<\/strong><\/p>\n\n\n\n<p><strong><em>8\u00aa Feira Internacional da Ind\u00fastria de Frutas, Flores, Legumes e Verduras<\/em><\/strong><\/p>\n\n\n\n<p><strong><em>8\u00aa Produce and Floral International Trade Show<\/em><\/strong><\/p>\n\n\n\n<p><strong>Data:<\/strong>&nbsp;7 e 8 de agosto de 2024<\/p>\n\n\n\n<p><strong>Hora:<\/strong>&nbsp;Confer\u00eancia das 8h \u00e0s 11h30 | Exposi\u00e7\u00e3o das 11h30 \u00e0s 19h00<\/p>\n\n\n\n<p><strong>Local:<\/strong>&nbsp;Expo Center Norte \u2013 Pavilh\u00e3o Amarelo, S\u00e3o Paulo.&nbsp;<\/p>\n\n\n\n<p><a href=\"https:\/\/freshproduce.com.br\/\">freshproduce.com.br<\/a><\/p>\n\n\n\n<p><strong>Sobre a The Brazil Conference &amp; Expo<\/strong><\/p>\n\n\n\n<p>A The Brazil Conference &amp; Expo \u00e9 o mais importante evento de neg\u00f3cios na ind\u00fastria de Frutas, Flores, Legumes e Verduras (FFLV) da Am\u00e9rica Latina e destaca inova\u00e7\u00f5es em produtos, embalagens e tecnologias, proporcionando um ambiente prop\u00edcio para networking, movimentando anualmente toda a ind\u00fastria do segmento. O evento \u00e9 realizado pela&nbsp;<a href=\"https:\/\/freshproduce.com.br\/associacao\/\">IFPA (International Fresh Produce Association)<\/a>, maior e mais diversificada associa\u00e7\u00e3o internacional que atende toda a cadeia de suprimentos de frutas, flores, legumes e verduras, e organizado pela&nbsp;<a href=\"https:\/\/francal.com.br\/\">Francal<\/a>, maior promotora de eventos de neg\u00f3cios 100% brasileira, com extensa variedade de produtos e servi\u00e7os em um local \u00fanico.<\/p>\n","protected":false},"excerpt":{"rendered":"<p>Com mais de 150 marcas expositoras nacionais e internacionais a maior feira de neg\u00f3cios do segmento de frutas, flores, legumes e verduras da Am\u00e9rica Latina foca em solucionar a necessidade do cliente com portf\u00f3lio de produtos e servi\u00e7os diferenciados. Entre os dias 7 e 8 de agosto, o Expo Center Norte, em S\u00e3o Paulo, sediar\u00e1 [&hellip;]<\/p>\n","protected":false},"author":2,"featured_media":2801,"comment_status":"open","ping_status":"open","sticky":false,"template":"","format":"standard","meta":{"footnotes":""},"categories":[23],"tags":[],"class_list":{"0":"post-2800","1":"post","2":"type-post","3":"status-publish","4":"format-standard","5":"has-post-thumbnail","7":"category-feirasdenegocios"},"_links":{"self":[{"href":"https:\/\/tveventos.tv.br\/index.php?rest_route=\/wp\/v2\/posts\/2800","targetHints":{"allow":["GET"]}}],"collection":[{"href":"https:\/\/tveventos.tv.br\/index.php?rest_route=\/wp\/v2\/posts"}],"about":[{"href":"https:\/\/tveventos.tv.br\/index.php?rest_route=\/wp\/v2\/types\/post"}],"author":[{"embeddable":true,"href":"https:\/\/tveventos.tv.br\/index.php?rest_route=\/wp\/v2\/users\/2"}],"replies":[{"embeddable":true,"href":"https:\/\/tveventos.tv.br\/index.php?rest_route=%2Fwp%2Fv2%2Fcomments&post=2800"}],"version-history":[{"count":1,"href":"https:\/\/tveventos.tv.br\/index.php?rest_route=\/wp\/v2\/posts\/2800\/revisions"}],"predecessor-version":[{"id":2802,"href":"https:\/\/tveventos.tv.br\/index.php?rest_route=\/wp\/v2\/posts\/2800\/revisions\/2802"}],"wp:featuredmedia":[{"embeddable":true,"href":"https:\/\/tveventos.tv.br\/index.php?rest_route=\/wp\/v2\/media\/2801"}],"wp:attachment":[{"href":"https:\/\/tveventos.tv.br\/index.php?rest_route=%2Fwp%2Fv2%2Fmedia&parent=2800"}],"wp:term":[{"taxonomy":"category","embeddable":true,"href":"https:\/\/tveventos.tv.br\/index.php?rest_route=%2Fwp%2Fv2%2Fcategories&post=2800"},{"taxonomy":"post_tag","embeddable":true,"href":"https:\/\/tveventos.tv.br\/index.php?rest_route=%2Fwp%2Fv2%2Ftags&post=2800"}],"curies":[{"name":"wp","href":"https:\/\/api.w.org\/{rel}","templated":true}]}}