{"id":2803,"date":"2024-08-08T11:02:38","date_gmt":"2024-08-08T14:02:38","guid":{"rendered":"https:\/\/tveventos.tv.br\/?p=2803"},"modified":"2024-08-08T11:02:42","modified_gmt":"2024-08-08T14:02:42","slug":"escolar-office-brasil-2024-comemora-sucesso-com-milhares-lancamentos-de-produtos-e-insights-para-o-setor-papeleiro","status":"publish","type":"post","link":"https:\/\/tveventos.tv.br\/?p=2803","title":{"rendered":"Escolar Office Brasil 2024 comemora sucesso com milhares lan\u00e7amentos de produtos e insights para o setor papeleiro"},"content":{"rendered":"\n<p>A&nbsp;<strong>Escolar Office Brasil 2024<\/strong>, o maior evento de papelaria das Am\u00e9ricas, conclui sua 36\u00aa edi\u00e7\u00e3o nesta quarta-feira (07) no Expo Center Norte, em S\u00e3o Paulo. Durante quatro dias, o evento reuniu os principais players do setor, proporcionando um ambiente \u00fanico para networking, neg\u00f3cios, inova\u00e7\u00e3o e novidades. Ao todo a feira contou com a participa\u00e7\u00e3o de mais de&nbsp;<strong>280 expositore<\/strong>s, incluindo cerca de&nbsp;<strong>450 marcas<\/strong>&nbsp;e apresentando perto de&nbsp;<strong>mil lan\u00e7amentos<\/strong>&nbsp;em produtos para o segmento de papelaria.<\/p>\n\n\n\n<p>Ao longo dos quatro dias, o evento recebeu milhares de pessoas, que participaram de diversas experi\u00eancias entre palestras e exposi\u00e7\u00f5es, fomentaram os neg\u00f3cios e conheceram as grandes novidades do setor.<\/p>\n\n\n\n<p><em>&#8220;A feira superou nossas expectativas. Isso demonstra a for\u00e7a e a relev\u00e2ncia do setor, al\u00e9m de reafirmar a import\u00e2ncia de proporcionar um espa\u00e7o onde os principais players podem se encontrar, trocar ideias e estabelecer parcerias estrat\u00e9gicas&#8221;<\/em>, afirma&nbsp;<strong>Fernando Ruas<\/strong>, CEO da Francal.&nbsp;<em>&#8220;Agradecemos a todos os expositores, visitantes e parceiros que contribu\u00edram para o sucesso desta edi\u00e7\u00e3o e j\u00e1 estamos ansiosos para a pr\u00f3xima&#8221;<\/em>, completa.<\/p>\n\n\n\n<p><em>&#8220;O evento n\u00e3o apenas celebrou suas conquistas passadas, mas lan\u00e7ou um olhar para o futuro, inspirando a pr\u00f3xima gera\u00e7\u00e3o de criadores e empres\u00e1rios a moldar o cen\u00e1rio da papelaria do amanh\u00e3&#8221;<\/em>, diz&nbsp;<strong>Luciana Ramos<\/strong>, Head de Produto da Francal.<\/p>\n\n\n\n<p>Durante os quatro dias de evento, os visitantes participaram do&nbsp;<strong>Escolar Experience<\/strong>, um palco repleto de muito conte\u00fado com uma agenda de palestras e pain\u00e9is com a presen\u00e7a de profissionais renomados. Confira alguns destaques deste dia de encerramento:<\/p>\n\n\n\n<figure class=\"wp-block-image size-large\"><img loading=\"lazy\" decoding=\"async\" width=\"1024\" height=\"233\" src=\"https:\/\/tveventos.tv.br\/wp-content\/uploads\/2024\/08\/image-9-1024x233.png\" alt=\"\" class=\"wp-image-2804\" srcset=\"https:\/\/tveventos.tv.br\/wp-content\/uploads\/2024\/08\/image-9-1024x233.png 1024w, https:\/\/tveventos.tv.br\/wp-content\/uploads\/2024\/08\/image-9-300x68.png 300w, https:\/\/tveventos.tv.br\/wp-content\/uploads\/2024\/08\/image-9-768x175.png 768w, https:\/\/tveventos.tv.br\/wp-content\/uploads\/2024\/08\/image-9-696x158.png 696w, https:\/\/tveventos.tv.br\/wp-content\/uploads\/2024\/08\/image-9-1068x243.png 1068w, https:\/\/tveventos.tv.br\/wp-content\/uploads\/2024\/08\/image-9.png 1320w\" sizes=\"auto, (max-width: 1024px) 100vw, 1024px\" \/><\/figure>\n\n\n\n<p><strong>Apresenta\u00e7\u00e3o dos principais lan\u00e7amentos da Escolar 2024 nas categorias Organiza\u00e7\u00e3o e Sustent\u00e1veis.<\/strong><\/p>\n\n\n\n<p>Mariana Ferreira, personal organizer associada da&nbsp;<strong>ANPOP<\/strong>&nbsp;(Associa\u00e7\u00e3o Nacional de Profissionais de Organiza\u00e7\u00e3o e Produtividade) apresentou alguns destaques de lan\u00e7amentos do setor, mas com um conceito organizado. A palestrante trouxe as novidades do setor que abrangiram desde estojos organizat\u00f3rios, forros de gavetas e at\u00e9 planners mensais com usos mais organizados para o dia a dia. De acordo com Mariana:&nbsp;<em>&#8220;\u00c9 muito legal a gente saber as formas de uso, assim podemos vender melhor aos nossos clientes os produtos que n\u00f3s vendemos&#8221;<\/em>.<\/p>\n\n\n\n<p>A professora e influenciadora Nat\u00e1lia Ferreira completou a &#8220;<strong>Sess\u00e3o Review<\/strong>&#8221; com lan\u00e7amentos voltados para a sustentabilidade. A palestrante apresentou novidades do varejo enfatizando que as crian\u00e7as possuem mais facilidade em se adaptar aos lan\u00e7amentos sustent\u00e1veis, desde livros sobre o tema at\u00e9 r\u00e9guas, canetinhas e l\u00e1pis ecol\u00f3gicos plant\u00e1veis \u2013 com sementes no seu interior. Materiais com selos de reflorestamento foram destaque na apresenta\u00e7\u00e3o e a discursista declarou:&nbsp;<em>&#8220;Por que n\u00e3o unir o universo da papelaria com o universo sustent\u00e1vel? Tudo \u00e9 poss\u00edvel&#8221;<\/em>.<\/p>\n\n\n\n<figure class=\"wp-block-image size-large\"><img loading=\"lazy\" decoding=\"async\" width=\"1024\" height=\"233\" src=\"https:\/\/tveventos.tv.br\/wp-content\/uploads\/2024\/08\/image-10-1024x233.png\" alt=\"\" class=\"wp-image-2805\" srcset=\"https:\/\/tveventos.tv.br\/wp-content\/uploads\/2024\/08\/image-10-1024x233.png 1024w, https:\/\/tveventos.tv.br\/wp-content\/uploads\/2024\/08\/image-10-300x68.png 300w, https:\/\/tveventos.tv.br\/wp-content\/uploads\/2024\/08\/image-10-768x175.png 768w, https:\/\/tveventos.tv.br\/wp-content\/uploads\/2024\/08\/image-10-696x158.png 696w, https:\/\/tveventos.tv.br\/wp-content\/uploads\/2024\/08\/image-10-1068x243.png 1068w, https:\/\/tveventos.tv.br\/wp-content\/uploads\/2024\/08\/image-10.png 1320w\" sizes=\"auto, (max-width: 1024px) 100vw, 1024px\" \/><\/figure>\n\n\n\n<p><strong>Personaliza\u00e7\u00e3o: A for\u00e7a da exclusividade para turbinar as vendas<\/strong><\/p>\n\n\n\n<p>A palestra ministrada por&nbsp;<strong>Milu Spivack<\/strong>, Gerente de Marketing da Fina Ideia, teve como in\u00edcio uma breve apresenta\u00e7\u00e3o sobre a empresa e quais princ\u00edpios a marca se firma, como a honestidade em rela\u00e7\u00e3o a excluisividade dos produtos que elabora com seus clientes e a iniciativa de realizar collabs com papelarias, ajudando a impulsionar a venda dos itens. Milu convidou a subir ao palco, uma de suas clientes, a empreendedora e influenciadora&nbsp;<strong>Bia Winston<\/strong>, respons\u00e1vel pela Lojinha da Bia Winston, para falarem como se diferenciar no mercado competitivo por meio da personaliza\u00e7\u00e3o de itens ajuda a obter um destaque por ter agregado o valor da exclusividade nos produtos.<\/p>\n\n\n\n<figure class=\"wp-block-image size-large\"><img loading=\"lazy\" decoding=\"async\" width=\"1024\" height=\"233\" src=\"https:\/\/tveventos.tv.br\/wp-content\/uploads\/2024\/08\/image-11-1024x233.png\" alt=\"\" class=\"wp-image-2806\" srcset=\"https:\/\/tveventos.tv.br\/wp-content\/uploads\/2024\/08\/image-11-1024x233.png 1024w, https:\/\/tveventos.tv.br\/wp-content\/uploads\/2024\/08\/image-11-300x68.png 300w, https:\/\/tveventos.tv.br\/wp-content\/uploads\/2024\/08\/image-11-768x175.png 768w, https:\/\/tveventos.tv.br\/wp-content\/uploads\/2024\/08\/image-11-696x158.png 696w, https:\/\/tveventos.tv.br\/wp-content\/uploads\/2024\/08\/image-11-1068x243.png 1068w, https:\/\/tveventos.tv.br\/wp-content\/uploads\/2024\/08\/image-11.png 1320w\" sizes=\"auto, (max-width: 1024px) 100vw, 1024px\" \/><\/figure>\n\n\n\n<p><strong>Produtos inclusivos na papelaria: um grande diferencial para o seu neg\u00f3cio<\/strong><\/p>\n\n\n\n<p>A gerente de produto do grupo Leonora,&nbsp;<strong>Fernanda Ricci<\/strong>, esteve presente no \u00faltimo dia do palco&nbsp;<strong>Escolar Experience<\/strong>&nbsp;para abordar a import\u00e2ncia da inclus\u00e3o no setor da papelaria.<\/p>\n\n\n\n<p>A gerente ressaltou a import\u00e2ncia de ter um lugar de fala como esse e refor\u00e7ou que o prop\u00f3sito do grupo \u00e9 &#8220;trazer momentos felizes em qualquer etapa da vida das pessoas&#8221;. Ap\u00f3s dois anos de pesquisas e desenvolvimento, o grupo Leonora trouxe para a&nbsp;<strong>Escolar Office Brasil 2024<\/strong>&nbsp;uma linha de produtos voltados para pessoas neurodivergentes com um pre\u00e7o acess\u00edvel.<\/p>\n\n\n\n<p>Com os resultados do estudo realizado, o grupo Leonora compreendeu que era necess\u00e1rio ter em um material escolar para acessibilidade e inclus\u00e3o. &#8220;<em>Os nossos produtos servem para incluir e n\u00e3o excluir. Ou seja, qualquer crian\u00e7a, seja neurodiversa ou n\u00e3o, pode utilizar<\/em>&#8220;, relatou. A gerente ainda apresentou cada um dos produtos durante sua palestra e suas funcionalidades.<\/p>\n\n\n\n<figure class=\"wp-block-image size-large\"><img loading=\"lazy\" decoding=\"async\" width=\"1024\" height=\"233\" src=\"https:\/\/tveventos.tv.br\/wp-content\/uploads\/2024\/08\/image-12-1024x233.png\" alt=\"\" class=\"wp-image-2807\" srcset=\"https:\/\/tveventos.tv.br\/wp-content\/uploads\/2024\/08\/image-12-1024x233.png 1024w, https:\/\/tveventos.tv.br\/wp-content\/uploads\/2024\/08\/image-12-300x68.png 300w, https:\/\/tveventos.tv.br\/wp-content\/uploads\/2024\/08\/image-12-768x175.png 768w, https:\/\/tveventos.tv.br\/wp-content\/uploads\/2024\/08\/image-12-696x158.png 696w, https:\/\/tveventos.tv.br\/wp-content\/uploads\/2024\/08\/image-12-1068x243.png 1068w, https:\/\/tveventos.tv.br\/wp-content\/uploads\/2024\/08\/image-12.png 1320w\" sizes=\"auto, (max-width: 1024px) 100vw, 1024px\" \/><\/figure>\n\n\n\n<p><strong>Sustentabilidade aplicada ao pequeno varejo e \u00e0 ind\u00fastria papeleira: \u00e9 poss\u00edvel?<\/strong><\/p>\n\n\n\n<p>O painel come\u00e7ou com a&nbsp;<strong>Carolina Hahn<\/strong>, diretora da papelaria Cometa, localizada em Lajeado-RS, relembrando os acontecimentos do in\u00edcio do ano no Rio Grande do Sul, quando a executiva mencionou a a\u00e7\u00e3o social &#8220;<strong>Adote um Estudante&#8221;<\/strong>, que consiste na doa\u00e7\u00e3o de um kit de material escolar voltado para as crian\u00e7as que foram afetadas pelas enchentes no estado ga\u00facho.<\/p>\n\n\n\n<p>Escolhida para representar os varejistas, Carolina teve a oportunidade de trazer a pr\u00e1tica das vendas para palestra informando que &#8220;os mais novos, a gera\u00e7\u00e3o Z e Alpha, tendem a buscar por produtos sustent\u00e1veis. Mas que quando existe uma sinaliza\u00e7\u00e3o acerca da mercadoria ser amigo do meio ambiente, as pessoas refletem o que desejam comprar&#8221;.<\/p>\n\n\n\n<p>O mito de que produtos sustent\u00e1veis s\u00e3o mais caros foi desmistificado por&nbsp;<strong>Ivan Bignardi<\/strong>&nbsp;Diretor-executivo do Grupo Bignardi e Jandaia Cadernos; e F\u00e1bio Mortara, presidente da Two Sides Brasil Sebrae, onde explicaram que papel reciclado n\u00e3o \u00e9 valorizado por um fator cultural e que os vendedores compreendendo a situa\u00e7\u00e3o aumentam o pre\u00e7o do produto. Mortara ainda refor\u00e7a a import\u00e2ncia do papel no desenvolvimento infantil, por quest\u00f5es de sensibilidade t\u00e1til, aprendizagem, criatividade e que o aliado dos pais para os filhos n\u00e3o viverem absortos em telas \u00e9 o papel.<\/p>\n\n\n\n<p><strong>Ferdinando Carvalho<\/strong>, CEO da Ecoplast, concordou com o aspecto educativo e informou a necessidade de cada vez mais desenvolvermos a educa\u00e7\u00e3o ambiental para as pessoas de todas as idades n\u00e3o bastando apenas falar sobre o assunto, mas agir seja comprando materiais recicl\u00e1veis, principalmente o pl\u00e1stico que apresenta uma taxa de 14% de reciclagem no Brasil, j\u00e1 que na vis\u00e3o de Carvalho n\u00e3o existe uma volta para o mundo sem esse material.<\/p>\n\n\n\n<p>Foi uma alegria ver tantas trocas de conhecimento, inova\u00e7\u00f5es apresentadas e parcerias estabelecidas. A energia e o comprometimento de todos os presentes tornaram esta edi\u00e7\u00e3o inesquec\u00edvel.<\/p>\n\n\n\n<p>A pr\u00f3xima edi\u00e7\u00e3o da Escolar Office Brasil j\u00e1 tem data marcada! Em&nbsp;<strong>2025<\/strong>, nos encontraremos novamente dos dias&nbsp;<strong>3 a 6 de agosto<\/strong>. Estamos ansiosos para compartilhar mais novidades e continuar fortalecendo este setor t\u00e3o importante.<\/p>\n\n\n\n<p>At\u00e9 l\u00e1, continuaremos conectados em todas os nossos canais e pontos de contato. Foi incr\u00edvel!<\/p>\n","protected":false},"excerpt":{"rendered":"<p>A&nbsp;Escolar Office Brasil 2024, o maior evento de papelaria das Am\u00e9ricas, conclui sua 36\u00aa edi\u00e7\u00e3o nesta quarta-feira (07) no Expo Center Norte, em S\u00e3o Paulo. Durante quatro dias, o evento reuniu os principais players do setor, proporcionando um ambiente \u00fanico para networking, neg\u00f3cios, inova\u00e7\u00e3o e novidades. Ao todo a feira contou com a participa\u00e7\u00e3o de [&hellip;]<\/p>\n","protected":false},"author":2,"featured_media":2808,"comment_status":"open","ping_status":"open","sticky":false,"template":"","format":"standard","meta":{"footnotes":""},"categories":[23],"tags":[],"class_list":{"0":"post-2803","1":"post","2":"type-post","3":"status-publish","4":"format-standard","5":"has-post-thumbnail","7":"category-feirasdenegocios"},"_links":{"self":[{"href":"https:\/\/tveventos.tv.br\/index.php?rest_route=\/wp\/v2\/posts\/2803","targetHints":{"allow":["GET"]}}],"collection":[{"href":"https:\/\/tveventos.tv.br\/index.php?rest_route=\/wp\/v2\/posts"}],"about":[{"href":"https:\/\/tveventos.tv.br\/index.php?rest_route=\/wp\/v2\/types\/post"}],"author":[{"embeddable":true,"href":"https:\/\/tveventos.tv.br\/index.php?rest_route=\/wp\/v2\/users\/2"}],"replies":[{"embeddable":true,"href":"https:\/\/tveventos.tv.br\/index.php?rest_route=%2Fwp%2Fv2%2Fcomments&post=2803"}],"version-history":[{"count":1,"href":"https:\/\/tveventos.tv.br\/index.php?rest_route=\/wp\/v2\/posts\/2803\/revisions"}],"predecessor-version":[{"id":2809,"href":"https:\/\/tveventos.tv.br\/index.php?rest_route=\/wp\/v2\/posts\/2803\/revisions\/2809"}],"wp:featuredmedia":[{"embeddable":true,"href":"https:\/\/tveventos.tv.br\/index.php?rest_route=\/wp\/v2\/media\/2808"}],"wp:attachment":[{"href":"https:\/\/tveventos.tv.br\/index.php?rest_route=%2Fwp%2Fv2%2Fmedia&parent=2803"}],"wp:term":[{"taxonomy":"category","embeddable":true,"href":"https:\/\/tveventos.tv.br\/index.php?rest_route=%2Fwp%2Fv2%2Fcategories&post=2803"},{"taxonomy":"post_tag","embeddable":true,"href":"https:\/\/tveventos.tv.br\/index.php?rest_route=%2Fwp%2Fv2%2Ftags&post=2803"}],"curies":[{"name":"wp","href":"https:\/\/api.w.org\/{rel}","templated":true}]}}