{"id":2813,"date":"2024-08-09T13:05:40","date_gmt":"2024-08-09T16:05:40","guid":{"rendered":"https:\/\/tveventos.tv.br\/?p=2813"},"modified":"2024-08-09T13:05:42","modified_gmt":"2024-08-09T16:05:42","slug":"abrafarma","status":"publish","type":"post","link":"https:\/\/tveventos.tv.br\/?p=2813","title":{"rendered":"Abrafarma"},"content":{"rendered":"\n<p>A Abrafarma \u00e9 a Associa\u00e7\u00e3o Brasileira de Farm\u00e1cias e Drogarias que anualmente realiza um evento que leva seu nome, sendo uma importante oportunidade para profissionais da ind\u00fastria farmac\u00eautica e de drogarias se encontrarem, discutirem tend\u00eancias, e explorarem inova\u00e7\u00f5es no setor, com foco na produ\u00e7\u00e3o de conhecimento, al\u00e9m de debates, miss\u00f5es internacionais, desenvolvimento de farmac\u00eauticos e lideran\u00e7as, integrando o varejo farma, a ind\u00fastria e aos gestores p\u00fablicos.<\/p>\n\n\n\n<p>Junte-se a n\u00f3s nos dias 13 e 14 de agosto das 08h \u00e0s 19h, no Distrito Anhembi.<\/p>\n\n\n\n<p>Endere\u00e7o: Avenida Olavo Fontoura, N\u00b0 1. 209\/Santana, S\u00e3o Paulo, SP, 02012-021<\/p>\n","protected":false},"excerpt":{"rendered":"<p>A Abrafarma \u00e9 a Associa\u00e7\u00e3o Brasileira de Farm\u00e1cias e Drogarias que anualmente realiza um evento que leva seu nome, sendo uma importante oportunidade para profissionais da ind\u00fastria farmac\u00eautica e de drogarias se encontrarem, discutirem tend\u00eancias, e explorarem inova\u00e7\u00f5es no setor, com foco na produ\u00e7\u00e3o de conhecimento, al\u00e9m de debates, miss\u00f5es internacionais, desenvolvimento de farmac\u00eauticos e [&hellip;]<\/p>\n","protected":false},"author":3,"featured_media":2818,"comment_status":"open","ping_status":"open","sticky":false,"template":"","format":"standard","meta":{"footnotes":""},"categories":[25],"tags":[],"class_list":{"0":"post-2813","1":"post","2":"type-post","3":"status-publish","4":"format-standard","5":"has-post-thumbnail","7":"category-calendariodeeventos"},"_links":{"self":[{"href":"https:\/\/tveventos.tv.br\/index.php?rest_route=\/wp\/v2\/posts\/2813","targetHints":{"allow":["GET"]}}],"collection":[{"href":"https:\/\/tveventos.tv.br\/index.php?rest_route=\/wp\/v2\/posts"}],"about":[{"href":"https:\/\/tveventos.tv.br\/index.php?rest_route=\/wp\/v2\/types\/post"}],"author":[{"embeddable":true,"href":"https:\/\/tveventos.tv.br\/index.php?rest_route=\/wp\/v2\/users\/3"}],"replies":[{"embeddable":true,"href":"https:\/\/tveventos.tv.br\/index.php?rest_route=%2Fwp%2Fv2%2Fcomments&post=2813"}],"version-history":[{"count":1,"href":"https:\/\/tveventos.tv.br\/index.php?rest_route=\/wp\/v2\/posts\/2813\/revisions"}],"predecessor-version":[{"id":2819,"href":"https:\/\/tveventos.tv.br\/index.php?rest_route=\/wp\/v2\/posts\/2813\/revisions\/2819"}],"wp:featuredmedia":[{"embeddable":true,"href":"https:\/\/tveventos.tv.br\/index.php?rest_route=\/wp\/v2\/media\/2818"}],"wp:attachment":[{"href":"https:\/\/tveventos.tv.br\/index.php?rest_route=%2Fwp%2Fv2%2Fmedia&parent=2813"}],"wp:term":[{"taxonomy":"category","embeddable":true,"href":"https:\/\/tveventos.tv.br\/index.php?rest_route=%2Fwp%2Fv2%2Fcategories&post=2813"},{"taxonomy":"post_tag","embeddable":true,"href":"https:\/\/tveventos.tv.br\/index.php?rest_route=%2Fwp%2Fv2%2Ftags&post=2813"}],"curies":[{"name":"wp","href":"https:\/\/api.w.org\/{rel}","templated":true}]}}