{"id":2820,"date":"2024-08-09T14:22:48","date_gmt":"2024-08-09T17:22:48","guid":{"rendered":"https:\/\/tveventos.tv.br\/?p=2820"},"modified":"2024-08-09T14:22:51","modified_gmt":"2024-08-09T17:22:51","slug":"fenasucro-agrocana","status":"publish","type":"post","link":"https:\/\/tveventos.tv.br\/?p=2820","title":{"rendered":"Fenasucro &amp; Agrocana"},"content":{"rendered":"\n<p>Tradicionalmente conhecida por ser refer\u00eancia no lan\u00e7amento de tecnologias e inova\u00e7\u00f5es para o setor, a feira mais uma vez mostra sua import\u00e2ncia apresentando megatend\u00eancias da bioenergia, para sua comunidade de mais de 400 mil profissionais do mercado de bioenergia a mais de 30 anos e, agora que o mundo mudou, a feira tamb\u00e9m evoluiu para seguir seu prop\u00f3sito de manter quem constr\u00f3i o setor sempre junto e engajado ao que \u00e9 mais importante: o futuro!<\/p>\n\n\n\n<p>Junte-se a n\u00f3s nos dias 13 a 16 de agosto das 14h \u00e0s 20h, no Centro de Eventos Zanini.<\/p>\n\n\n\n<p>Endere\u00e7o: Av. Marginal Jo\u00e3o Ol\u00e9zio Mq, Sert\u00e3ozinho, SP, 14176-003<\/p>\n","protected":false},"excerpt":{"rendered":"<p>Tradicionalmente conhecida por ser refer\u00eancia no lan\u00e7amento de tecnologias e inova\u00e7\u00f5es para o setor, a feira mais uma vez mostra sua import\u00e2ncia apresentando megatend\u00eancias da bioenergia, para sua comunidade de mais de 400 mil profissionais do mercado de bioenergia a mais de 30 anos e, agora que o mundo mudou, a feira tamb\u00e9m evoluiu para [&hellip;]<\/p>\n","protected":false},"author":3,"featured_media":2821,"comment_status":"open","ping_status":"open","sticky":false,"template":"","format":"standard","meta":{"footnotes":""},"categories":[1],"tags":[],"class_list":{"0":"post-2820","1":"post","2":"type-post","3":"status-publish","4":"format-standard","5":"has-post-thumbnail","7":"category-workshopsepalestras"},"_links":{"self":[{"href":"https:\/\/tveventos.tv.br\/index.php?rest_route=\/wp\/v2\/posts\/2820","targetHints":{"allow":["GET"]}}],"collection":[{"href":"https:\/\/tveventos.tv.br\/index.php?rest_route=\/wp\/v2\/posts"}],"about":[{"href":"https:\/\/tveventos.tv.br\/index.php?rest_route=\/wp\/v2\/types\/post"}],"author":[{"embeddable":true,"href":"https:\/\/tveventos.tv.br\/index.php?rest_route=\/wp\/v2\/users\/3"}],"replies":[{"embeddable":true,"href":"https:\/\/tveventos.tv.br\/index.php?rest_route=%2Fwp%2Fv2%2Fcomments&post=2820"}],"version-history":[{"count":1,"href":"https:\/\/tveventos.tv.br\/index.php?rest_route=\/wp\/v2\/posts\/2820\/revisions"}],"predecessor-version":[{"id":2822,"href":"https:\/\/tveventos.tv.br\/index.php?rest_route=\/wp\/v2\/posts\/2820\/revisions\/2822"}],"wp:featuredmedia":[{"embeddable":true,"href":"https:\/\/tveventos.tv.br\/index.php?rest_route=\/wp\/v2\/media\/2821"}],"wp:attachment":[{"href":"https:\/\/tveventos.tv.br\/index.php?rest_route=%2Fwp%2Fv2%2Fmedia&parent=2820"}],"wp:term":[{"taxonomy":"category","embeddable":true,"href":"https:\/\/tveventos.tv.br\/index.php?rest_route=%2Fwp%2Fv2%2Fcategories&post=2820"},{"taxonomy":"post_tag","embeddable":true,"href":"https:\/\/tveventos.tv.br\/index.php?rest_route=%2Fwp%2Fv2%2Ftags&post=2820"}],"curies":[{"name":"wp","href":"https:\/\/api.w.org\/{rel}","templated":true}]}}