{"id":2823,"date":"2024-08-09T14:34:33","date_gmt":"2024-08-09T17:34:33","guid":{"rendered":"https:\/\/tveventos.tv.br\/?p=2823"},"modified":"2024-08-09T14:34:35","modified_gmt":"2024-08-09T17:34:35","slug":"brazil-promotion","status":"publish","type":"post","link":"https:\/\/tveventos.tv.br\/?p=2823","title":{"rendered":"Brazil Promotion"},"content":{"rendered":"\n<p>A Brazil Promotion \u00e9 a principal feira de marketing e neg\u00f3cios corporativos do Brasil. Este evento re\u00fane profissionais e empresas para apresentar as \u00faltimas tend\u00eancias, produtos e servi\u00e7os, proporcionando uma oportunidade \u00fanica de networking e aprendizado para aqueles que desejam se destacar no mercado.<\/p>\n\n\n\n<p>Junte-se a n\u00f3s nos dias 13 a 15 de agosto das 13h \u00e0s 20h, no Distrito Anhembi.<\/p>\n\n\n\n<p>Endere\u00e7o: Avenida Olavo Fontoura, N\u00b0 1. 209\/Santana, S\u00e3o Paulo, SP, 02012-021<\/p>\n","protected":false},"excerpt":{"rendered":"<p>A Brazil Promotion \u00e9 a principal feira de marketing e neg\u00f3cios corporativos do Brasil. Este evento re\u00fane profissionais e empresas para apresentar as \u00faltimas tend\u00eancias, produtos e servi\u00e7os, proporcionando uma oportunidade \u00fanica de networking e aprendizado para aqueles que desejam se destacar no mercado. Junte-se a n\u00f3s nos dias 13 a 15 de agosto das [&hellip;]<\/p>\n","protected":false},"author":3,"featured_media":2824,"comment_status":"open","ping_status":"open","sticky":false,"template":"","format":"standard","meta":{"footnotes":""},"categories":[25],"tags":[],"class_list":{"0":"post-2823","1":"post","2":"type-post","3":"status-publish","4":"format-standard","5":"has-post-thumbnail","7":"category-calendariodeeventos"},"_links":{"self":[{"href":"https:\/\/tveventos.tv.br\/index.php?rest_route=\/wp\/v2\/posts\/2823","targetHints":{"allow":["GET"]}}],"collection":[{"href":"https:\/\/tveventos.tv.br\/index.php?rest_route=\/wp\/v2\/posts"}],"about":[{"href":"https:\/\/tveventos.tv.br\/index.php?rest_route=\/wp\/v2\/types\/post"}],"author":[{"embeddable":true,"href":"https:\/\/tveventos.tv.br\/index.php?rest_route=\/wp\/v2\/users\/3"}],"replies":[{"embeddable":true,"href":"https:\/\/tveventos.tv.br\/index.php?rest_route=%2Fwp%2Fv2%2Fcomments&post=2823"}],"version-history":[{"count":1,"href":"https:\/\/tveventos.tv.br\/index.php?rest_route=\/wp\/v2\/posts\/2823\/revisions"}],"predecessor-version":[{"id":2825,"href":"https:\/\/tveventos.tv.br\/index.php?rest_route=\/wp\/v2\/posts\/2823\/revisions\/2825"}],"wp:featuredmedia":[{"embeddable":true,"href":"https:\/\/tveventos.tv.br\/index.php?rest_route=\/wp\/v2\/media\/2824"}],"wp:attachment":[{"href":"https:\/\/tveventos.tv.br\/index.php?rest_route=%2Fwp%2Fv2%2Fmedia&parent=2823"}],"wp:term":[{"taxonomy":"category","embeddable":true,"href":"https:\/\/tveventos.tv.br\/index.php?rest_route=%2Fwp%2Fv2%2Fcategories&post=2823"},{"taxonomy":"post_tag","embeddable":true,"href":"https:\/\/tveventos.tv.br\/index.php?rest_route=%2Fwp%2Fv2%2Ftags&post=2823"}],"curies":[{"name":"wp","href":"https:\/\/api.w.org\/{rel}","templated":true}]}}