{"id":2826,"date":"2024-08-09T14:43:23","date_gmt":"2024-08-09T17:43:23","guid":{"rendered":"https:\/\/tveventos.tv.br\/?p=2826"},"modified":"2024-08-09T14:43:26","modified_gmt":"2024-08-09T17:43:26","slug":"higiexpo","status":"publish","type":"post","link":"https:\/\/tveventos.tv.br\/?p=2826","title":{"rendered":"HIGIEXPO"},"content":{"rendered":"\n<p>Consolidada como a maior feira de produtos e servi\u00e7os para higiene, limpeza e conserva\u00e7\u00e3o ambiental da Am\u00e9rica Latina, a Higiexpo \u00e9 a grande vitrine do mercado de limpeza profissional, batendo novos recordes em termos de p\u00fablico qualificado e de neg\u00f3cios gerados a cada edi\u00e7\u00e3o.<\/p>\n\n\n\n<p>Junte-se a n\u00f3s nos dias 13 a 15 de agosto das 13h \u00e0s 20h, no S\u00e3o Paulo Expo.<\/p>\n\n\n\n<p>Endere\u00e7o: Rod. dos Imigrantes 5, S\/N, km. 1, S\u00e3o Paulo, SP, 04329-900<\/p>\n","protected":false},"excerpt":{"rendered":"<p>Consolidada como a maior feira de produtos e servi\u00e7os para higiene, limpeza e conserva\u00e7\u00e3o ambiental da Am\u00e9rica Latina, a Higiexpo \u00e9 a grande vitrine do mercado de limpeza profissional, batendo novos recordes em termos de p\u00fablico qualificado e de neg\u00f3cios gerados a cada edi\u00e7\u00e3o. Junte-se a n\u00f3s nos dias 13 a 15 de agosto das [&hellip;]<\/p>\n","protected":false},"author":3,"featured_media":2827,"comment_status":"open","ping_status":"open","sticky":false,"template":"","format":"standard","meta":{"footnotes":""},"categories":[25],"tags":[],"class_list":{"0":"post-2826","1":"post","2":"type-post","3":"status-publish","4":"format-standard","5":"has-post-thumbnail","7":"category-calendariodeeventos"},"_links":{"self":[{"href":"https:\/\/tveventos.tv.br\/index.php?rest_route=\/wp\/v2\/posts\/2826","targetHints":{"allow":["GET"]}}],"collection":[{"href":"https:\/\/tveventos.tv.br\/index.php?rest_route=\/wp\/v2\/posts"}],"about":[{"href":"https:\/\/tveventos.tv.br\/index.php?rest_route=\/wp\/v2\/types\/post"}],"author":[{"embeddable":true,"href":"https:\/\/tveventos.tv.br\/index.php?rest_route=\/wp\/v2\/users\/3"}],"replies":[{"embeddable":true,"href":"https:\/\/tveventos.tv.br\/index.php?rest_route=%2Fwp%2Fv2%2Fcomments&post=2826"}],"version-history":[{"count":1,"href":"https:\/\/tveventos.tv.br\/index.php?rest_route=\/wp\/v2\/posts\/2826\/revisions"}],"predecessor-version":[{"id":2828,"href":"https:\/\/tveventos.tv.br\/index.php?rest_route=\/wp\/v2\/posts\/2826\/revisions\/2828"}],"wp:featuredmedia":[{"embeddable":true,"href":"https:\/\/tveventos.tv.br\/index.php?rest_route=\/wp\/v2\/media\/2827"}],"wp:attachment":[{"href":"https:\/\/tveventos.tv.br\/index.php?rest_route=%2Fwp%2Fv2%2Fmedia&parent=2826"}],"wp:term":[{"taxonomy":"category","embeddable":true,"href":"https:\/\/tveventos.tv.br\/index.php?rest_route=%2Fwp%2Fv2%2Fcategories&post=2826"},{"taxonomy":"post_tag","embeddable":true,"href":"https:\/\/tveventos.tv.br\/index.php?rest_route=%2Fwp%2Fv2%2Ftags&post=2826"}],"curies":[{"name":"wp","href":"https:\/\/api.w.org\/{rel}","templated":true}]}}