{"id":2829,"date":"2024-08-09T14:54:13","date_gmt":"2024-08-09T17:54:13","guid":{"rendered":"https:\/\/tveventos.tv.br\/?p=2829"},"modified":"2024-08-09T14:54:15","modified_gmt":"2024-08-09T17:54:15","slug":"expolazer-outdoor-living","status":"publish","type":"post","link":"https:\/\/tveventos.tv.br\/?p=2829","title":{"rendered":"ExpoLazer &amp; Outdoor Living"},"content":{"rendered":"\n<p>A Expolazer \u00e9 um evento bienal que re\u00fane os principais stakeholders do mercado de piscinas, spas, resorts, parques aqu\u00e1ticos, decora\u00e7\u00e3o e bem-estar. \u00c9 o \u00fanico evento da Am\u00e9rica Latina no qual re\u00fane todos os temas do setor, desempenhando um papel relevante onde s\u00e3o apresentados todos os principais e mais esperados lan\u00e7amentos em produtos e servi\u00e7os. Al\u00e9m de contar com atividades integradas como aulas, f\u00f3runs e encontros para networking e muitas oportunidades de neg\u00f3cio.<\/p>\n\n\n\n<p>Junte-se a n\u00f3s nos dias 13 a 16 de agosto das 13h \u00e0s 21h, no Distrito Anhembi.<\/p>\n\n\n\n<p>Endere\u00e7o: Avenida Olavo Fontoura, N\u00b0 1. 209\/Santana, S\u00e3o Paulo, SP, 02012-021<\/p>\n","protected":false},"excerpt":{"rendered":"<p>A Expolazer \u00e9 um evento bienal que re\u00fane os principais stakeholders do mercado de piscinas, spas, resorts, parques aqu\u00e1ticos, decora\u00e7\u00e3o e bem-estar. \u00c9 o \u00fanico evento da Am\u00e9rica Latina no qual re\u00fane todos os temas do setor, desempenhando um papel relevante onde s\u00e3o apresentados todos os principais e mais esperados lan\u00e7amentos em produtos e servi\u00e7os. [&hellip;]<\/p>\n","protected":false},"author":3,"featured_media":2830,"comment_status":"open","ping_status":"open","sticky":false,"template":"","format":"standard","meta":{"footnotes":""},"categories":[25],"tags":[],"class_list":{"0":"post-2829","1":"post","2":"type-post","3":"status-publish","4":"format-standard","5":"has-post-thumbnail","7":"category-calendariodeeventos"},"_links":{"self":[{"href":"https:\/\/tveventos.tv.br\/index.php?rest_route=\/wp\/v2\/posts\/2829","targetHints":{"allow":["GET"]}}],"collection":[{"href":"https:\/\/tveventos.tv.br\/index.php?rest_route=\/wp\/v2\/posts"}],"about":[{"href":"https:\/\/tveventos.tv.br\/index.php?rest_route=\/wp\/v2\/types\/post"}],"author":[{"embeddable":true,"href":"https:\/\/tveventos.tv.br\/index.php?rest_route=\/wp\/v2\/users\/3"}],"replies":[{"embeddable":true,"href":"https:\/\/tveventos.tv.br\/index.php?rest_route=%2Fwp%2Fv2%2Fcomments&post=2829"}],"version-history":[{"count":1,"href":"https:\/\/tveventos.tv.br\/index.php?rest_route=\/wp\/v2\/posts\/2829\/revisions"}],"predecessor-version":[{"id":2831,"href":"https:\/\/tveventos.tv.br\/index.php?rest_route=\/wp\/v2\/posts\/2829\/revisions\/2831"}],"wp:featuredmedia":[{"embeddable":true,"href":"https:\/\/tveventos.tv.br\/index.php?rest_route=\/wp\/v2\/media\/2830"}],"wp:attachment":[{"href":"https:\/\/tveventos.tv.br\/index.php?rest_route=%2Fwp%2Fv2%2Fmedia&parent=2829"}],"wp:term":[{"taxonomy":"category","embeddable":true,"href":"https:\/\/tveventos.tv.br\/index.php?rest_route=%2Fwp%2Fv2%2Fcategories&post=2829"},{"taxonomy":"post_tag","embeddable":true,"href":"https:\/\/tveventos.tv.br\/index.php?rest_route=%2Fwp%2Fv2%2Ftags&post=2829"}],"curies":[{"name":"wp","href":"https:\/\/api.w.org\/{rel}","templated":true}]}}