{"id":2832,"date":"2024-08-09T15:07:44","date_gmt":"2024-08-09T18:07:44","guid":{"rendered":"https:\/\/tveventos.tv.br\/?p=2832"},"modified":"2024-08-09T15:07:47","modified_gmt":"2024-08-09T18:07:47","slug":"pet-south-america","status":"publish","type":"post","link":"https:\/\/tveventos.tv.br\/?p=2832","title":{"rendered":"Pet South America"},"content":{"rendered":"\n<p>A PET South America \u00e9 um evento destinado para profissionais do setor, promovendo encontros das principais empresas do mercado pet de nutri\u00e7\u00e3o animal, acess\u00f3rios, higiene e beleza e servi\u00e7os com petshops, varejistas, distribuidores, groomers, empreendedores e demais profissionais do mercado pet.<\/p>\n\n\n\n<p>Junte-se a n\u00f3s nos dias 14 a 16 de agosto das 13h \u00e0s 21h, no S\u00e3o Paulo Expo.<\/p>\n\n\n\n<p>Endere\u00e7o: Rod. dos Imigrantes 5, S\/N, km. 1, S\u00e3o Paulo, SP, 04329-900<\/p>\n","protected":false},"excerpt":{"rendered":"<p>A PET South America \u00e9 um evento destinado para profissionais do setor, promovendo encontros das principais empresas do mercado pet de nutri\u00e7\u00e3o animal, acess\u00f3rios, higiene e beleza e servi\u00e7os com petshops, varejistas, distribuidores, groomers, empreendedores e demais profissionais do mercado pet. Junte-se a n\u00f3s nos dias 14 a 16 de agosto das 13h \u00e0s 21h, [&hellip;]<\/p>\n","protected":false},"author":3,"featured_media":2833,"comment_status":"open","ping_status":"open","sticky":false,"template":"","format":"standard","meta":{"footnotes":""},"categories":[25],"tags":[],"class_list":{"0":"post-2832","1":"post","2":"type-post","3":"status-publish","4":"format-standard","5":"has-post-thumbnail","7":"category-calendariodeeventos"},"_links":{"self":[{"href":"https:\/\/tveventos.tv.br\/index.php?rest_route=\/wp\/v2\/posts\/2832","targetHints":{"allow":["GET"]}}],"collection":[{"href":"https:\/\/tveventos.tv.br\/index.php?rest_route=\/wp\/v2\/posts"}],"about":[{"href":"https:\/\/tveventos.tv.br\/index.php?rest_route=\/wp\/v2\/types\/post"}],"author":[{"embeddable":true,"href":"https:\/\/tveventos.tv.br\/index.php?rest_route=\/wp\/v2\/users\/3"}],"replies":[{"embeddable":true,"href":"https:\/\/tveventos.tv.br\/index.php?rest_route=%2Fwp%2Fv2%2Fcomments&post=2832"}],"version-history":[{"count":1,"href":"https:\/\/tveventos.tv.br\/index.php?rest_route=\/wp\/v2\/posts\/2832\/revisions"}],"predecessor-version":[{"id":2834,"href":"https:\/\/tveventos.tv.br\/index.php?rest_route=\/wp\/v2\/posts\/2832\/revisions\/2834"}],"wp:featuredmedia":[{"embeddable":true,"href":"https:\/\/tveventos.tv.br\/index.php?rest_route=\/wp\/v2\/media\/2833"}],"wp:attachment":[{"href":"https:\/\/tveventos.tv.br\/index.php?rest_route=%2Fwp%2Fv2%2Fmedia&parent=2832"}],"wp:term":[{"taxonomy":"category","embeddable":true,"href":"https:\/\/tveventos.tv.br\/index.php?rest_route=%2Fwp%2Fv2%2Fcategories&post=2832"},{"taxonomy":"post_tag","embeddable":true,"href":"https:\/\/tveventos.tv.br\/index.php?rest_route=%2Fwp%2Fv2%2Ftags&post=2832"}],"curies":[{"name":"wp","href":"https:\/\/api.w.org\/{rel}","templated":true}]}}