{"id":2838,"date":"2024-08-09T15:46:08","date_gmt":"2024-08-09T18:46:08","guid":{"rendered":"https:\/\/tveventos.tv.br\/?p=2838"},"modified":"2024-08-09T15:46:10","modified_gmt":"2024-08-09T18:46:10","slug":"em-sua-13a-edicao-abcasa-fair-apresenta-as-principais-tendencias-do-mercado-de-casa-e-decoracao","status":"publish","type":"post","link":"https:\/\/tveventos.tv.br\/?p=2838","title":{"rendered":"Em sua 13\u00aa edi\u00e7\u00e3o, ABCasa Fair apresenta as principais tend\u00eancias do mercado de casa e decora\u00e7\u00e3o"},"content":{"rendered":"\n<p><em>Reconhecido como a principal feira de neg\u00f3cios B2B do setor de casa e decora\u00e7\u00e3o da Am\u00e9rica Latina, o evento espera receber 50 mil visitantes entre os dias 14 e 17 de agosto.<\/em><br><\/p>\n\n\n\n<p>A ABCasa, Associa\u00e7\u00e3o Brasileira de Artigos para Casa, Decora\u00e7\u00e3o, Presentes, Utilidades Dom\u00e9sticas, Festas, Flores e T\u00eaxtil, iniciou a contagem regressiva para a 13\u00aa edi\u00e7\u00e3o da ABCasa Fair. Reconhecida como a maior feira de neg\u00f3cios B2B do setor de casa e decora\u00e7\u00e3o da Am\u00e9rica Latina, a ABCasa Fair ocorre entre os dias 14 e 17 de agosto de 2024, no Expo Center Norte, em S\u00e3o Paulo.<\/p>\n\n\n\n<p>O evento espera receber cerca de 50 mil visitantes nesta segunda edi\u00e7\u00e3o de 2024. Em sua \u00faltima realiza\u00e7\u00e3o, em fevereiro deste ano, a feira reuniu mais de 400 expositores, incluindo fabricantes, importadores e artes\u00e3os de todo o Brasil, representando 80% do mercado nacional. A ABCasa Fair se firmou como um ponto de encontro essencial para profissionais que buscam atualiza\u00e7\u00f5es sobre as \u00faltimas tend\u00eancias e novidades do setor.<\/p>\n\n\n\n<p>Eduardo Cincinato, presidente da ABCasa, ressalta a import\u00e2ncia de participar da feira tanto para expositores quanto para visitantes. &#8220;A ABCasa Fair re\u00fane os principais players nacionais e internacionais do mercado de artigos para casa, decora\u00e7\u00e3o, t\u00eaxtil, flores permanentes, utilidades dom\u00e9sticas, papelaria e presentes criativos. Participar do evento \u00e9 uma oportunidade \u00fanica para conhecer os lan\u00e7amentos mais recentes e realizar grandes neg\u00f3cios. A cada edi\u00e7\u00e3o, a ABCasa surpreende positivamente todo o mercado&#8221;, afirma Cincinato.<\/p>\n\n\n\n<p>Com mais de 75 mil metros quadrados, a ABCasa Fair se destaca por sua organiza\u00e7\u00e3o e infraestrutura. Anderson Passos, diretor executivo da ABCasa, enfatiza a import\u00e2ncia da tecnologia na experi\u00eancia do visitante. &#8220;As feiras organizadas pela ABCasa s\u00e3o estrategicamente pensadas para otimizar a jornada de compra do visitante. A tecnologia \u00e9 nossa principal aliada e a cada edi\u00e7\u00e3o, inovamos&#8221;, comenta Passos.<\/p>\n\n\n\n<p>A 13\u00aa edi\u00e7\u00e3o da ABCasa Fair promete trazer inova\u00e7\u00e3o, inspira\u00e7\u00e3o e oportunidades de neg\u00f3cios tanto nacionais quanto internacionais. Os interessados j\u00e1 podem realizar o credenciamento online e garantir sua participa\u00e7\u00e3o em um dos eventos mais importantes da Am\u00e9rica Latina.<\/p>\n\n\n\n<p>Vale lembrar que a feira \u00e9 exclusiva para compradores com CNPJ ativo e profissionais do setor. Para mais informa\u00e7\u00f5es e para realizar o credenciamento, acesse o site oficial da ABCasa.<br><\/p>\n\n\n\n<p><strong>Servi\u00e7o:<\/strong><\/p>\n\n\n\n<p>Expo Center Norte<br>Jos\u00e9 Bernardo Pinto, 333 \u2013 Vila Guilherme, 02055-000 \u2013 S\u00e3o Paulo \u2013 SP<br>14 a 17 de agosto de 2024&nbsp;<\/p>\n\n\n\n<p>Hor\u00e1rios:<br>Primeiros 3 dias: 10h \u00e0s 20h | \u00faltimo dia: 10h \u00e0s 17h<br><br>A abertura dos port\u00f5es acontece 1 hora antes do in\u00edcio do evento, \u00e0s 9h.<br>Credenciamento online poder\u00e1 ser realizado at\u00e9 segunda-feira (12\/08) <a href=\"https:\/\/abcasafair.com.br\/\">https:\/\/abcasafair.com.br\/<\/a><\/p>\n\n\n\n<p><strong>Sobre a ABCasa<\/strong><\/p>\n\n\n\n<p>A ABCasa &#8211; Associa\u00e7\u00e3o Brasileira de Artigos para a Casa, Decora\u00e7\u00e3o, Presentes, Utilidades Dom\u00e9sticas, Festas, Flores e T\u00eaxtil &#8211; \u00e9 uma entidade sem fins lucrativos, que se constitui como a mais representativa do setor. Seu objetivo principal \u00e9 fortalecer o segmento e criar uma base de relacionamento entre empresas, entidades de classe, fornecedores, distribuidores, importadoras e profissionais.<\/p>\n\n\n\n<p>Com mais de 650 associados, a organiza\u00e7\u00e3o auxilia na matura\u00e7\u00e3o do mercado de artigos para a casa e celebra\u00e7\u00e3o, oferecendo conte\u00fados, estudos setoriais e organizando eventos importantes que geram excelentes oportunidades de neg\u00f3cios aos associados.<br><br><strong>Sobre ABCasa Fair<\/strong><\/p>\n\n\n\n<p>Organizada e realizada pela ABCasa \u2013 Associa\u00e7\u00e3o Brasileira de artigos para casa, decora\u00e7\u00e3o, presente criativos, papelaria, utilidades dom\u00e9sticas, festas, flores e t\u00eaxteis para o lar \u2013, a ABCasa Fair \u00e9 uma feira B2B (business-to-business) que congrega lideran\u00e7as de neg\u00f3cios do setor para alcan\u00e7ar o que h\u00e1 de melhor em artigos para casa, presentes e festas. O evento tem a miss\u00e3o de transformar o mercado de modo sustent\u00e1vel, competitivo e inovador.<\/p>\n","protected":false},"excerpt":{"rendered":"<p>Reconhecido como a principal feira de neg\u00f3cios B2B do setor de casa e decora\u00e7\u00e3o da Am\u00e9rica Latina, o evento espera receber 50 mil visitantes entre os dias 14 e 17 de agosto. A ABCasa, Associa\u00e7\u00e3o Brasileira de Artigos para Casa, Decora\u00e7\u00e3o, Presentes, Utilidades Dom\u00e9sticas, Festas, Flores e T\u00eaxtil, iniciou a contagem regressiva para a 13\u00aa [&hellip;]<\/p>\n","protected":false},"author":3,"featured_media":2839,"comment_status":"open","ping_status":"open","sticky":false,"template":"","format":"standard","meta":{"footnotes":""},"categories":[23],"tags":[],"class_list":{"0":"post-2838","1":"post","2":"type-post","3":"status-publish","4":"format-standard","5":"has-post-thumbnail","7":"category-feirasdenegocios"},"_links":{"self":[{"href":"https:\/\/tveventos.tv.br\/index.php?rest_route=\/wp\/v2\/posts\/2838","targetHints":{"allow":["GET"]}}],"collection":[{"href":"https:\/\/tveventos.tv.br\/index.php?rest_route=\/wp\/v2\/posts"}],"about":[{"href":"https:\/\/tveventos.tv.br\/index.php?rest_route=\/wp\/v2\/types\/post"}],"author":[{"embeddable":true,"href":"https:\/\/tveventos.tv.br\/index.php?rest_route=\/wp\/v2\/users\/3"}],"replies":[{"embeddable":true,"href":"https:\/\/tveventos.tv.br\/index.php?rest_route=%2Fwp%2Fv2%2Fcomments&post=2838"}],"version-history":[{"count":1,"href":"https:\/\/tveventos.tv.br\/index.php?rest_route=\/wp\/v2\/posts\/2838\/revisions"}],"predecessor-version":[{"id":2840,"href":"https:\/\/tveventos.tv.br\/index.php?rest_route=\/wp\/v2\/posts\/2838\/revisions\/2840"}],"wp:featuredmedia":[{"embeddable":true,"href":"https:\/\/tveventos.tv.br\/index.php?rest_route=\/wp\/v2\/media\/2839"}],"wp:attachment":[{"href":"https:\/\/tveventos.tv.br\/index.php?rest_route=%2Fwp%2Fv2%2Fmedia&parent=2838"}],"wp:term":[{"taxonomy":"category","embeddable":true,"href":"https:\/\/tveventos.tv.br\/index.php?rest_route=%2Fwp%2Fv2%2Fcategories&post=2838"},{"taxonomy":"post_tag","embeddable":true,"href":"https:\/\/tveventos.tv.br\/index.php?rest_route=%2Fwp%2Fv2%2Ftags&post=2838"}],"curies":[{"name":"wp","href":"https:\/\/api.w.org\/{rel}","templated":true}]}}