{"id":2847,"date":"2024-08-12T14:04:26","date_gmt":"2024-08-12T17:04:26","guid":{"rendered":"https:\/\/tveventos.tv.br\/?p=2847"},"modified":"2024-08-12T14:04:30","modified_gmt":"2024-08-12T17:04:30","slug":"pet-vet-expo","status":"publish","type":"post","link":"https:\/\/tveventos.tv.br\/?p=2847","title":{"rendered":"Pet Vet Expo"},"content":{"rendered":"\n<p>A Pet Vet Expo \u00e9 o principal encontro do setor veterin\u00e1rio, onde o expositor se relaciona com visitantes de extrema qualidade e quem visita adquire uma atualiza\u00e7\u00e3o profissional com as principais novidades do mercado e conte\u00fado de qualidade, feito por veterin\u00e1rios e para veterin\u00e1rios.<\/p>\n\n\n\n<p>Junte-se a n\u00f3s nos dias 14 a 16 de agosto das 10h \u00e0s 21h, no S\u00e3o Paulo Expo.<\/p>\n\n\n\n<p>Endere\u00e7o: Rod. dos Imigrantes 5, S\/N, km. 1, S\u00e3o Paulo, SP, 04329-900<\/p>\n","protected":false},"excerpt":{"rendered":"<p>A Pet Vet Expo \u00e9 o principal encontro do setor veterin\u00e1rio, onde o expositor se relaciona com visitantes de extrema qualidade e quem visita adquire uma atualiza\u00e7\u00e3o profissional com as principais novidades do mercado e conte\u00fado de qualidade, feito por veterin\u00e1rios e para veterin\u00e1rios. Junte-se a n\u00f3s nos dias 14 a 16 de agosto das [&hellip;]<\/p>\n","protected":false},"author":3,"featured_media":2848,"comment_status":"open","ping_status":"open","sticky":false,"template":"","format":"standard","meta":{"footnotes":""},"categories":[25],"tags":[],"class_list":{"0":"post-2847","1":"post","2":"type-post","3":"status-publish","4":"format-standard","5":"has-post-thumbnail","7":"category-calendariodeeventos"},"_links":{"self":[{"href":"https:\/\/tveventos.tv.br\/index.php?rest_route=\/wp\/v2\/posts\/2847","targetHints":{"allow":["GET"]}}],"collection":[{"href":"https:\/\/tveventos.tv.br\/index.php?rest_route=\/wp\/v2\/posts"}],"about":[{"href":"https:\/\/tveventos.tv.br\/index.php?rest_route=\/wp\/v2\/types\/post"}],"author":[{"embeddable":true,"href":"https:\/\/tveventos.tv.br\/index.php?rest_route=\/wp\/v2\/users\/3"}],"replies":[{"embeddable":true,"href":"https:\/\/tveventos.tv.br\/index.php?rest_route=%2Fwp%2Fv2%2Fcomments&post=2847"}],"version-history":[{"count":1,"href":"https:\/\/tveventos.tv.br\/index.php?rest_route=\/wp\/v2\/posts\/2847\/revisions"}],"predecessor-version":[{"id":2849,"href":"https:\/\/tveventos.tv.br\/index.php?rest_route=\/wp\/v2\/posts\/2847\/revisions\/2849"}],"wp:featuredmedia":[{"embeddable":true,"href":"https:\/\/tveventos.tv.br\/index.php?rest_route=\/wp\/v2\/media\/2848"}],"wp:attachment":[{"href":"https:\/\/tveventos.tv.br\/index.php?rest_route=%2Fwp%2Fv2%2Fmedia&parent=2847"}],"wp:term":[{"taxonomy":"category","embeddable":true,"href":"https:\/\/tveventos.tv.br\/index.php?rest_route=%2Fwp%2Fv2%2Fcategories&post=2847"},{"taxonomy":"post_tag","embeddable":true,"href":"https:\/\/tveventos.tv.br\/index.php?rest_route=%2Fwp%2Fv2%2Ftags&post=2847"}],"curies":[{"name":"wp","href":"https:\/\/api.w.org\/{rel}","templated":true}]}}