{"id":2850,"date":"2024-08-12T14:08:39","date_gmt":"2024-08-12T17:08:39","guid":{"rendered":"https:\/\/tveventos.tv.br\/?p=2850"},"modified":"2024-08-12T14:08:41","modified_gmt":"2024-08-12T17:08:41","slug":"shimano-fest","status":"publish","type":"post","link":"https:\/\/tveventos.tv.br\/?p=2850","title":{"rendered":"Shimano Fest"},"content":{"rendered":"\n<p>O Shimano Fest \u00e9 um Festival da Bicicleta, gratuito, aberto a todos os p\u00fablicos, com diversas atividades e experi\u00eancias que incentivam a pluralidade, uni\u00e3o e a inclus\u00e3o.&nbsp;<\/p>\n\n\n\n<p>Junte-se a n\u00f3s nos dias 14 a 18 de agosto, no Memorial da Am\u00e9rica Latina.<\/p>\n\n\n\n<p>Endere\u00e7o: Av. Auro Soares de Moura Andrade, 664<\/p>\n","protected":false},"excerpt":{"rendered":"<p>O Shimano Fest \u00e9 um Festival da Bicicleta, gratuito, aberto a todos os p\u00fablicos, com diversas atividades e experi\u00eancias que incentivam a pluralidade, uni\u00e3o e a inclus\u00e3o.&nbsp; Junte-se a n\u00f3s nos dias 14 a 18 de agosto, no Memorial da Am\u00e9rica Latina. Endere\u00e7o: Av. Auro Soares de Moura Andrade, 664<\/p>\n","protected":false},"author":3,"featured_media":2851,"comment_status":"open","ping_status":"open","sticky":false,"template":"","format":"standard","meta":{"footnotes":""},"categories":[25],"tags":[],"class_list":{"0":"post-2850","1":"post","2":"type-post","3":"status-publish","4":"format-standard","5":"has-post-thumbnail","7":"category-calendariodeeventos"},"_links":{"self":[{"href":"https:\/\/tveventos.tv.br\/index.php?rest_route=\/wp\/v2\/posts\/2850","targetHints":{"allow":["GET"]}}],"collection":[{"href":"https:\/\/tveventos.tv.br\/index.php?rest_route=\/wp\/v2\/posts"}],"about":[{"href":"https:\/\/tveventos.tv.br\/index.php?rest_route=\/wp\/v2\/types\/post"}],"author":[{"embeddable":true,"href":"https:\/\/tveventos.tv.br\/index.php?rest_route=\/wp\/v2\/users\/3"}],"replies":[{"embeddable":true,"href":"https:\/\/tveventos.tv.br\/index.php?rest_route=%2Fwp%2Fv2%2Fcomments&post=2850"}],"version-history":[{"count":1,"href":"https:\/\/tveventos.tv.br\/index.php?rest_route=\/wp\/v2\/posts\/2850\/revisions"}],"predecessor-version":[{"id":2852,"href":"https:\/\/tveventos.tv.br\/index.php?rest_route=\/wp\/v2\/posts\/2850\/revisions\/2852"}],"wp:featuredmedia":[{"embeddable":true,"href":"https:\/\/tveventos.tv.br\/index.php?rest_route=\/wp\/v2\/media\/2851"}],"wp:attachment":[{"href":"https:\/\/tveventos.tv.br\/index.php?rest_route=%2Fwp%2Fv2%2Fmedia&parent=2850"}],"wp:term":[{"taxonomy":"category","embeddable":true,"href":"https:\/\/tveventos.tv.br\/index.php?rest_route=%2Fwp%2Fv2%2Fcategories&post=2850"},{"taxonomy":"post_tag","embeddable":true,"href":"https:\/\/tveventos.tv.br\/index.php?rest_route=%2Fwp%2Fv2%2Ftags&post=2850"}],"curies":[{"name":"wp","href":"https:\/\/api.w.org\/{rel}","templated":true}]}}