{"id":288,"date":"2023-09-05T08:34:13","date_gmt":"2023-09-05T11:34:13","guid":{"rendered":"http:\/\/tveventos.tv.br\/?p=288"},"modified":"2023-09-05T08:34:14","modified_gmt":"2023-09-05T11:34:14","slug":"conheca-um-poco-da-programacao-de-conteudo-da-wine-south-america-2023","status":"publish","type":"post","link":"https:\/\/tveventos.tv.br\/?p=288","title":{"rendered":"Conhe\u00e7a um poco da programa\u00e7\u00e3o de conte\u00fado da Wine South America 2023"},"content":{"rendered":"\n<p>A Serra Ga\u00facha se prepara para ser o destino de marcas e profissionais do vinho de v\u00e1rias partes do mundo com a 4\u00aa edi\u00e7\u00e3o da Wine South America (WSA).<\/p>\n\n\n\n<p>A feira de neg\u00f3cios do setor vitivin\u00edcola acontece de 12 a 14 de setembro de 2023, em Bento Gon\u00e7alves, cidade que \u00e9 considerada a capital do vinho brasileiro.<\/p>\n\n\n\n<p>Al\u00e9m de conferir as novidades do setor vitivin\u00edcola, o visitante da WSA tem acesso a uma s\u00e9rie de eventos paralelos durante a feira.<\/p>\n\n\n\n<p>Dezenas de palestras, pain\u00e9is e masterclass ser\u00e3o realizados nos tr\u00eas dias de evento. A exemplo da edi\u00e7\u00e3o passada, a 4\u00aa WSA ter\u00e1 o Espa\u00e7o Masterclass.<\/p>\n\n\n\n<p>A a\u00e7\u00e3o conta com a curadoria da Associa\u00e7\u00e3o Brasileira de Sommeliers \u2013 Rio Grande do Sul (ABS-RS). O ambiente est\u00e1 sendo projetado para ser um local de conviv\u00eancia e de aprendizado.<\/p>\n\n\n\n<p>Durante os tr\u00eas dias de feira, o espa\u00e7o reunir\u00e1 profissionais do vinho que tenham como objetivo aprofundar seus conhecimentos e realizar degusta\u00e7\u00f5es.<\/p>\n\n\n\n<p>As palestras e pain\u00e9is tamb\u00e9m s\u00e3o destaques da WSA. Elaborada com a curadoria de Diego Bertolini, que \u00e9 consultor de mercado e conta com uma bagagem de mais de 20 anos de experi\u00eancia no mundo do vinho, a programa\u00e7\u00e3o contempla temas atuais e relevantes para o universo vitivin\u00edcola.<\/p>\n\n\n\n<p><strong>CONFIRA ABAIXO ALGUMAS PALESTRAS:<\/strong><\/p>\n\n\n\n<p>* 12 de setembro | Ter\u00e7a-feira<\/p>\n\n\n\n<p>\u2013 17h \u2013 O marketing de influ\u00eancia e sua import\u00e2ncia no mercado de vinhos.<\/p>\n\n\n\n<p>Com Gianni Tartari, Jessica Marinzeck, Deisi da Costa, Glaybson Andrade @ocaradosvinhos, Luli Dias e Tomaz Saleme<\/p>\n\n\n\n<p>* 13 de setembro | Quarta-feira<\/p>\n\n\n\n<p>\u2013 14h \u2013 Mesa Redonda: Raio-X do mercado de vinhos de janeiro a agosto de 2023, com uma discuss\u00e3o global sobre as perspectivas dos principais canais de venda para 2024.<\/p>\n\n\n\n<p>Com Felipe Galtaro\u00e7a, Jo\u00e3o Pedro Campos, Fabiano Ruiz, Maiquel Vignatti, Daniel Panizzi e Peterson Cantu<\/p>\n\n\n\n<p>\u2013 16h \u2013 Tend\u00eancia de marca pr\u00f3pria no Brasil: Como aumentar a margem de lucro e impulsionar o seu crescimento financeiro.<\/p>\n\n\n\n<p>Com F\u00e1bio Augusto GPA, Ari Gorenstein, Daniela Buso, Camila Vila Verde e Lucas Afonso<\/p>\n\n\n\n<p>* 14 de setembro | Quinta-feira<\/p>\n\n\n\n<p>\u2013 14h \u2013 A intelig\u00eancia artificial e o impacto na ind\u00fastria do vinho.<\/p>\n\n\n\n<p>Com Vin\u00edcius Piva, Marina Benato, Luciano Libardi e Rodrigo Val\u00e9rio<\/p>\n\n\n\n<p>\u2013 15h30min \u2013 Como criar uma loja online de vinhos que converte<\/p>\n\n\n\n<p>Com Diego Bertolini, Eduardo Pezzi, Patr\u00edcia Carraro, Aline Ciota e Diego Fabris<\/p>\n\n\n\n<p>\u2013 17h30min \u2013 As Mulheres no mundo do vinho: Do campo \u00e0 mesa<\/p>\n\n\n\n<p>Com Bruna Crist\u00f3foli, Juciane Casagrande, Rosana Pasini e Delphine Vazquez<\/p>\n\n\n\n<p><em>Fotos: Vag\u00e3o Filmes, Divulga\u00e7\u00e3o<\/em><\/p>\n\n\n\n<p><strong>Servi\u00e7o:<\/strong><\/p>\n\n\n\n<p>Data: 12 a 14 de setembro de 2023<\/p>\n\n\n\n<p>Hor\u00e1rio: 12h \u00e0s 19h (acesso at\u00e9 as 18h)<\/p>\n\n\n\n<p>Local: Fundaparque<\/p>\n\n\n\n<p>Endere\u00e7o: Alameda Fenavinho, 481, 95703-364 \u2013 Bento Gon\u00e7alves \u2013 RS \u2013 Brasil<\/p>\n\n\n\n<p>Site:&nbsp;<a href=\"https:\/\/www.winesa.com.br\/\">https:\/\/www.winesa.com.br\/<\/a><\/p>\n","protected":false},"excerpt":{"rendered":"<p>A Serra Ga\u00facha se prepara para ser o destino de marcas e profissionais do vinho de v\u00e1rias partes do mundo com a 4\u00aa edi\u00e7\u00e3o da Wine South America (WSA). A feira de neg\u00f3cios do setor vitivin\u00edcola acontece de 12 a 14 de setembro de 2023, em Bento Gon\u00e7alves, cidade que \u00e9 considerada a capital do [&hellip;]<\/p>\n","protected":false},"author":1,"featured_media":289,"comment_status":"open","ping_status":"open","sticky":false,"template":"","format":"standard","meta":{"footnotes":""},"categories":[23],"tags":[],"class_list":{"0":"post-288","1":"post","2":"type-post","3":"status-publish","4":"format-standard","5":"has-post-thumbnail","7":"category-feirasdenegocios"},"_links":{"self":[{"href":"https:\/\/tveventos.tv.br\/index.php?rest_route=\/wp\/v2\/posts\/288","targetHints":{"allow":["GET"]}}],"collection":[{"href":"https:\/\/tveventos.tv.br\/index.php?rest_route=\/wp\/v2\/posts"}],"about":[{"href":"https:\/\/tveventos.tv.br\/index.php?rest_route=\/wp\/v2\/types\/post"}],"author":[{"embeddable":true,"href":"https:\/\/tveventos.tv.br\/index.php?rest_route=\/wp\/v2\/users\/1"}],"replies":[{"embeddable":true,"href":"https:\/\/tveventos.tv.br\/index.php?rest_route=%2Fwp%2Fv2%2Fcomments&post=288"}],"version-history":[{"count":1,"href":"https:\/\/tveventos.tv.br\/index.php?rest_route=\/wp\/v2\/posts\/288\/revisions"}],"predecessor-version":[{"id":290,"href":"https:\/\/tveventos.tv.br\/index.php?rest_route=\/wp\/v2\/posts\/288\/revisions\/290"}],"wp:featuredmedia":[{"embeddable":true,"href":"https:\/\/tveventos.tv.br\/index.php?rest_route=\/wp\/v2\/media\/289"}],"wp:attachment":[{"href":"https:\/\/tveventos.tv.br\/index.php?rest_route=%2Fwp%2Fv2%2Fmedia&parent=288"}],"wp:term":[{"taxonomy":"category","embeddable":true,"href":"https:\/\/tveventos.tv.br\/index.php?rest_route=%2Fwp%2Fv2%2Fcategories&post=288"},{"taxonomy":"post_tag","embeddable":true,"href":"https:\/\/tveventos.tv.br\/index.php?rest_route=%2Fwp%2Fv2%2Ftags&post=288"}],"curies":[{"name":"wp","href":"https:\/\/api.w.org\/{rel}","templated":true}]}}