{"id":295,"date":"2023-09-05T08:37:42","date_gmt":"2023-09-05T11:37:42","guid":{"rendered":"http:\/\/tveventos.tv.br\/?p=295"},"modified":"2023-09-05T08:37:44","modified_gmt":"2023-09-05T11:37:44","slug":"sympla-preve-crescimento-em-eventos-corporativos-no-segundo-semestre-de-2023","status":"publish","type":"post","link":"https:\/\/tveventos.tv.br\/?p=295","title":{"rendered":"Sympla prev\u00ea crescimento em eventos corporativos no segundo semestre de 2023"},"content":{"rendered":"\n<p>A Sympla, maior ecossistema de experi\u00eancias do Brasil, enxerga um movimento crescente no segmento de eventos corporativos.<\/p>\n\n\n\n<p>A plataforma conseguiu revelar informa\u00e7\u00f5es valiosas sobre as tend\u00eancias atuais dos organizadores de eventos, destacando o papel crucial da plataforma na realiza\u00e7\u00e3o de eventos presenciais e digitais em todo o pa\u00eds.<\/p>\n\n\n\n<p>Uma an\u00e1lise dos dados realizada pela Sympla revelou que 38% dos leads estavam interessados em eventos do segmento corporativo.<\/p>\n\n\n\n<p>Dentre esses eventos com cunho profissional, como confer\u00eancias e workshops, dominaram como inspiradores. Em 2019, o share era de 10% de digitais e, em 2023, aumentou para 25%.<\/p>\n\n\n\n<p>Essa parte reflete a adapta\u00e7\u00e3o cont\u00ednua dos organizadores de eventos \u00e0s demandas em constante evolu\u00e7\u00e3o do p\u00fablico, onde eventos h\u00edbridos ou totalmente digitais est\u00e3o se tornando cada vez mais populares.<\/p>\n\n\n\n<p>De acordo com a plataforma, um dos motivos para este aumento na procura demonstrou ser por causa dos estudantes de faculdades, que precisam encontrar atividades complementares para contabilizar as horas exigidas pelas institui\u00e7\u00f5es de ensino.<\/p>\n\n\n\n<p>\u201cOs eventos corporativos est\u00e3o em alta\u201d, indica Bruna Milet, CMO da Sympla.<\/p>\n\n\n\n<p>\u201c\u00c9 poss\u00edvel criar um para poucas pessoas ou at\u00e9 uma feira que ir\u00e1 receber milhares de visitantes e s\u00e3o uma \u00f3tima oportunidade para investir na carreira, aprender coisas novas e fazer networking\u201d, conclui.<\/p>\n","protected":false},"excerpt":{"rendered":"<p>A Sympla, maior ecossistema de experi\u00eancias do Brasil, enxerga um movimento crescente no segmento de eventos corporativos. A plataforma conseguiu revelar informa\u00e7\u00f5es valiosas sobre as tend\u00eancias atuais dos organizadores de eventos, destacando o papel crucial da plataforma na realiza\u00e7\u00e3o de eventos presenciais e digitais em todo o pa\u00eds. Uma an\u00e1lise dos dados realizada pela Sympla [&hellip;]<\/p>\n","protected":false},"author":1,"featured_media":296,"comment_status":"open","ping_status":"open","sticky":false,"template":"","format":"standard","meta":{"footnotes":""},"categories":[23],"tags":[],"class_list":{"0":"post-295","1":"post","2":"type-post","3":"status-publish","4":"format-standard","5":"has-post-thumbnail","7":"category-feirasdenegocios"},"_links":{"self":[{"href":"https:\/\/tveventos.tv.br\/index.php?rest_route=\/wp\/v2\/posts\/295","targetHints":{"allow":["GET"]}}],"collection":[{"href":"https:\/\/tveventos.tv.br\/index.php?rest_route=\/wp\/v2\/posts"}],"about":[{"href":"https:\/\/tveventos.tv.br\/index.php?rest_route=\/wp\/v2\/types\/post"}],"author":[{"embeddable":true,"href":"https:\/\/tveventos.tv.br\/index.php?rest_route=\/wp\/v2\/users\/1"}],"replies":[{"embeddable":true,"href":"https:\/\/tveventos.tv.br\/index.php?rest_route=%2Fwp%2Fv2%2Fcomments&post=295"}],"version-history":[{"count":1,"href":"https:\/\/tveventos.tv.br\/index.php?rest_route=\/wp\/v2\/posts\/295\/revisions"}],"predecessor-version":[{"id":297,"href":"https:\/\/tveventos.tv.br\/index.php?rest_route=\/wp\/v2\/posts\/295\/revisions\/297"}],"wp:featuredmedia":[{"embeddable":true,"href":"https:\/\/tveventos.tv.br\/index.php?rest_route=\/wp\/v2\/media\/296"}],"wp:attachment":[{"href":"https:\/\/tveventos.tv.br\/index.php?rest_route=%2Fwp%2Fv2%2Fmedia&parent=295"}],"wp:term":[{"taxonomy":"category","embeddable":true,"href":"https:\/\/tveventos.tv.br\/index.php?rest_route=%2Fwp%2Fv2%2Fcategories&post=295"},{"taxonomy":"post_tag","embeddable":true,"href":"https:\/\/tveventos.tv.br\/index.php?rest_route=%2Fwp%2Fv2%2Ftags&post=295"}],"curies":[{"name":"wp","href":"https:\/\/api.w.org\/{rel}","templated":true}]}}