{"id":301,"date":"2023-09-05T08:55:08","date_gmt":"2023-09-05T11:55:08","guid":{"rendered":"http:\/\/tveventos.tv.br\/?p=301"},"modified":"2023-09-05T08:55:10","modified_gmt":"2023-09-05T11:55:10","slug":"centro-de-eventos-do-ceara-se-prepara-para-sediar-maratona-de-eventos","status":"publish","type":"post","link":"https:\/\/tveventos.tv.br\/?p=301","title":{"rendered":"Centro de Eventos do Cear\u00e1 se prepara para sediar maratona de eventos"},"content":{"rendered":"\n<p>Em setembro, os pavilh\u00f5es do Centro de Eventos do Cear\u00e1 (CEC) estar\u00e3o com 87% de ocupa\u00e7\u00e3o, o que representa um bom momento para o turismo de neg\u00f3cios no estado.<\/p>\n\n\n\n<p>O equipamento estadual, gerido pela Secretaria do Turismo (Setur), sediar\u00e1 19 eventos, com expectativa de receber cerca de 61.500 participantes.<\/p>\n\n\n\n<p>Shows, congressos, semin\u00e1rios, workshop, f\u00f3runs e feiras ser\u00e3o realizados ao longo do per\u00edodo, se dividindo entre os dois grandes espa\u00e7os do equipamento, que s\u00e3o os pavilh\u00f5es Oeste e Leste.<\/p>\n\n\n\n<p>O show do cantor Daniel abriu a agenda no domingo, O espet\u00e1culo celebrou 40 anos de estrada com uma turn\u00ea in\u00e9dita em homenagem ao amigo Jo\u00e3o Paulo, sua dupla at\u00e9 1997.<\/p>\n\n\n\n<p>No segmento de congressos, o CEC ser\u00e1 palco das edi\u00e7\u00f5es de Fisioterapia Neurofuncional (7 a 9\/9), do Cearense de Ortopedia e Traumatologia (14 a 16\/9) e do Brasileiro de Medicina de Fam\u00edlia e Comunidade (20 a 23\/9).<\/p>\n\n\n\n<p>A 5\u00aa edi\u00e7\u00e3o da Feira Nacional de Artesanato e Cultura no Cear\u00e1 \u2013 Fenacce (25\/9 a 01\/10), evento que vai contar com a exposi\u00e7\u00e3o de mais de 27 estados, \u00e9 outro destaque.<\/p>\n\n\n\n<p>Al\u00e9m do evento Proenergia Summit (20 e 21\/9), que reunir\u00e1 autoridades p\u00fablicas e importantes agentes do setor el\u00e9trico, com representa\u00e7\u00f5es nacionais e internacionais.<\/p>\n\n\n\n<p>Na pauta est\u00e3o discuss\u00f5es do atual momento de transi\u00e7\u00e3o energ\u00e9tica global, os avan\u00e7os nas energias renov\u00e1veis e os investimentos na produ\u00e7\u00e3o de hidrog\u00eanio verde.<\/p>\n\n\n\n<p>Outro evento que deve atrair um grande p\u00fablico para o CEC ser\u00e1 a Expom\u00f3vel Cear\u00e1. Buscando otimizar a realiza\u00e7\u00e3o de neg\u00f3cios, unindo em um s\u00f3 lugar as melhores marcas do setor moveleiro.<\/p>\n\n\n\n<p>O evento busca ampliar parcerias e gerando oportunidades de atualiza\u00e7\u00e3o e network, o p\u00fablico estimado para a feira exclusiva para lojistas \u00e9 de 3.000 pessoas.<\/p>\n\n\n\n<p>Com data de realiza\u00e7\u00e3o entre os dias 4 e 6, a feira ter\u00e1 abrang\u00eancia nacional. A organiza\u00e7\u00e3o, para atrair empres\u00e1rios do setor de m\u00f3veis, eletrodom\u00e9sticos e colch\u00f5es oferece estadia gratuita para lojistas de estados vizinhos durante o per\u00edodo do evento.<\/p>\n\n\n\n<p>S\u00f3 em Fortaleza, foram 200 reservas feitas. Ou seja, ao menos dois hot\u00e9is da cidade estar\u00e3o com 100% de ocupa\u00e7\u00e3o.<\/p>\n","protected":false},"excerpt":{"rendered":"<p>Em setembro, os pavilh\u00f5es do Centro de Eventos do Cear\u00e1 (CEC) estar\u00e3o com 87% de ocupa\u00e7\u00e3o, o que representa um bom momento para o turismo de neg\u00f3cios no estado. O equipamento estadual, gerido pela Secretaria do Turismo (Setur), sediar\u00e1 19 eventos, com expectativa de receber cerca de 61.500 participantes. Shows, congressos, semin\u00e1rios, workshop, f\u00f3runs e [&hellip;]<\/p>\n","protected":false},"author":1,"featured_media":302,"comment_status":"open","ping_status":"open","sticky":false,"template":"","format":"standard","meta":{"footnotes":""},"categories":[1],"tags":[],"class_list":{"0":"post-301","1":"post","2":"type-post","3":"status-publish","4":"format-standard","5":"has-post-thumbnail","7":"category-workshopsepalestras"},"_links":{"self":[{"href":"https:\/\/tveventos.tv.br\/index.php?rest_route=\/wp\/v2\/posts\/301","targetHints":{"allow":["GET"]}}],"collection":[{"href":"https:\/\/tveventos.tv.br\/index.php?rest_route=\/wp\/v2\/posts"}],"about":[{"href":"https:\/\/tveventos.tv.br\/index.php?rest_route=\/wp\/v2\/types\/post"}],"author":[{"embeddable":true,"href":"https:\/\/tveventos.tv.br\/index.php?rest_route=\/wp\/v2\/users\/1"}],"replies":[{"embeddable":true,"href":"https:\/\/tveventos.tv.br\/index.php?rest_route=%2Fwp%2Fv2%2Fcomments&post=301"}],"version-history":[{"count":1,"href":"https:\/\/tveventos.tv.br\/index.php?rest_route=\/wp\/v2\/posts\/301\/revisions"}],"predecessor-version":[{"id":303,"href":"https:\/\/tveventos.tv.br\/index.php?rest_route=\/wp\/v2\/posts\/301\/revisions\/303"}],"wp:featuredmedia":[{"embeddable":true,"href":"https:\/\/tveventos.tv.br\/index.php?rest_route=\/wp\/v2\/media\/302"}],"wp:attachment":[{"href":"https:\/\/tveventos.tv.br\/index.php?rest_route=%2Fwp%2Fv2%2Fmedia&parent=301"}],"wp:term":[{"taxonomy":"category","embeddable":true,"href":"https:\/\/tveventos.tv.br\/index.php?rest_route=%2Fwp%2Fv2%2Fcategories&post=301"},{"taxonomy":"post_tag","embeddable":true,"href":"https:\/\/tveventos.tv.br\/index.php?rest_route=%2Fwp%2Fv2%2Ftags&post=301"}],"curies":[{"name":"wp","href":"https:\/\/api.w.org\/{rel}","templated":true}]}}