{"id":305,"date":"2023-09-05T08:56:50","date_gmt":"2023-09-05T11:56:50","guid":{"rendered":"http:\/\/tveventos.tv.br\/?p=305"},"modified":"2023-09-05T08:56:51","modified_gmt":"2023-09-05T11:56:51","slug":"blue-med-convention-center-encerrou-primeiro-semestre-com-29-eventos","status":"publish","type":"post","link":"https:\/\/tveventos.tv.br\/?p=305","title":{"rendered":"Blue Med Convention Center encerrou primeiro semestre com 29 eventos"},"content":{"rendered":"\n<p>O Blue Med Convention Center, um dos maiores espa\u00e7os para shows e eventos em Santos, movimentou a agenda da regi\u00e3o no primeiro semestre de 2023.<\/p>\n\n\n\n<p>Apenas de janeiro a junho deste ano, o espa\u00e7o recebeu 29 eventos de grande porte e um total aproximado de 80 mil pessoas.<\/p>\n\n\n\n<p>Na concorrida programa\u00e7\u00e3o, os shows mais movimentados at\u00e9 o momento foram Tiaguinho, Gusttavo Lima, Seu Jorge e Alexandre Pires, na turn\u00ea Irm\u00e3os.<\/p>\n\n\n\n<p>Mas os grandes destaques da casa n\u00e3o s\u00e3o apenas de entretenimento. Nos \u00faltimos meses o Blue Med Convention Center recebeu importantes feiras e eventos.<\/p>\n\n\n\n<p>Um exemplo disso, foi o Congresso Paulista de Neurologia, que aconteceu no in\u00edcio de junho e contou com a presen\u00e7a de 3 mil participantes. O F\u00f3rum Nacional de Log\u00edstica, Infraestrutura e Transportes, ocorrido no mesmo m\u00eas.<\/p>\n\n\n\n<p>Ainda: o Anime Santos Geek Fest, que aconteceu em mar\u00e7o, tamb\u00e9m foi um dos destaques que posicionaram o Blue Med nas grandes conven\u00e7\u00f5es de neg\u00f3cios do Brasil.<\/p>\n\n\n\n<p>Uma programa\u00e7\u00e3o totalmente voltada ao p\u00fablico local \u00e9 o tradicional Gran Bazar, sempre realizado para incentivar empreendedores locais.<\/p>\n\n\n\n<p>Com entrada gratuita e muitas op\u00e7\u00f5es de compras e divers\u00e3o para todas as idades, somente no primeiro semestre foram realizadas tr\u00eas edi\u00e7\u00f5es em finais de semana de fevereiro, mar\u00e7o e maio.&nbsp;<\/p>\n\n\n\n<p>At\u00e9 o final do ano outras edi\u00e7\u00f5es est\u00e3o previstas, contando com a comemora\u00e7\u00e3o dos 5 anos do evento que ser\u00e1 realizada nos dias 23 e 24 de setembro.<\/p>\n\n\n\n<p>\u201cO primeiro semestre de 2023 foi excelente e as expectativas at\u00e9 o final do ano s\u00e3o ainda melhores\u201d, afirma Cristian Ynonye, gerente geral da GL events Brasil e respons\u00e1vel pela venue.<\/p>\n\n\n\n<p>\u201cNosso grande objetivo \u00e9 movimentar a economia, gerar emprego e renda, sempre integrando a comunidade santista \u00e0s novas oportunidades e novos neg\u00f3cios\u201d, completa.<\/p>\n\n\n\n<p><strong>SEGUNDO SEMESTRE<\/strong><\/p>\n\n\n\n<p>O segundo semestre come\u00e7ou com for\u00e7a total. Entre julho e dezembro j\u00e1 foram negociados 69 eventos, com 50 deles contratados.<\/p>\n\n\n\n<p>Em julho, Santos recebeu o show do Rei Roberto Carlos. J\u00e1 agosto iniciou com o 2\u00ba Simp\u00f3sio Nacional de Cidades Inteligentes, realizado pelo CREA-SP, que contou com a participa\u00e7\u00e3o de 2.500 pessoas, seguido do Congresso Nacional de T\u00e9cnicas em Artes de Fogo.<\/p>\n\n\n\n<p>O m\u00eas se encerrar\u00e1 com o APAS Experience, evento da Associa\u00e7\u00e3o Paulista de Supermercados.<\/p>\n\n\n\n<p>Ainda para o segundo semestre de 2023 est\u00e3o previstos outros importantes eventos que ir\u00e3o movimentar a regi\u00e3o como:<\/p>\n\n\n\n<p>\u2013 Art Mundi (Feira Mundial de Artesanato), Congresso Porto Ind\u00fastria, a comemora\u00e7\u00e3o dos 5 anos do Gran Bazar;<\/p>\n\n\n\n<p>\u2013 Tatto Santos Festival, que entra para o calend\u00e1rio da cidade para os pr\u00f3ximos 4 anos, al\u00e9m dos shows musicais de Belo, Sorriso Maroto e Lulu Santos, entre outras programa\u00e7\u00f5es.<\/p>\n","protected":false},"excerpt":{"rendered":"<p>O Blue Med Convention Center, um dos maiores espa\u00e7os para shows e eventos em Santos, movimentou a agenda da regi\u00e3o no primeiro semestre de 2023. Apenas de janeiro a junho deste ano, o espa\u00e7o recebeu 29 eventos de grande porte e um total aproximado de 80 mil pessoas. Na concorrida programa\u00e7\u00e3o, os shows mais movimentados [&hellip;]<\/p>\n","protected":false},"author":1,"featured_media":306,"comment_status":"open","ping_status":"open","sticky":false,"template":"","format":"standard","meta":{"footnotes":""},"categories":[1],"tags":[],"class_list":{"0":"post-305","1":"post","2":"type-post","3":"status-publish","4":"format-standard","5":"has-post-thumbnail","7":"category-workshopsepalestras"},"_links":{"self":[{"href":"https:\/\/tveventos.tv.br\/index.php?rest_route=\/wp\/v2\/posts\/305","targetHints":{"allow":["GET"]}}],"collection":[{"href":"https:\/\/tveventos.tv.br\/index.php?rest_route=\/wp\/v2\/posts"}],"about":[{"href":"https:\/\/tveventos.tv.br\/index.php?rest_route=\/wp\/v2\/types\/post"}],"author":[{"embeddable":true,"href":"https:\/\/tveventos.tv.br\/index.php?rest_route=\/wp\/v2\/users\/1"}],"replies":[{"embeddable":true,"href":"https:\/\/tveventos.tv.br\/index.php?rest_route=%2Fwp%2Fv2%2Fcomments&post=305"}],"version-history":[{"count":1,"href":"https:\/\/tveventos.tv.br\/index.php?rest_route=\/wp\/v2\/posts\/305\/revisions"}],"predecessor-version":[{"id":307,"href":"https:\/\/tveventos.tv.br\/index.php?rest_route=\/wp\/v2\/posts\/305\/revisions\/307"}],"wp:featuredmedia":[{"embeddable":true,"href":"https:\/\/tveventos.tv.br\/index.php?rest_route=\/wp\/v2\/media\/306"}],"wp:attachment":[{"href":"https:\/\/tveventos.tv.br\/index.php?rest_route=%2Fwp%2Fv2%2Fmedia&parent=305"}],"wp:term":[{"taxonomy":"category","embeddable":true,"href":"https:\/\/tveventos.tv.br\/index.php?rest_route=%2Fwp%2Fv2%2Fcategories&post=305"},{"taxonomy":"post_tag","embeddable":true,"href":"https:\/\/tveventos.tv.br\/index.php?rest_route=%2Fwp%2Fv2%2Ftags&post=305"}],"curies":[{"name":"wp","href":"https:\/\/api.w.org\/{rel}","templated":true}]}}