{"id":3078,"date":"2024-08-27T15:23:24","date_gmt":"2024-08-27T18:23:24","guid":{"rendered":"https:\/\/tveventos.tv.br\/?p=3078"},"modified":"2024-08-27T15:23:51","modified_gmt":"2024-08-27T18:23:51","slug":"fesqua","status":"publish","type":"post","link":"https:\/\/tveventos.tv.br\/?p=3078","title":{"rendered":"FESQUA"},"content":{"rendered":"\n<p>A FESQUA (A Feira Internacional da Ind\u00fastria de Esquadrias) chega \u00e0 sua 15\u00aa edi\u00e7\u00e3o consolidada como o maior e mais importante evento para o mercado de Esquadrias da Am\u00e9rica Latina. A feira tornou-se um verdadeiro e poderoso centro gerador de neg\u00f3cios e oportunidades lucrativas para as empresas expositoras e para os visitantes, potenciais compradores desse mercado.<\/p>\n\n\n\n<p>Junte-se a n\u00f3s nos dias 11 a 14 de setembro, no S\u00e3o Paulo Expo.<\/p>\n\n\n\n<p>Hor\u00e1rios: dias 11, 12 e 13 das 13h \u00e0s 20h;<\/p>\n\n\n\n<p>dia 14 das 11h \u00e0s 18h.<\/p>\n\n\n\n<p>Endere\u00e7o: Rod. dos Imigrantes 5, S\/N, km. 1, S\u00e3o Paulo, SP, 04329-900<\/p>\n","protected":false},"excerpt":{"rendered":"<p>A FESQUA (A Feira Internacional da Ind\u00fastria de Esquadrias) chega \u00e0 sua 15\u00aa edi\u00e7\u00e3o consolidada como o maior e mais importante evento para o mercado de Esquadrias da Am\u00e9rica Latina. A feira tornou-se um verdadeiro e poderoso centro gerador de neg\u00f3cios e oportunidades lucrativas para as empresas expositoras e para os visitantes, potenciais compradores desse [&hellip;]<\/p>\n","protected":false},"author":3,"featured_media":3079,"comment_status":"open","ping_status":"open","sticky":false,"template":"","format":"standard","meta":{"footnotes":""},"categories":[25],"tags":[],"class_list":{"0":"post-3078","1":"post","2":"type-post","3":"status-publish","4":"format-standard","5":"has-post-thumbnail","7":"category-calendariodeeventos"},"_links":{"self":[{"href":"https:\/\/tveventos.tv.br\/index.php?rest_route=\/wp\/v2\/posts\/3078","targetHints":{"allow":["GET"]}}],"collection":[{"href":"https:\/\/tveventos.tv.br\/index.php?rest_route=\/wp\/v2\/posts"}],"about":[{"href":"https:\/\/tveventos.tv.br\/index.php?rest_route=\/wp\/v2\/types\/post"}],"author":[{"embeddable":true,"href":"https:\/\/tveventos.tv.br\/index.php?rest_route=\/wp\/v2\/users\/3"}],"replies":[{"embeddable":true,"href":"https:\/\/tveventos.tv.br\/index.php?rest_route=%2Fwp%2Fv2%2Fcomments&post=3078"}],"version-history":[{"count":2,"href":"https:\/\/tveventos.tv.br\/index.php?rest_route=\/wp\/v2\/posts\/3078\/revisions"}],"predecessor-version":[{"id":3081,"href":"https:\/\/tveventos.tv.br\/index.php?rest_route=\/wp\/v2\/posts\/3078\/revisions\/3081"}],"wp:featuredmedia":[{"embeddable":true,"href":"https:\/\/tveventos.tv.br\/index.php?rest_route=\/wp\/v2\/media\/3079"}],"wp:attachment":[{"href":"https:\/\/tveventos.tv.br\/index.php?rest_route=%2Fwp%2Fv2%2Fmedia&parent=3078"}],"wp:term":[{"taxonomy":"category","embeddable":true,"href":"https:\/\/tveventos.tv.br\/index.php?rest_route=%2Fwp%2Fv2%2Fcategories&post=3078"},{"taxonomy":"post_tag","embeddable":true,"href":"https:\/\/tveventos.tv.br\/index.php?rest_route=%2Fwp%2Fv2%2Ftags&post=3078"}],"curies":[{"name":"wp","href":"https:\/\/api.w.org\/{rel}","templated":true}]}}