{"id":308,"date":"2023-09-05T08:59:42","date_gmt":"2023-09-05T11:59:42","guid":{"rendered":"http:\/\/tveventos.tv.br\/?p=308"},"modified":"2023-09-05T08:59:43","modified_gmt":"2023-09-05T11:59:43","slug":"ativen-e-aging-2-0-propoem-debates-sobre-educacao-tecnologia-inovacao-e-saude-durante-a-longevidade-expoforum","status":"publish","type":"post","link":"https:\/\/tveventos.tv.br\/?p=308","title":{"rendered":"Ativen e Aging 2.0 prop\u00f5em debates sobre educa\u00e7\u00e3o, tecnologia, inova\u00e7\u00e3o e sa\u00fade durante a Longevidade Expo+F\u00f3rum"},"content":{"rendered":"\n<p>\u201cAprender \u00e9 a \u00fanica coisa de que a mente nunca se cansa, nunca tem medo e nunca se arrepende.\u201d A frase do pol\u00edmata Leonardo da Vinci ressalta o valor do aprendizado em todas as fases da vida, inclusive na longevidade. O aprendizado cont\u00ednuo, sobretudo na idade madura, estimula o c\u00e9rebro, mantendo-o ativo e ajudando a preservar a sa\u00fade cognitiva. Al\u00e9m disso, a pr\u00e1tica ajuda na socializa\u00e7\u00e3o e oferece a oportunidade de explorar novos interesses e diferentes \u00e1reas de conhecimento. Para destacar a import\u00e2ncia da educa\u00e7\u00e3o para os 50+, a quinta edi\u00e7\u00e3o da Longevidade Expo+F\u00f3rum abordar\u00e1 o tema de forma intensa, por meio de diversas atividades e palestras.<\/p>\n\n\n\n<p>Um dos destaques deste ano \u00e9 o painel \u201cAprendizado 50+: o papel das universidades na gera\u00e7\u00e3o de prop\u00f3sito de vida, empreendedorismo e capacita\u00e7\u00e3o\u201d,&nbsp; concebido pela Ativen. O encontro vai conduzir os participantes \u00e0 reflex\u00e3o das oportunidades que o aprendizado continuado pode trazer \u00e0 vida s\u00eanior, al\u00e9m de debater a necessidade de mais investiga\u00e7\u00e3o e interesse por parte das institui\u00e7\u00f5es de ensino para atra\u00edrem alunos 50+ para seus cursos.&nbsp;<\/p>\n\n\n\n<p>De acordo com o CEO e co-founder da Ativen, embaixador do Aging 2.0 para a Am\u00e9rica Latina e moderador do painel, S\u00e9rgio Duque Estrada, a ideia \u00e9 levar ao palco da Longevidade Expo o debate sobre os projetos das universidades p\u00fablicas e privadas para a popula\u00e7\u00e3o s\u00eanior.<\/p>\n\n\n\n<p>\u201cQueremos explorar as potencialidades do aprendizado voltado para as necessidades e desejos do p\u00fablico 50+, abordando as demandas desse p\u00fablico que n\u00e3o \u00e9 homog\u00eaneo. Precisamos discutir qual \u00e9 a grade pedag\u00f3gica mais interessante para essas pessoas, bem como a import\u00e2ncia da intergeracionalidade na educa\u00e7\u00e3o e nos neg\u00f3cios. Ser\u00e1 uma conversa importante, que ajudar\u00e1 a expandir o pensamento de pessoas, institui\u00e7\u00f5es de ensino e de empresas\u201d, destaca.<\/p>\n\n\n\n<figure class=\"wp-block-image size-full\"><img loading=\"lazy\" decoding=\"async\" width=\"768\" height=\"468\" src=\"http:\/\/tveventos.tv.br\/wp-content\/uploads\/2023\/09\/tecnologia-na-terceira-idade-risco-ou-beneficio-768x468-1.webp\" alt=\"\" class=\"wp-image-309\" srcset=\"https:\/\/tveventos.tv.br\/wp-content\/uploads\/2023\/09\/tecnologia-na-terceira-idade-risco-ou-beneficio-768x468-1.webp 768w, https:\/\/tveventos.tv.br\/wp-content\/uploads\/2023\/09\/tecnologia-na-terceira-idade-risco-ou-beneficio-768x468-1-300x183.webp 300w, https:\/\/tveventos.tv.br\/wp-content\/uploads\/2023\/09\/tecnologia-na-terceira-idade-risco-ou-beneficio-768x468-1-150x91.webp 150w, https:\/\/tveventos.tv.br\/wp-content\/uploads\/2023\/09\/tecnologia-na-terceira-idade-risco-ou-beneficio-768x468-1-696x424.webp 696w\" sizes=\"auto, (max-width: 768px) 100vw, 768px\" \/><\/figure>\n\n\n\n<p><strong><em>Telemedicina e seus impactos na sa\u00fade 60+: presente &amp; futuro<\/em><\/strong><\/p>\n\n\n\n<p>Ainda falando sobre atualiza\u00e7\u00e3o do conhecimento,&nbsp; a Ativen juntamente com o Aging 2.0, apresentar\u00e3o na Longevidade Expo+Forum um painel especial sobre a import\u00e2ncia da utiliza\u00e7\u00e3o das inova\u00e7\u00f5es tecnol\u00f3gicas nos lares, ILPIs (Institui\u00e7\u00f5es de Longa Perman\u00eancia de Idosos), nas cl\u00ednicas, consult\u00f3rios m\u00e9dicos e em hospitais. Tamb\u00e9m se discutir\u00e1 a adequa\u00e7\u00e3o e acessibilidade das inova\u00e7\u00f5es de sa\u00fade para os 50+.<\/p>\n\n\n\n<p>\u201cO objetivo \u00e9 abordar como os 50+ interagem com essas tecnologias e como as empresas podem pensar solu\u00e7\u00f5es que atendam \u00e0s necessidades desse p\u00fablico, atrav\u00e9s de sistemas mais acess\u00edveis e intuitivos\u201d, enfatiza Duque Estrada. O especialista ressalta ainda a import\u00e2ncia de pensar em um design universal, que seja inclusivo e que colabore diretamente para a sa\u00fade, para a seguran\u00e7a e para o bem-estar do longevo e de qualquer outra gera\u00e7\u00e3o. O painel deve contar com a participa\u00e7\u00e3o de Dr. Chao Lung Wen, m\u00e9dico, professor e chefe da disciplina de Telemedicina da Faculdade de Medicina da Universidade de S\u00e3o Paulo (USP) e do Dr. Fabr\u00edcio Machado, diretor de inova\u00e7\u00e3o da Prevent Senior.<\/p>\n\n\n\n<p>A edi\u00e7\u00e3o de 2023 da Longevidade Expo+F\u00f3rum acontece de 29 de setembro a 1\u00ba de outubro no Expo Center Norte, em S\u00e3o Paulo. Confira a programa\u00e7\u00e3o do Congresso Longevidade aqui e aproveite para fazer a sua inscri\u00e7\u00e3o.<\/p>\n","protected":false},"excerpt":{"rendered":"<p>\u201cAprender \u00e9 a \u00fanica coisa de que a mente nunca se cansa, nunca tem medo e nunca se arrepende.\u201d A frase do pol\u00edmata Leonardo da Vinci ressalta o valor do aprendizado em todas as fases da vida, inclusive na longevidade. O aprendizado cont\u00ednuo, sobretudo na idade madura, estimula o c\u00e9rebro, mantendo-o ativo e ajudando a [&hellip;]<\/p>\n","protected":false},"author":1,"featured_media":310,"comment_status":"open","ping_status":"open","sticky":false,"template":"","format":"standard","meta":{"footnotes":""},"categories":[23],"tags":[],"class_list":{"0":"post-308","1":"post","2":"type-post","3":"status-publish","4":"format-standard","5":"has-post-thumbnail","7":"category-feirasdenegocios"},"_links":{"self":[{"href":"https:\/\/tveventos.tv.br\/index.php?rest_route=\/wp\/v2\/posts\/308","targetHints":{"allow":["GET"]}}],"collection":[{"href":"https:\/\/tveventos.tv.br\/index.php?rest_route=\/wp\/v2\/posts"}],"about":[{"href":"https:\/\/tveventos.tv.br\/index.php?rest_route=\/wp\/v2\/types\/post"}],"author":[{"embeddable":true,"href":"https:\/\/tveventos.tv.br\/index.php?rest_route=\/wp\/v2\/users\/1"}],"replies":[{"embeddable":true,"href":"https:\/\/tveventos.tv.br\/index.php?rest_route=%2Fwp%2Fv2%2Fcomments&post=308"}],"version-history":[{"count":1,"href":"https:\/\/tveventos.tv.br\/index.php?rest_route=\/wp\/v2\/posts\/308\/revisions"}],"predecessor-version":[{"id":311,"href":"https:\/\/tveventos.tv.br\/index.php?rest_route=\/wp\/v2\/posts\/308\/revisions\/311"}],"wp:featuredmedia":[{"embeddable":true,"href":"https:\/\/tveventos.tv.br\/index.php?rest_route=\/wp\/v2\/media\/310"}],"wp:attachment":[{"href":"https:\/\/tveventos.tv.br\/index.php?rest_route=%2Fwp%2Fv2%2Fmedia&parent=308"}],"wp:term":[{"taxonomy":"category","embeddable":true,"href":"https:\/\/tveventos.tv.br\/index.php?rest_route=%2Fwp%2Fv2%2Fcategories&post=308"},{"taxonomy":"post_tag","embeddable":true,"href":"https:\/\/tveventos.tv.br\/index.php?rest_route=%2Fwp%2Fv2%2Ftags&post=308"}],"curies":[{"name":"wp","href":"https:\/\/api.w.org\/{rel}","templated":true}]}}