{"id":3082,"date":"2024-08-27T15:33:17","date_gmt":"2024-08-27T18:33:17","guid":{"rendered":"https:\/\/tveventos.tv.br\/?p=3082"},"modified":"2024-08-27T15:33:19","modified_gmt":"2024-08-27T18:33:19","slug":"innopharma","status":"publish","type":"post","link":"https:\/\/tveventos.tv.br\/?p=3082","title":{"rendered":"InnoPharma"},"content":{"rendered":"\n<p>Chegando em sua 7\u00aa edi\u00e7\u00e3o, o InnoPharma Conference \u00e9 reconhecido pelo seu formato itinerante, acompanhando as necessidades do mercado e levando conhecimento para os principais polos farmac\u00eauticos do pa\u00eds.<\/p>\n\n\n\n<p>Junte-se a n\u00f3s no dia 12 de setembro das 08h \u00e0s 18h, no Hotel Premium Campinas.<\/p>\n\n\n\n<p>Endere\u00e7o: Rua Novotel 931, Campinas, SP, 13067-901<\/p>\n","protected":false},"excerpt":{"rendered":"<p>Chegando em sua 7\u00aa edi\u00e7\u00e3o, o InnoPharma Conference \u00e9 reconhecido pelo seu formato itinerante, acompanhando as necessidades do mercado e levando conhecimento para os principais polos farmac\u00eauticos do pa\u00eds. Junte-se a n\u00f3s no dia 12 de setembro das 08h \u00e0s 18h, no Hotel Premium Campinas. Endere\u00e7o: Rua Novotel 931, Campinas, SP, 13067-901<\/p>\n","protected":false},"author":3,"featured_media":3083,"comment_status":"open","ping_status":"open","sticky":false,"template":"","format":"standard","meta":{"footnotes":""},"categories":[25],"tags":[],"class_list":{"0":"post-3082","1":"post","2":"type-post","3":"status-publish","4":"format-standard","5":"has-post-thumbnail","7":"category-calendariodeeventos"},"_links":{"self":[{"href":"https:\/\/tveventos.tv.br\/index.php?rest_route=\/wp\/v2\/posts\/3082","targetHints":{"allow":["GET"]}}],"collection":[{"href":"https:\/\/tveventos.tv.br\/index.php?rest_route=\/wp\/v2\/posts"}],"about":[{"href":"https:\/\/tveventos.tv.br\/index.php?rest_route=\/wp\/v2\/types\/post"}],"author":[{"embeddable":true,"href":"https:\/\/tveventos.tv.br\/index.php?rest_route=\/wp\/v2\/users\/3"}],"replies":[{"embeddable":true,"href":"https:\/\/tveventos.tv.br\/index.php?rest_route=%2Fwp%2Fv2%2Fcomments&post=3082"}],"version-history":[{"count":1,"href":"https:\/\/tveventos.tv.br\/index.php?rest_route=\/wp\/v2\/posts\/3082\/revisions"}],"predecessor-version":[{"id":3084,"href":"https:\/\/tveventos.tv.br\/index.php?rest_route=\/wp\/v2\/posts\/3082\/revisions\/3084"}],"wp:featuredmedia":[{"embeddable":true,"href":"https:\/\/tveventos.tv.br\/index.php?rest_route=\/wp\/v2\/media\/3083"}],"wp:attachment":[{"href":"https:\/\/tveventos.tv.br\/index.php?rest_route=%2Fwp%2Fv2%2Fmedia&parent=3082"}],"wp:term":[{"taxonomy":"category","embeddable":true,"href":"https:\/\/tveventos.tv.br\/index.php?rest_route=%2Fwp%2Fv2%2Fcategories&post=3082"},{"taxonomy":"post_tag","embeddable":true,"href":"https:\/\/tveventos.tv.br\/index.php?rest_route=%2Fwp%2Fv2%2Ftags&post=3082"}],"curies":[{"name":"wp","href":"https:\/\/api.w.org\/{rel}","templated":true}]}}