{"id":3085,"date":"2024-08-27T16:03:33","date_gmt":"2024-08-27T19:03:33","guid":{"rendered":"https:\/\/tveventos.tv.br\/?p=3085"},"modified":"2024-08-27T16:03:36","modified_gmt":"2024-08-27T19:03:36","slug":"expo-ciee-2024","status":"publish","type":"post","link":"https:\/\/tveventos.tv.br\/?p=3085","title":{"rendered":"EXPO CIEE 2024"},"content":{"rendered":"\n<p>A EXPO CIEE 2024 trar\u00e1 uma trilha de conhecimento cheia de inova\u00e7\u00e3o e tecnologia, onde o p\u00fablico poder\u00e1 se preparar para o mundo do trabalho atrav\u00e9s de oficinas de curr\u00edculo, testes vocacionais, simula\u00e7\u00f5es de entrevistas e palestras com os mais renomados nomes do mundo do trabalho. E ainda: milhares de vagas de est\u00e1gio e aprendizagem!<\/p>\n\n\n\n<p>Junte-se a n\u00f3s nos dias 12 a 14 de setembro das 09h \u00e0s 18h, no Pavilh\u00e3o Amarelo do Expo Center Norte.<\/p>\n\n\n\n<p>Endere\u00e7o: Rua Jos\u00e9 Bernardo Pinto 333, S\u00e3o Paulo, SP, 02055-000&nbsp;<\/p>\n","protected":false},"excerpt":{"rendered":"<p>A EXPO CIEE 2024 trar\u00e1 uma trilha de conhecimento cheia de inova\u00e7\u00e3o e tecnologia, onde o p\u00fablico poder\u00e1 se preparar para o mundo do trabalho atrav\u00e9s de oficinas de curr\u00edculo, testes vocacionais, simula\u00e7\u00f5es de entrevistas e palestras com os mais renomados nomes do mundo do trabalho. E ainda: milhares de vagas de est\u00e1gio e aprendizagem! [&hellip;]<\/p>\n","protected":false},"author":3,"featured_media":3086,"comment_status":"open","ping_status":"open","sticky":false,"template":"","format":"standard","meta":{"footnotes":""},"categories":[25],"tags":[],"class_list":{"0":"post-3085","1":"post","2":"type-post","3":"status-publish","4":"format-standard","5":"has-post-thumbnail","7":"category-calendariodeeventos"},"_links":{"self":[{"href":"https:\/\/tveventos.tv.br\/index.php?rest_route=\/wp\/v2\/posts\/3085","targetHints":{"allow":["GET"]}}],"collection":[{"href":"https:\/\/tveventos.tv.br\/index.php?rest_route=\/wp\/v2\/posts"}],"about":[{"href":"https:\/\/tveventos.tv.br\/index.php?rest_route=\/wp\/v2\/types\/post"}],"author":[{"embeddable":true,"href":"https:\/\/tveventos.tv.br\/index.php?rest_route=\/wp\/v2\/users\/3"}],"replies":[{"embeddable":true,"href":"https:\/\/tveventos.tv.br\/index.php?rest_route=%2Fwp%2Fv2%2Fcomments&post=3085"}],"version-history":[{"count":1,"href":"https:\/\/tveventos.tv.br\/index.php?rest_route=\/wp\/v2\/posts\/3085\/revisions"}],"predecessor-version":[{"id":3087,"href":"https:\/\/tveventos.tv.br\/index.php?rest_route=\/wp\/v2\/posts\/3085\/revisions\/3087"}],"wp:featuredmedia":[{"embeddable":true,"href":"https:\/\/tveventos.tv.br\/index.php?rest_route=\/wp\/v2\/media\/3086"}],"wp:attachment":[{"href":"https:\/\/tveventos.tv.br\/index.php?rest_route=%2Fwp%2Fv2%2Fmedia&parent=3085"}],"wp:term":[{"taxonomy":"category","embeddable":true,"href":"https:\/\/tveventos.tv.br\/index.php?rest_route=%2Fwp%2Fv2%2Fcategories&post=3085"},{"taxonomy":"post_tag","embeddable":true,"href":"https:\/\/tveventos.tv.br\/index.php?rest_route=%2Fwp%2Fv2%2Ftags&post=3085"}],"curies":[{"name":"wp","href":"https:\/\/api.w.org\/{rel}","templated":true}]}}