{"id":3088,"date":"2024-08-28T15:14:32","date_gmt":"2024-08-28T18:14:32","guid":{"rendered":"https:\/\/tveventos.tv.br\/?p=3088"},"modified":"2024-08-28T15:14:35","modified_gmt":"2024-08-28T18:14:35","slug":"abm-week-2024-principais-especialistas-do-setor-integram-debates-no-maior-evento-tecnico-cientifico-da-america-latina-nas-areas-de-metalurgia-materiais-e-mineracao","status":"publish","type":"post","link":"https:\/\/tveventos.tv.br\/?p=3088","title":{"rendered":"ABM Week 2024: Principais especialistas do setor integram debates no maior evento t\u00e9cnico-cient\u00edfico da Am\u00e9rica Latina nas \u00e1reas de metalurgia, materiais e minera\u00e7\u00e3o"},"content":{"rendered":"\n<p class=\"has-text-align-center\"><em>Pesquisadores e executivos das maiores empresas nacionais e multinacionais estar\u00e3o presentes no evento, que discute renova\u00e7\u00e3o e sustentabilidade na ind\u00fastria, e celebra os 80 anos da Associa\u00e7\u00e3o Brasileira de Metalurgia, Materiais e Minera\u00e7\u00e3o &#8211;<\/em><em>\u00a0<\/em><em>ABM<\/em>.<\/p>\n\n\n\n<p>A 8\u00aa edi\u00e7\u00e3o da ABM Week \u2014 o maior evento t\u00e9cnico-cient\u00edfico da Am\u00e9rica Latina nos setores m\u00ednero-metal\u00fargico e de materiais \u2014 reunir\u00e1 pesquisadores de renome mundial e os principais executivos do setor, com representantes de cerca de 90 empresas, entre os dias 3 e 5 de setembro, no Pro Magno Centro de Eventos, na cidade de S\u00e3o Paulo.<\/p>\n\n\n\n<p>&nbsp;O evento, que deve contar com um p\u00fablico de cerca de tr\u00eas mil pessoas \u2013 entre empres\u00e1rios, profissionais, pesquisadores e estudantes de \u00e1reas ligadas ao setor \u2013, ter\u00e1 programa\u00e7\u00e3o diversa ao longo da semana, com f\u00f3rum de l\u00edderes, plen\u00e1ria, paineis, mesas-redondas sess\u00f5es especiais, paineis, coqueteis, al\u00e9m de sess\u00f5es t\u00e9cnicas dos 14 eventos que comp\u00f5em a Semana, entre congressos, encontros e semin\u00e1rios, em que ser\u00e3o apresentados cerca de 1.100 trabalhos da ind\u00fastria e da academia.<\/p>\n\n\n\n<p>A ABM Week 2024 ter\u00e1 car\u00e1ter especial devido \u00e0 celebra\u00e7\u00e3o dos 80 anos da institui\u00e7\u00e3o organizadora do evento, a ABM.<\/p>\n\n\n\n<p><strong>Destaques na programa\u00e7\u00e3o<\/strong><\/p>\n\n\n\n<p>S\u00e3o destaques na agenda o <a href=\"https:\/\/www.abmbrasil.com.br\/eng\/evento\/abm-week-8-edicao\/forum-de-lideres-2\"><strong>F\u00f3rum de L\u00edderes<\/strong><\/a>, que debater\u00e1 &#8220;Estrat\u00e9gias de renova\u00e7\u00e3o e sustentabilidade para a longevidade das empresas&#8221;;<em> <\/em>o 7\u00ba <a href=\"https:\/\/www.abmbrasil.com.br\/eng\/evento\/abm-week-8-edicao\/7-wrrs-world-round-robin-seminar\"><strong>World Round Robin Seminar &#8211; WRRS<\/strong><\/a>, que nesta edi\u00e7\u00e3o aborda a tem\u00e1tica &#8220;Diagramas de Fase e Termodin\u00e2mica: Ferramentas para o Desenvolvimento de Materiais e Processos no S\u00e9culo XXI&#8221;;<em> <\/em>e a <a href=\"https:\/\/www.abmbrasil.com.br\/por\/evento\/abm-week-8-edicao\/plenaria-mineracao-e-metalurgia\"><strong>Plen\u00e1ria Minera\u00e7\u00e3o e Metalurgia<\/strong><\/a> sobre &#8220;Tecnologias disruptivas em busca da descarboniza\u00e7\u00e3o&#8221;. A programa\u00e7\u00e3o completa dessas e das demais atividades pode ser conferida no site da <a href=\"https:\/\/www.abmbrasil.com.br\/por\/evento\/abm-week-8-edicao\/programacao-9\"><strong>ABM Week 2024<\/strong><\/a><strong>.<\/strong><\/p>\n\n\n\n<p>Confira alguns dos principais nomes que participar\u00e3o da 8\u00aa edi\u00e7\u00e3o da ABM Week e os respectivos eventos em que estar\u00e3o presentes.<\/p>\n\n\n\n<p><a href=\"https:\/\/www.abmbrasil.com.br\/eng\/evento\/abm-week-8-edicao\/forum-de-lideres-2\"><strong>F\u00f3rum de l\u00edderes<\/strong><\/a><\/p>\n\n\n\n<ul class=\"wp-block-list\">\n<li><strong>Gustavo Werneck<\/strong>, CEO da Gerdau, uma das vozes mais importantes no setor de siderurgia, que estar\u00e1 pela primeira vez na ABM Week.<\/li>\n\n\n\n<li><strong>Jorge Luiz Ribeiro de Oliveira<\/strong>, Vice-Presidente da ArcelorMittal, o maior grupo sider\u00fargico do mundo.<\/li>\n\n\n\n<li><strong>Marcelo Chara<\/strong>, CEO da Usiminas, profissional com vis\u00e3o estrat\u00e9gica de futuro da siderurgia para o grupo Terninum-Usiminas.<\/li>\n\n\n\n<li><strong>Ricardo Lima<\/strong>, CEO da CBMM, maior produtora mundial de ni\u00f3bio e <em>player<\/em> estrat\u00e9gico para o desenvolvimento de bateria de carros el\u00e9tricos.<\/li>\n<\/ul>\n\n\n\n<p><strong>7\u00ba <\/strong><a href=\"https:\/\/www.abmbrasil.com.br\/eng\/evento\/abm-week-8-edicao\/7-wrrs-world-round-robin-seminar\"><strong>World Round Robin Seminar &#8211; WRRS<\/strong><\/a><\/p>\n\n\n\n<ul class=\"wp-block-list\">\n<li><strong>Prof. Dr. Andr\u00e9 Costa e Silva<\/strong>, Titular da Escola de Engenharia Industrial Metal\u00fargica de Volta Redonda da Universidade Federal Fluminense (UFF) e Diretor T\u00e9cnico do Instituto Brasileiro de Qualidade Nuclear (IBQN). Recebeu o pr\u00eamio Hume-Rothery 2014 do Instituto de Materiais, Minerais e Minera\u00e7\u00e3o (IOM3) e a Medalha Hubertus Colpaert da ABM. Palestra: &#8220;Termodin\u00e2mica e diagramas de fase: ferramentas essenciais no desenvolvimento de materiais&#8221;.<\/li>\n\n\n\n<li><strong>Dr. Carlos Cicutti<\/strong>, Diretor do Departamento de Siderurgia na \u00e1rea de Inova\u00e7\u00e3o de Processos Industriais da Tenaris. Nos \u00faltimos 30 anos, trabalhou na Organiza\u00e7\u00e3o Techint em diferentes projetos de pesquisa relacionados \u00e0 fabrica\u00e7\u00e3o de a\u00e7o, refino e fundi\u00e7\u00e3o cont\u00ednua. Palestra: &#8220;Aplica\u00e7\u00f5es industriais das ferramentas termodin\u00e2micas na otimiza\u00e7\u00e3o dos processos de fabrica\u00e7\u00e3o de a\u00e7o&#8221;.<\/li>\n\n\n\n<li><strong>Prof. Dr. J\u00falio Cesar Pereira<\/strong>, Professor Doutor em Ci\u00eancia dos Materiais pela Universidade de S\u00e3o Paulo (USP). Pesquisador de p\u00f3s-doutorado na Northwestern University e Pesquisador Convidado no National Institute of Standards and Technology (NIST). Palestra: &#8220;O m\u00e9todo CALPHAD: Bancos de dados, aplica\u00e7\u00f5es e perspectivas para o futuro&#8221;.<\/li>\n\n\n\n<li><strong>Dr. Jean Lehmann<\/strong>, Consultor THIRST &#8211; Termodin\u00e2mica para Fabrica\u00e7\u00e3o de Ferro e A\u00e7o, ocupou v\u00e1rias posi\u00e7\u00f5es relacionadas a P&amp;D na ind\u00fastria do a\u00e7o. Palestra: &#8220;Termoqu\u00edmica: uma ci\u00eancia antiga, mas ainda \u00fatil para enfrentar os desafios atuais do nosso setor&#8221;.<\/li>\n\n\n\n<li><strong>Prof. Dr. Fernando Rizzo<\/strong>, Professor Em\u00e9rito da PUC-RIO e Diretor-Presidente do CGEE &#8211; Centro de Gest\u00e3o e Estudos Estrat\u00e9gicos; Membro da Academia Brasileira de Ci\u00eancia e da Ordem Nacional do M\u00e9rito Cient\u00edfico, recebeu a Medalha Hubertus Colpaert da ABM. Palestra: &#8220;Modelagem termodin\u00e2mica de a\u00e7os avan\u00e7ados: a\u00e7os multif\u00e1sicos, tratamentos intercr\u00edticos e tratamento Q&amp;P&#8221;.<\/li>\n\n\n\n<li><strong>Dr. Andr\u00e9 Schneider<\/strong>, Especialista S\u00eanior em Aplica\u00e7\u00f5es na Thermo-Calc Software AB. Doutor pelo Max-Planck-Institut f\u00fcr Eisenforschung (MPIE). Anteriormente, foi l\u00edder de grupo no MPIE, visitante acad\u00eamico na Universidade de Oxford e ocupou v\u00e1rias posi\u00e7\u00f5es relacionadas a P&amp;D na ind\u00fastria do a\u00e7o. Andr\u00e9 tamb\u00e9m \u00e9 palestrante na Universidade RWTH Aachen. Palestra: &#8220;Aplica\u00e7\u00f5es do software Thermo-Calc para o projeto e o processamento de materiais sustent\u00e1veis&#8221;.<\/li>\n\n\n\n<li><strong>Dr. Bernd B\u00f6ttger<\/strong>, Cientista s\u00eanior e programador MICRESS\u00ae, especialista em acoplamento termodin\u00e2mico e aplica\u00e7\u00f5es t\u00e9cnicas. Doutor pela Universidade T\u00e9cnica de Karlsruhe (atual KIT) e P\u00f3s-doutor em Eletroqu\u00edmica pela Universidade de C\u00f3rdoba\/Espanha. Palestra: &#8220;Da energia de Gibbs \u00e0 microestrutura: o software MICRESS acoplado aos bancos de dados CALPHAD&#8221;.<\/li>\n<\/ul>\n\n\n\n<p><a href=\"https:\/\/www.abmbrasil.com.br\/por\/evento\/abm-week-8-edicao\/plenaria-mineracao-e-metalurgia\"><strong>Plen\u00e1ria Minera\u00e7\u00e3o e Metalurgia<\/strong><\/a><strong>&nbsp;<\/strong><\/p>\n\n\n\n<ul class=\"wp-block-list\">\n<li><strong>Rolando Paolone<\/strong>, CTO da Danieli, que tem 40 anos de viv\u00eancia no setor.<\/li>\n\n\n\n<li><strong>Norbert Petermaier<\/strong>, VP Executivo de Vendas Globais e Marketing Head da Primetals Technologies, atuou por mais de 20 anos na constru\u00e7\u00e3o de plantas para a ind\u00fastria do a\u00e7o.<\/li>\n\n\n\n<li><strong>Itamar Resende<\/strong>, Presidente da Boston Metal Brasil, executivo com mais de 30 anos de experi\u00eancia em inova\u00e7\u00e3o de processos para a produ\u00e7\u00e3o de min\u00e9rios.\u00a0<\/li>\n\n\n\n<li><strong>Paul Tockert<\/strong>, VP Executivo do Grupo SMS\/Paul Wurth, que traz vasta experi\u00eancia em tecnologia e gest\u00e3o de projetos na \u00e1rea de metalurgia.\u00a0<\/li>\n<\/ul>\n\n\n\n<p><a href=\"https:\/\/www.abmbrasil.com.br\/por\/evento\/abm-week-8-edicao\/palestra-ser-jovem-aos-80-anos\"><strong>Palestra &#8211; Ser jovem aos 80 anos<\/strong><\/a><\/p>\n\n\n\n<ul class=\"wp-block-list\">\n<li><strong>Lucia Helena Galv\u00e3o<\/strong>, professora de filosofia da organiza\u00e7\u00e3o Nova Acr\u00f3pole do Brasil\u00a0 h\u00e1 33 anos. Possui mais de 1000 palestras publicadas na internet sobre temas relacionados \u00e0 filosofia ocidental e oriental. O canal do Youtube no qual as palestras est\u00e3o dispon\u00edveis, j\u00e1 conta com mais de 1,2 milh\u00f5es de inscritos. Seus cursos s\u00e3o ministrados no Brasil e exterior e j\u00e1 foram realizados para mais de vinte mil alunos. Lucia Helena \u00e9 autora de 8 livros.<\/li>\n<\/ul>\n\n\n\n<p><a href=\"https:\/\/www.abmbrasil.com.br\/por\/evento\/abm-week-8-edicao\/sessao-especial-77-congresso-revista-jmrt\"><strong>Sess\u00e3o Especial 77\u00b0 Congresso &#8211; Revista JMRT<\/strong><\/a><\/p>\n\n\n\n<ul class=\"wp-block-list\">\n<li><strong>Shiteng Zhao<\/strong>, Professor da School of Materials Science and Engineering, Beihang University, China.<\/li>\n\n\n\n<li><strong>Andr\u00e9 Luiz Vasconcellos da Costa e Silva<\/strong>, Diretor T\u00e9cnico do IBQN; Professor colaborador da UFF; Editor Chefe da Revista TMM; Coordenador da Comiss\u00e3o T\u00e9cnica de Fundamentos e Processos Metal\u00fargicos da ABM e Coordenador T\u00e9cnico da ABM Week 8\u00aa edi\u00e7\u00e3o.<\/li>\n\n\n\n<li>Marc Andr\u00e9 Meyers, Professor da Universidade da Calif\u00f3rnia em San Diego; Editor Chefe da Revista JMRT.<\/li>\n<\/ul>\n\n\n\n<p><a href=\"https:\/\/www.abmbrasil.com.br\/por\/evento\/abm-week-8-edicao\/sessao-especial-celebracao-10-aglomeracao\"><strong>Sess\u00e3o Especial &#8211; Celebra\u00e7\u00e3o 10\u00ba Aglomera\u00e7\u00e3o<\/strong><\/a><\/p>\n\n\n\n<ul class=\"wp-block-list\">\n<li><strong>Rodrigo Ara\u00fajo<\/strong>, Gerente Geral de Implanta\u00e7\u00e3o de Pilotos de Descarboniza\u00e7\u00e3o da Vale.<\/li>\n\n\n\n<li><strong>Kenichi Higuchi<\/strong>, da Nippon Steel.<\/li>\n<\/ul>\n\n\n\n<p><a href=\"https:\/\/www.abmbrasil.com.br\/por\/evento\/abm-week-8-edicao\/mesa-redonda-as-novas-demandas-tecnologicas-de-circularidade-na-industria\"><strong>Mesa Redonda As novas demandas tecnol\u00f3gicas de circularidade na ind\u00fastria<\/strong><\/a><\/p>\n\n\n\n<ul class=\"wp-block-list\">\n<li><strong>Rog\u00e9rio Marques Ribas<\/strong>, Gerente Executivo de Produtos para Baterias da CBMM.<\/li>\n\n\n\n<li><strong>Julio Cesar Nery Ferreira<\/strong>, Diretor de Sustentabilidade do IBRAM.<\/li>\n\n\n\n<li><strong>L\u00facia Helena da Silva Maciel Xavier,<\/strong>\u00a0 Pesquisadora Titular do CETEM.<\/li>\n<\/ul>\n\n\n\n<p><a href=\"https:\/\/www.abmbrasil.com.br\/por\/evento\/abm-week-8-edicao\/painel-do-aluminio-aluminio-e-inovacao-promovendo-eficiencia-economica-e-sustentabilidade-ambiental\"><strong>Painel do Alum\u00ednio &#8211; Alum\u00ednio e inova\u00e7\u00e3o: promovendo efici\u00eancia econ\u00f4mica e sustentabilidade ambiental<\/strong><\/a><\/p>\n\n\n\n<ul class=\"wp-block-list\">\n<li><strong>Heber Pires Otomar &#8211; <\/strong>Coordenador do Comit\u00ea de Tecnologia, Inova\u00e7\u00e3o e Ind\u00fastria 4.0 da\u00a0 ABAL.<\/li>\n<\/ul>\n\n\n\n<p><a href=\"https:\/\/www.abmbrasil.com.br\/por\/evento\/abm-week-8-edicao\/mesa-redonda-perspectivas-e-desafios-de-implementacoes-de-ia-generativa-na-industria\"><strong>Mesa Redonda &#8211; Perspectivas e desafios de implementa\u00e7\u00f5es de IA generativa na ind\u00fastria<\/strong><\/a><\/p>\n\n\n\n<ul class=\"wp-block-list\">\n<li><strong>Luiz Rubi\u00e3o<\/strong>, S\u00f3cio de Infraestrutura &amp; Capital Projects da Deloitte<\/li>\n\n\n\n<li><strong>Rodrigo Sarkis<\/strong>, Estrategista T\u00e9cnico de Contas Globais da Microsoft.<\/li>\n<\/ul>\n\n\n\n<p><a href=\"https:\/\/www.abmbrasil.com.br\/por\/evento\/abm-week-8-edicao\/painel-de-hidrogenio\"><strong>Painel de hidrog\u00eanio &#8211; Viabilidade do hidrog\u00eanio para a descarboniza\u00e7\u00e3o da cadeia de ironmaking no Brasil<\/strong><\/a><\/p>\n\n\n\n<ul class=\"wp-block-list\">\n<li><strong>Pasquale Cavaliere<\/strong>, Universidade de Salento &#8211; Lecce, It\u00e1lia.<\/li>\n\n\n\n<li><strong>Maria Emilia Peres<\/strong>, L\u00edder das Ofertas Integradas para Clima, Sustentabilidade &amp; Equidade da Deloitte Brasil.<\/li>\n<\/ul>\n\n\n\n<p><a href=\"https:\/\/www.abmbrasil.com.br\/por\/evento\/abm-week-8-edicao\/mesa-redonda-integracao-dos-modais-de-transportes-oportunidades-e-desafios\"><strong>Mesa Redonda &#8211; Integra\u00e7\u00e3o dos modais de transportes: Oportunidades e desafios<\/strong><\/a><\/p>\n\n\n\n<ul class=\"wp-block-list\">\n<li><strong>Carolina Tascon<\/strong>, Diretora Comercial da VLI.<\/li>\n\n\n\n<li><strong>Valter Luis de Souza<\/strong>, Diretor de Rela\u00e7\u00f5es Institucionais da CNT.<\/li>\n<\/ul>\n\n\n\n<p><a href=\"https:\/\/www.abmbrasil.com.br\/por\/evento\/abm-week-8-edicao\/mesa-redonda-o-uso-dos-biocombustiveis-na-descarbonizacao-da-siderurgia-brasileira\"><strong>Mesa Redonda &#8211; O uso dos biocombust\u00edveis na descarboniza\u00e7\u00e3o da siderurgia brasileira<\/strong><\/a><\/p>\n\n\n\n<p><strong>Marcos Meyer Machado<\/strong>, Gerente de Descarboniza\u00e7\u00e3o da ArcelorMittal Brasil.<\/p>\n\n\n\n<p><a href=\"https:\/\/www.abmbrasil.com.br\/por\/evento\/abm-week-8-edicao\/mesa-redonda-inteligencia-artificial-na-mineracao\"><strong>Mesa Redonda &#8211; Intelig\u00eancia artificial na minera\u00e7\u00e3o<\/strong><\/a><\/p>\n\n\n\n<p><strong>Giorgio de Tomi<\/strong>, Professor e Diretor do Centro de Minera\u00e7\u00e3o da USP.<\/p>\n\n\n\n<p><a href=\"https:\/\/www.abmbrasil.com.br\/por\/evento\/abm-week-8-edicao\/keynote-speaker-23-seminario-de-mineracao-03-09\"><strong>Keynotes Speakers &#8211; 23\u00ba Semin\u00e1rio de Minera\u00e7\u00e3o<\/strong><\/a><\/p>\n\n\n\n<p><strong>Bern Klein<\/strong>, Professor da Universidade British Columbia, Canad\u00e1.<\/p>\n\n\n\n<p><a href=\"https:\/\/www.abmbrasil.com.br\/por\/evento\/abm-week-8-edicao\/keynote-speaker-1-seminario-de-economia-circular-e-sustentabilidade-03-09\"><strong>Keynotes Speakers &#8211; 1\u00ba Semin\u00e1rio de Economia Circular e Sustentabilidade<\/strong><\/a><\/p>\n\n\n\n<p><strong>Beatriz Luz<\/strong>, Presidente do Instituto Brasileira de Economia Circular (IBEC) e&nbsp; CEO da Exchange 4 Change Brasil.<\/p>\n\n\n\n<p><strong>Sess\u00f5es de aut\u00f3grafos<\/strong><\/p>\n\n\n\n<ul class=\"wp-block-list\">\n<li>&#8220;<strong>Metalurgia do P\u00f3: Produtos Sinterizados e Manufatura Aditiva&#8221;<\/strong><\/li>\n<\/ul>\n\n\n\n<p><em>Estar\u00e3o presentes o autor <\/em><strong><em>Daniel Rodrigues<\/em><\/strong><em> e representantes das empresas patrocinadoras Metalp\u00f3 e Brats.<\/em><\/p>\n\n\n\n<ul class=\"wp-block-list\">\n<li>&#8220;<strong>Siderurgia: Uma Vis\u00e3o Geral&#8221;<\/strong><\/li>\n<\/ul>\n\n\n\n<p><em>Estar\u00e3o presentes o coordenador do trabalho <\/em><strong><em>Jos\u00e9 Roberto Bolota<\/em><\/strong><em>, demais autores e representantes do patrocinador CBMM.&nbsp;<\/em><\/p>\n\n\n\n<ul class=\"wp-block-list\">\n<li><strong>S\u00e9rie <\/strong>&#8220;<strong>Refrat\u00e1rios para Siderurgia&#8221;\u00a0<\/strong><\/li>\n<\/ul>\n\n\n\n<p>Vol I \u2013 Fundamentos \u00e0 Tecnologia de Refrat\u00e1rios<\/p>\n\n\n\n<p>Vol II \u2013 Refrat\u00e1rios para a \u00c1rea de Redu\u00e7\u00e3o na Siderurgia<\/p>\n\n\n\n<p>Vol I \u2013 Refrat\u00e1rios para as \u00e1reas de Aciaria e Lamina\u00e7\u00e3o na Siderurgia<\/p>\n\n\n\n<p><em>Estar\u00e3o presentes o coordenador do trabalho <\/em><strong><em>Alamar Kasan Duarte<\/em><\/strong><em>, demais autores e representantes dos patrocinadores ArcelorMittal, Alkegen, Carboox\/Intocast, HWI, Ibar, Reframax, RHI Magnesita, Shinagawa, Ternium; Togni, Usiminas e Vesuvius.<\/em><\/p>\n\n\n\n<p><strong>8\u00aa edi\u00e7\u00e3o da ABM Week<\/strong><\/p>\n\n\n\n<p>A ABM Week 8\u00aa edi\u00e7\u00e3o tem a ArcelorMittal como anfitri\u00e3 e conta com o patroc\u00ednio das seguintes empresas: DME Engenharia, Gerdau, Vale, CBMM, Gecal, Primetals, Shinagawa, SMS group \/ Paul Wurth \/ Vetta, Ternium, Usiminas, White Martins, HWI &#8211; a member of Calderys, Carboox, Ibar, Vesuvius, Villares Metals, Aperam, Danieli, Kofre, PSI, Reframax, RHI Magnesita, Beda \/ Lechler, BRC, Bruker, Clariant, Cordstrap, D&amp;M, DHM Group, DITH Refractories, GMI, Harsco, IMS, Kuttner, Lhoist, Magna, Nalco Water, Phoenix, Polytec, RIP, Russula, Sinomach, Tecnosulfur, Yellow Solutions, ABB, A\u00e7oKorte, Alkegen, Atomat, Bautek, Cisdi, Coalician Carbon, Dassault Systemes, Data Engenharia, Densit, Direxa Engineering, Eirich, ElectraClean, Enacom, ESW, Evonik, Fluke, Fosbel, GE Vernova, Hastec, Heraeus Electro-Nite, Ingersoll Rand, Intelbras, Irle Rolls, K\u00f6ppern, Lumar Metals, Maud Group, Nouryon, Rimac, Serthi Hidr\u00e1ulica, Sinosteel, Smarttech, Solenis, Spectraflow, Spraying Systems, SunCoke Energy, Timken, TSR Mill Rolls, Vamtec Group, Veolia, Vika Controls, Vixteam, Weir e ZwickRoell.<\/p>\n\n\n\n<p><strong>Servi\u00e7o &#8211; 8\u00aa edi\u00e7\u00e3o da ABM Week<\/strong><\/p>\n\n\n\n<p><strong>Data:<\/strong> 3, 4 e 5 de setembro de 2024<\/p>\n\n\n\n<p><strong>Local:<\/strong> <a href=\"https:\/\/webmail-seguro.com.br\/#NOP\">Pro Magno Centro de Eventos<\/a> &#8211; Av. Profa. Ida Kolb, n\u00ba 513, Jardim das Laranjeiras, S\u00e3o Paulo \u2013 SP<\/p>\n\n\n\n<p><strong>Mais informa\u00e7\u00f5es:<\/strong> <a href=\"https:\/\/www.abmbrasil.com.br\/por\/evento\/abm-week-8-edicao\">https:\/\/www.abmbrasil.com.br\/por\/evento\/abm-week-8-edicao<\/a><\/p>\n","protected":false},"excerpt":{"rendered":"<p>Pesquisadores e executivos das maiores empresas nacionais e multinacionais estar\u00e3o presentes no evento, que discute renova\u00e7\u00e3o e sustentabilidade na ind\u00fastria, e celebra os 80 anos da Associa\u00e7\u00e3o Brasileira de Metalurgia, Materiais e Minera\u00e7\u00e3o &#8211;\u00a0ABM. A 8\u00aa edi\u00e7\u00e3o da ABM Week \u2014 o maior evento t\u00e9cnico-cient\u00edfico da Am\u00e9rica Latina nos setores m\u00ednero-metal\u00fargico e de materiais \u2014 [&hellip;]<\/p>\n","protected":false},"author":2,"featured_media":3089,"comment_status":"open","ping_status":"open","sticky":false,"template":"","format":"standard","meta":{"footnotes":""},"categories":[23],"tags":[],"class_list":{"0":"post-3088","1":"post","2":"type-post","3":"status-publish","4":"format-standard","5":"has-post-thumbnail","7":"category-feirasdenegocios"},"_links":{"self":[{"href":"https:\/\/tveventos.tv.br\/index.php?rest_route=\/wp\/v2\/posts\/3088","targetHints":{"allow":["GET"]}}],"collection":[{"href":"https:\/\/tveventos.tv.br\/index.php?rest_route=\/wp\/v2\/posts"}],"about":[{"href":"https:\/\/tveventos.tv.br\/index.php?rest_route=\/wp\/v2\/types\/post"}],"author":[{"embeddable":true,"href":"https:\/\/tveventos.tv.br\/index.php?rest_route=\/wp\/v2\/users\/2"}],"replies":[{"embeddable":true,"href":"https:\/\/tveventos.tv.br\/index.php?rest_route=%2Fwp%2Fv2%2Fcomments&post=3088"}],"version-history":[{"count":1,"href":"https:\/\/tveventos.tv.br\/index.php?rest_route=\/wp\/v2\/posts\/3088\/revisions"}],"predecessor-version":[{"id":3090,"href":"https:\/\/tveventos.tv.br\/index.php?rest_route=\/wp\/v2\/posts\/3088\/revisions\/3090"}],"wp:featuredmedia":[{"embeddable":true,"href":"https:\/\/tveventos.tv.br\/index.php?rest_route=\/wp\/v2\/media\/3089"}],"wp:attachment":[{"href":"https:\/\/tveventos.tv.br\/index.php?rest_route=%2Fwp%2Fv2%2Fmedia&parent=3088"}],"wp:term":[{"taxonomy":"category","embeddable":true,"href":"https:\/\/tveventos.tv.br\/index.php?rest_route=%2Fwp%2Fv2%2Fcategories&post=3088"},{"taxonomy":"post_tag","embeddable":true,"href":"https:\/\/tveventos.tv.br\/index.php?rest_route=%2Fwp%2Fv2%2Ftags&post=3088"}],"curies":[{"name":"wp","href":"https:\/\/api.w.org\/{rel}","templated":true}]}}