{"id":3091,"date":"2024-08-28T15:17:40","date_gmt":"2024-08-28T18:17:40","guid":{"rendered":"https:\/\/tveventos.tv.br\/?p=3091"},"modified":"2024-08-28T15:17:43","modified_gmt":"2024-08-28T18:17:43","slug":"osasco-sediara-a-primeira-edicao-do-divecon-festival-de-economia-criativa-de-pcds-e-raros","status":"publish","type":"post","link":"https:\/\/tveventos.tv.br\/?p=3091","title":{"rendered":"Osasco sediar\u00e1 a primeira edi\u00e7\u00e3o do Divecon &#8211; Festival de Economia Criativa de PcDs e Raros"},"content":{"rendered":"\n<p class=\"has-text-align-center\"><em>Evento em 19 de outubro contar\u00e1 com diversas a\u00e7\u00f5es anticapacitistas e que d\u00e3o protagonismo para que pessoas mostrem suas pot\u00eancias al\u00e9m de suas defici\u00eancias<\/em>.<\/p>\n\n\n\n<p>O Brasil tem mais de 18 milh\u00f5es de Pessoas com Defici\u00eancia e cerca de 13 milh\u00f5es com alguma condi\u00e7\u00e3o rara de sa\u00fade, segundo dados do IBGE divulgados em 2022. Ainda segundo o IBGE, analisando a inser\u00e7\u00e3o no mercado de trabalho, o n\u00edvel de ocupa\u00e7\u00e3o \u00e9 de 26,6% entre as pessoas com defici\u00eancia, contra 60,7% entre a popula\u00e7\u00e3o brasileira total.<\/p>\n\n\n\n<p>Com o objetivo de estimular o empreendedorismo; a forma\u00e7\u00e3o de coletivos sociais anticapacitistas; contribuir com a gera\u00e7\u00e3o de renda da comunidade PcD de Osasco e regi\u00e3o; e apoiar o surgimento de novos empreendedores com defici\u00eancia e doen\u00e7as raras por meio da educa\u00e7\u00e3o e conscientiza\u00e7\u00e3o com palestras e oficinas foi idealizado o Divecon.&nbsp;<\/p>\n\n\n\n<p>O Festival de Economia Criativa de PcDs e Raros de Osasco \u00e9 uma realiza\u00e7\u00e3o&nbsp;<\/p>\n\n\n\n<p>do Governo do Estado de S\u00e3o Paulo, atrav\u00e9s da Secretaria de Cultura, Economia e Ind\u00fastria Criativas e do Governo Federal, Minist\u00e9rio da Cultura, atrav\u00e9s da Lei Paulo Gustavo. Conta com&nbsp;<\/p>\n\n\n\n<p>apoio da Prefeitura Municipal de Osasco. E a produ\u00e7\u00e3o est\u00e1 sob responsabilidade da Tudo Sobre Inclus\u00e3o Consultoria, dirigida por Cristiane Mayworm, m\u00e3e at\u00edpica, consultora e produtora cultural; Renata Poskus Eventos e Comunica\u00e7\u00e3o e Vilma Queiroz Produ\u00e7\u00f5es Culturais.<\/p>\n\n\n\n<p>Cristiane Mayworm declara que: \u201cainda n\u00e3o existem a\u00e7\u00f5es ou eventos 100% inclusivos, e como m\u00e3e at\u00edpica que estuda e acompanha o tema da Inclus\u00e3o h\u00e1 bastante tempo, pensei em um evento que seja o mais inclusivo poss\u00edvel para PcDs, Raros e suas fam\u00edlias e redes de apoio atrav\u00e9s da acessibilidade, da conscientiza\u00e7\u00e3o, da empatia na comunica\u00e7\u00e3o, da arte, da cultura e da economia criativa\u201d. E completa: \u201co Brasil conta com leis para que pessoas com defici\u00eancia sejam integradas no mercado de trabalho formal, no entanto as pol\u00edticas p\u00fablicas ainda s\u00e3o insuficientes para absorver os in\u00fameros talentos das PcDs e muitos jovens com defici\u00eancia possuem aptid\u00f5es que s\u00e3o natas e desenvolvidas para a arte e o microempreendedorismo criativo e cultural \u00e9 uma oportunidade de extravasar talentos e construir independ\u00eancia econ\u00f4mica e autonomia\u201d.&nbsp;<\/p>\n\n\n\n<p>O Divecon contar\u00e1 com programa\u00e7\u00e3o totalmente gratuita tanto no espa\u00e7o expositivo com 20 microempreendedores locais com Defici\u00eancia ou Doen\u00e7a Rara; Oficinas de artesanato e gastronomia; palestras e case de sucesso; al\u00e9m de um Pocket Show e palestra motivacional com o m\u00fasico, cantor, compositor e multi-instrumentista Douglas D\u00f4di.&nbsp;<\/p>\n\n\n\n<p>Confira a programa\u00e7\u00e3o completa:<\/p>\n\n\n\n<p>Feira de Economia Criativa&nbsp;<\/p>\n\n\n\n<p>Das 11h \u00e0s 20h&nbsp;<\/p>\n\n\n\n<p>Com 20 microempreendedores PcDs e Raros apresentando seus trabalhos para o p\u00fablico&nbsp;<\/p>\n\n\n\n<p>Palestra: Economia Criativa para o Empreendedorismo Feminino&nbsp;<\/p>\n\n\n\n<p>Palestrante: Grace Silva Santos Mori<\/p>\n\n\n\n<p>Das 11h \u00e0s 12h30&nbsp;<\/p>\n\n\n\n<p>Mulher preta, empreendedora social, diagnosticada com uma doen\u00e7a rara, a s\u00edndrome antissintetase. Formada Tecn\u00f3loga em RH, Economia e Moda Inclusiva. Grace Silva Santos Mori fez o figurino de \u201cLisbela e o Prisioneiro\u201d, que contou com pessoas com S\u00edndrome de Down\/T21 no elenco, em parceria com o Instituto Movimentarte. Falar\u00e1 sobre empreendedorismo feminino.&nbsp;<\/p>\n\n\n\n<p>Oficina: Gastronomia &#8211; compotas em conserva<\/p>\n\n\n\n<p>Oficineira: Eneida Mara Bettoni<\/p>\n\n\n\n<p>Das 14h \u00e0s 16h<\/p>\n\n\n\n<p>Advogada, banc\u00e1ria, mulher aposentada com epilepsia, ensinar\u00e1 a arte da gastronomia como forma de sustentabilidade econ\u00f4mica familiar como uma forma criativa para confec\u00e7\u00e3o e com\u00e9rcio de compotas de conservas de legumes.&nbsp;<\/p>\n\n\n\n<p>Oficina: Confec\u00e7\u00e3o de Acess\u00f3rios (colares e pulseiras)<\/p>\n\n\n\n<p>Oficineira: Giovanna Massera<\/p>\n\n\n\n<p>Das 16h \u00e0s 18h&nbsp;<\/p>\n\n\n\n<p>Mulher preta, com l\u00fapus, com s\u00edndrome de Cushing (condi\u00e7\u00e3o Rara), Giovanna Massera \u00e9 produtora de moda desde 2023, modelo inclusiva e criadora de conte\u00fado. A oficina no evento ser\u00e1 de Acess\u00f3rios (Colares e pulseiras). Ela j\u00e1 atuou como stylist da ex-BBB Raquele Cardozo.&nbsp;<\/p>\n\n\n\n<p>Palestra e Pocket Show Musical<\/p>\n\n\n\n<p>Artista: Douglas Jeric\u00f3 &#8211; D\u00f4di<\/p>\n\n\n\n<p>Das 19h \u00e0s 20h<\/p>\n\n\n\n<p>M\u00fasico, cantor,compositor e multi-instrumentista Douglas D\u00f4di \u00e9 tetrapl\u00e9gico e palestrante motivacional reconhecido desde 2010. Contar\u00e1 sobre sua carreira com defici\u00eancia no universo da m\u00fasica fechando a programa\u00e7\u00e3o com um Pocket Show.&nbsp;<\/p>\n\n\n\n<p>A comunica\u00e7\u00e3o e a linguagem utilizadas ser\u00e3o acess\u00edveis, com int\u00e9rpretes de LIBRAS, t\u00e1til e audiodescritores para traduzir imagens e a\u00e7\u00f5es em palavras, al\u00e9m de monitores especializados em atendimento e aten\u00e7\u00e3o ao p\u00fablico conforme especifidades e necessidades especiais.&nbsp;&nbsp;<\/p>\n\n\n\n<p>Servi\u00e7o&nbsp;<\/p>\n\n\n\n<p>Divecon&nbsp;<\/p>\n\n\n\n<p>Data: 19\/10\/24 (s\u00e1bado)<\/p>\n\n\n\n<p>Hor\u00e1rio: das 11h \u00e0s 20h<\/p>\n\n\n\n<p>Local: Escola de Artes C\u00e9sar Ant\u00f4nio Salvi&nbsp;<\/p>\n\n\n\n<p>Rua: Ten. Avelar P\u00edres de Azevedo, 360 \u2013 Centro, Osasco\/SP<\/p>\n\n\n\n<p>Entrada gratuita e livre<\/p>\n\n\n\n<p>Local com acessibilidade&nbsp;<\/p>\n\n\n\n<p>Int\u00e9rpretes de LIBRAS e monitores especializados em atendimento a PcDs e Raros.<\/p>\n","protected":false},"excerpt":{"rendered":"<p>Evento em 19 de outubro contar\u00e1 com diversas a\u00e7\u00f5es anticapacitistas e que d\u00e3o protagonismo para que pessoas mostrem suas pot\u00eancias al\u00e9m de suas defici\u00eancias. O Brasil tem mais de 18 milh\u00f5es de Pessoas com Defici\u00eancia e cerca de 13 milh\u00f5es com alguma condi\u00e7\u00e3o rara de sa\u00fade, segundo dados do IBGE divulgados em 2022. Ainda segundo [&hellip;]<\/p>\n","protected":false},"author":2,"featured_media":3092,"comment_status":"open","ping_status":"open","sticky":false,"template":"","format":"standard","meta":{"footnotes":""},"categories":[23],"tags":[],"class_list":{"0":"post-3091","1":"post","2":"type-post","3":"status-publish","4":"format-standard","5":"has-post-thumbnail","7":"category-feirasdenegocios"},"_links":{"self":[{"href":"https:\/\/tveventos.tv.br\/index.php?rest_route=\/wp\/v2\/posts\/3091","targetHints":{"allow":["GET"]}}],"collection":[{"href":"https:\/\/tveventos.tv.br\/index.php?rest_route=\/wp\/v2\/posts"}],"about":[{"href":"https:\/\/tveventos.tv.br\/index.php?rest_route=\/wp\/v2\/types\/post"}],"author":[{"embeddable":true,"href":"https:\/\/tveventos.tv.br\/index.php?rest_route=\/wp\/v2\/users\/2"}],"replies":[{"embeddable":true,"href":"https:\/\/tveventos.tv.br\/index.php?rest_route=%2Fwp%2Fv2%2Fcomments&post=3091"}],"version-history":[{"count":1,"href":"https:\/\/tveventos.tv.br\/index.php?rest_route=\/wp\/v2\/posts\/3091\/revisions"}],"predecessor-version":[{"id":3093,"href":"https:\/\/tveventos.tv.br\/index.php?rest_route=\/wp\/v2\/posts\/3091\/revisions\/3093"}],"wp:featuredmedia":[{"embeddable":true,"href":"https:\/\/tveventos.tv.br\/index.php?rest_route=\/wp\/v2\/media\/3092"}],"wp:attachment":[{"href":"https:\/\/tveventos.tv.br\/index.php?rest_route=%2Fwp%2Fv2%2Fmedia&parent=3091"}],"wp:term":[{"taxonomy":"category","embeddable":true,"href":"https:\/\/tveventos.tv.br\/index.php?rest_route=%2Fwp%2Fv2%2Fcategories&post=3091"},{"taxonomy":"post_tag","embeddable":true,"href":"https:\/\/tveventos.tv.br\/index.php?rest_route=%2Fwp%2Fv2%2Ftags&post=3091"}],"curies":[{"name":"wp","href":"https:\/\/api.w.org\/{rel}","templated":true}]}}