{"id":3094,"date":"2024-08-28T15:23:03","date_gmt":"2024-08-28T18:23:03","guid":{"rendered":"https:\/\/tveventos.tv.br\/?p=3094"},"modified":"2024-08-28T15:23:06","modified_gmt":"2024-08-28T18:23:06","slug":"prefeitura-de-sp-abre-inscricoes-para-a-feira-do-empreendedor-do-sebrae-2024","status":"publish","type":"post","link":"https:\/\/tveventos.tv.br\/?p=3094","title":{"rendered":"Prefeitura de SP abre inscri\u00e7\u00f5es para a Feira do Empreendedor do Sebrae 2024"},"content":{"rendered":"\n<p class=\"has-text-align-center\"><em>Artes\u00e3os e manualistas do M\u00e3os e Mentes Paulistanas ir\u00e3o expor e comercializar produtos manuais em uma das maiores feiras de empreendedorismo do pa\u00eds<\/em>.<\/p>\n\n\n\n<p>A Prefeitura de S\u00e3o Paulo, por meio do programa M\u00e3os e Mentes Paulistanas, iniciativa da Secretaria Municipal de Desenvolvimento Econ\u00f4mico e Trabalho, est\u00e1 com inscri\u00e7\u00f5es abertas para artes\u00e3os e manualistas interessados em comercializar produtos manuais na Feira do Empreendedor Sebrae 2024, que acontecer\u00e1 de 11 a 14 de outubro, no S\u00e3o Paulo Expo, zona sul da Capital. As inscri\u00e7\u00f5es v\u00e3o at\u00e9 08 de setembro pelo&nbsp;<a href=\"https:\/\/docs.google.com\/forms\/d\/e\/1FAIpQLSdHM1dBS4liR-hiVieV5CuJ8DEIjgNMycY6Rim-1njw2lQaUA\/closedform\" target=\"_blank\" rel=\"noreferrer noopener\"><u>link<\/u><\/a>.<br>&nbsp;<\/p>\n\n\n\n<p>&#8220;A Feira do Empreendedor Sebrae 2024 \u00e9 uma oportunidade \u00fanica para artes\u00e3os e manualistas de S\u00e3o Paulo se destacarem em um dos maiores eventos de empreendedorismo do pa\u00eds. Por meio do programa M\u00e3os e Mentes Paulistanas, a Prefeitura n\u00e3o s\u00f3 promove o artesanato como uma forma de express\u00e3o cultural e gera\u00e7\u00e3o de renda, mas tamb\u00e9m refor\u00e7a a import\u00e2ncia de integrar esses profissionais ao mercado, oferecendo qualifica\u00e7\u00e3o e acesso a eventos que podem transformar suas trajet\u00f3rias\u201d, declara a secret\u00e1ria de Desenvolvimento Econ\u00f4mico e Trabalho. Eunice Prudente.<br>&nbsp;<\/p>\n\n\n\n<p>O M\u00e3os e Mentes Paulistanas \u00e9 uma iniciativa da Secretaria Municipal de Desenvolvimento Econ\u00f4mico e Trabalho da Prefeitura de S\u00e3o Paulo de apoio ao artes\u00e3o e manualista da cidade, que oferece oportunidades de comercializa\u00e7\u00e3o e qualifica\u00e7\u00e3o profissional.<\/p>\n\n\n\n<p>Ao todo, 12 artes\u00e3os e manualistas do M\u00e3os e Mentes Paulistanas ter\u00e3o a oportunidade de comercializar e divulgar produtos manuais durante os quatro dias de feira, sendo seis artes\u00e3os para os dois primeiros dias (11 e 12 de outubro) e outros seis artes\u00e3os para os dias finais (13 e 14 de outubro).<\/p>\n\n\n\n<p><strong>Feira do Empreendedor Sebrae<\/strong><\/p>\n\n\n\n<p>Desde 2012, a Feira do Empreendedor, que \u00e9 refer\u00eancia para quem deseja abrir ou impulsionar um neg\u00f3cio, mobiliza milhares de pessoas com o prop\u00f3sito de estimular o desenvolvimento de novos empreendimentos no Brasil e no mundo. S\u00f3 em 2023, mais 116 mil pessoas participaram do evento, que gerou mais de R$408 milh\u00f5es de reais em neg\u00f3cios.<br>&nbsp;<\/p>\n\n\n\n<p>O evento re\u00fane expositores e visitantes de diversos setores, proporcionando um ambiente ideal para networking, capacita\u00e7\u00e3o profissional e gera\u00e7\u00e3o de neg\u00f3cios. Durante a feira, os participantes ter\u00e3o acesso a workshops, consultorias e a oportunidade de conhecer novas tend\u00eancias e inova\u00e7\u00f5es do mercado.<\/p>\n\n\n\n<p><strong>Condi\u00e7\u00f5es de participa\u00e7\u00e3o<\/strong><\/p>\n\n\n\n<p>Para participar, \u00e9 necess\u00e1rio estar credenciado no programa M\u00e3os e Mentes Paulistanas e ter conclu\u00eddo a qualifica\u00e7\u00e3o empreendedora de uma das turmas de 01 a 15 ou ter conclu\u00eddo os cursos livres&nbsp;\u201cModelagem de Neg\u00f3cio\u201d e \u201cPlanejamento de Cole\u00e7\u00e3o\u201d.<br>&nbsp;<\/p>\n\n\n\n<p>Outras exig\u00eancias de participa\u00e7\u00e3o s\u00e3o: ter disponibilidade de trabalho volunt\u00e1rio presencial durante o evento e possuir CNPJ ativo em nome pr\u00f3prio ou no quadro societ\u00e1rio (CNPJ de terceiros n\u00e3o ser\u00e1 permitido).<\/p>\n\n\n\n<p>O processo seletivo ser\u00e1 realizado por meio de uma curadoria dos produtos confeccionados manualmente pelos pr\u00f3prios artes\u00e3os.&nbsp;A avalia\u00e7\u00e3o dos curadores passa pelos crit\u00e9rios de t\u00e9cnica, segmento, acabamento, mat\u00e9ria-prima utilizada, criatividade, design e regionalidade.<br>&nbsp;<\/p>\n\n\n\n<p><strong>Sobre o M\u00e3os e Mentes Paulistanas<\/strong><br>A Prefeitura de S\u00e3o Paulo, por meio da Secretaria Municipal de Desenvolvimento Econ\u00f4mico e Trabalho, conta com um programa de apoio ao setor de artesanato e manualidades da Capital, o M\u00e3os e Mentes Paulistanas.<br>&nbsp;<\/p>\n\n\n\n<p>Lan\u00e7ada em 2019, a iniciativa tem como objetivo a melhoria da atividade econ\u00f4mica e social de empreendedores artesanais da cidade. O programa promove diversas atividades que buscam desenvolver o setor de artesanato e manualidades, al\u00e9m de estimular a inclus\u00e3o produtiva, o acesso ao mercado e a gera\u00e7\u00e3o de renda dos trabalhadores manuais.<br><br>O M\u00e3os e Mentes atua por tr\u00eas eixos principais: o cadastramento municipal de empreendedores do setor; a promo\u00e7\u00e3o de cursos de capacita\u00e7\u00e3o empreendedora; e o acesso ao mercado e participa\u00e7\u00e3o em eventos. Para utilizar os servi\u00e7os e recursos oferecidos, \u00e9 necess\u00e1rio estar credenciado no programa.<br>&nbsp;<\/p>\n\n\n\n<p>Empreendedores manuais interessados em participar das a\u00e7\u00f5es do programa podem fazer o cadastro para o credenciar pelo&nbsp;<a href=\"https:\/\/docs.google.com\/forms\/d\/e\/1FAIpQLSeIgFqoqwjc-fIaji3LL98yFsFC0ZrtTmg2xzN223ccPdo3aA\/viewform\" target=\"_blank\" rel=\"noreferrer noopener\"><u>link<\/u><\/a>.<br>&nbsp;<\/p>\n\n\n\n<p><strong>Servi\u00e7o<\/strong><br><strong>Inscri\u00e7\u00f5es &#8211; Feira do Empreendedor Sebrae 2024<\/strong><br><strong>Inscri\u00e7\u00f5es at\u00e9 \u00e0s 23h59 do dia 8 de setembro pelo&nbsp;<\/strong><a href=\"https:\/\/docs.google.com\/forms\/d\/e\/1FAIpQLSdHM1dBS4liR-hiVieV5CuJ8DEIjgNMycY6Rim-1njw2lQaUA\/closedform\" target=\"_blank\" rel=\"noreferrer noopener\"><u>link<\/u><\/a><br>Vagas: 12 (6 vagas para os dias 11 e 12 de outubro e 6 vagas para os dias 13 e 14 de outubro)<br>Datas do evento: 11 a 14 de outubro de 2024<br>Hor\u00e1rio: 10h \u00e0s 20h<br>Local: S\u00e3o Paulo Expo<br>Endere\u00e7o: Rodovia dos Imigrantes,1,5 km &#8211; Vila \u00c1gua Funda &#8211; S\u00e3o Paulo &#8211; SP<\/p>\n","protected":false},"excerpt":{"rendered":"<p>Artes\u00e3os e manualistas do M\u00e3os e Mentes Paulistanas ir\u00e3o expor e comercializar produtos manuais em uma das maiores feiras de empreendedorismo do pa\u00eds. A Prefeitura de S\u00e3o Paulo, por meio do programa M\u00e3os e Mentes Paulistanas, iniciativa da Secretaria Municipal de Desenvolvimento Econ\u00f4mico e Trabalho, est\u00e1 com inscri\u00e7\u00f5es abertas para artes\u00e3os e manualistas interessados em [&hellip;]<\/p>\n","protected":false},"author":2,"featured_media":3095,"comment_status":"open","ping_status":"open","sticky":false,"template":"","format":"standard","meta":{"footnotes":""},"categories":[23],"tags":[],"class_list":{"0":"post-3094","1":"post","2":"type-post","3":"status-publish","4":"format-standard","5":"has-post-thumbnail","7":"category-feirasdenegocios"},"_links":{"self":[{"href":"https:\/\/tveventos.tv.br\/index.php?rest_route=\/wp\/v2\/posts\/3094","targetHints":{"allow":["GET"]}}],"collection":[{"href":"https:\/\/tveventos.tv.br\/index.php?rest_route=\/wp\/v2\/posts"}],"about":[{"href":"https:\/\/tveventos.tv.br\/index.php?rest_route=\/wp\/v2\/types\/post"}],"author":[{"embeddable":true,"href":"https:\/\/tveventos.tv.br\/index.php?rest_route=\/wp\/v2\/users\/2"}],"replies":[{"embeddable":true,"href":"https:\/\/tveventos.tv.br\/index.php?rest_route=%2Fwp%2Fv2%2Fcomments&post=3094"}],"version-history":[{"count":1,"href":"https:\/\/tveventos.tv.br\/index.php?rest_route=\/wp\/v2\/posts\/3094\/revisions"}],"predecessor-version":[{"id":3096,"href":"https:\/\/tveventos.tv.br\/index.php?rest_route=\/wp\/v2\/posts\/3094\/revisions\/3096"}],"wp:featuredmedia":[{"embeddable":true,"href":"https:\/\/tveventos.tv.br\/index.php?rest_route=\/wp\/v2\/media\/3095"}],"wp:attachment":[{"href":"https:\/\/tveventos.tv.br\/index.php?rest_route=%2Fwp%2Fv2%2Fmedia&parent=3094"}],"wp:term":[{"taxonomy":"category","embeddable":true,"href":"https:\/\/tveventos.tv.br\/index.php?rest_route=%2Fwp%2Fv2%2Fcategories&post=3094"},{"taxonomy":"post_tag","embeddable":true,"href":"https:\/\/tveventos.tv.br\/index.php?rest_route=%2Fwp%2Fv2%2Ftags&post=3094"}],"curies":[{"name":"wp","href":"https:\/\/api.w.org\/{rel}","templated":true}]}}