{"id":3100,"date":"2024-08-29T16:05:16","date_gmt":"2024-08-29T19:05:16","guid":{"rendered":"https:\/\/tveventos.tv.br\/?p=3100"},"modified":"2024-08-29T16:05:20","modified_gmt":"2024-08-29T19:05:20","slug":"intra-log-expo-reune-os-maiores-fornecedores-de-tecnologia-equipamentos-e-solucoes-para-o-setor-de-intralogistica","status":"publish","type":"post","link":"https:\/\/tveventos.tv.br\/?p=3100","title":{"rendered":"INTRA-LOG\u00a0Expo re\u00fane os maiores fornecedores de tecnologia, equipamentos e solu\u00e7\u00f5es para o setor de intralog\u00edstica"},"content":{"rendered":"\n<p class=\"has-text-align-center\"><em>Primeira edi\u00e7\u00e3o do evento, que acontece em S\u00e3o Paulo, de 3 a 5 de setembro, no Expo Center Norte, apresentar\u00e1 mais de 200 marcas nacionais e internacionais, al\u00e9m de f\u00f3rum de debate com especialistas renomados; credenciamento para a feira \u00e9 gratuito para profissionais<\/em>.<\/p>\n\n\n\n<p>Centro de inova\u00e7\u00e3o e neg\u00f3cios na Am\u00e9rica Latina, a cidade de S\u00e3o Paulo recebe em setembro o \u00fanico evento 100% voltado ao universo da intralog\u00edstica e da automa\u00e7\u00e3o, a&nbsp;<strong>INTRA-LOG&nbsp;Expo South America<\/strong>. Com foco no p\u00fablico B2B, a feira ser\u00e1 realizada de 3 a&nbsp;5 de setembro, no pavilh\u00e3o amarelo do Expo Center Norte.<\/p>\n\n\n\n<p>Ao longo dos tr\u00eas dias, mais de 200 marcas estar\u00e3o no pavilh\u00e3o para apresentar novas tecnologias, equipamentos, inova\u00e7\u00f5es e solu\u00e7\u00f5es do setor para empresas de todos os portes. Al\u00e9m disso, o evento ser\u00e1 palco de um debate altamente qualificado sobre o futuro e as tend\u00eancias do setor e seu impacto nas opera\u00e7\u00f5es das empresas, tendo como destaque a automa\u00e7\u00e3o, com o&nbsp;<strong>I F\u00f3rum&nbsp;INTRA-LOG<\/strong>. Realizado nos dias 3 e 4, ele reunir\u00e1 especialistas, empresas de renome e autoridades \u2013 a programa\u00e7\u00e3o completa das palestras pode ser acessada&nbsp;<a href=\"https:\/\/intralogexpo.com.br\/programacao\/\" rel=\"noreferrer noopener\" target=\"_blank\">aqui<\/a>.<\/p>\n\n\n\n<p>\u201cA intralog\u00edstica vem passando por uma transforma\u00e7\u00e3o acelerada nos \u00faltimos anos, impulsionada por tend\u00eancias como digitaliza\u00e7\u00e3o, automa\u00e7\u00e3o de processos mais simples aos complexos, robotiza\u00e7\u00e3o, conectividade, uso de Big Data e intelig\u00eancia artificial. E essa fase, chamada de Intralog\u00edstica 4.0, est\u00e1 cada vez mais ganhando espa\u00e7o. Assim, as empresas que investirem nessas tecnologias ser\u00e3o as mais bem posicionadas e ter\u00e3o maior competitividade local e globalmente\u201d, afirma Cassiano Facchinetti, Managing Director da Interlink Exhibitions, co-fundadora do evento.<\/p>\n\n\n\n<p>Um dos destaques \u00e9 a Intelig\u00eancia Artificial, amplamente utilizada para monitoramento e controle de sistemas e solu\u00e7\u00f5es intralog\u00edsticas, que deve crescer em torno de 25% ao ano nos pr\u00f3ximos quatro anos. Segundo a Associa\u00e7\u00e3o Brasileira das Empresas de Software (ABES), o Brasil \u00e9 um dos dez pa\u00edses que mais investem no mercado de Tecnologia da Informa\u00e7\u00e3o, onde a IA \u00e9 uma realidade que proporciona intelig\u00eancia ao hardware \u2013 em 2023, foram US$ 50 bilh\u00f5es. \u201cA previs\u00e3o para 2024 \u00e9 que as \u00e1reas de Software e Servi\u00e7o cres\u00e7am dois d\u00edgitos, refletindo o aumento do grau de maturidade que o pa\u00eds vem experimentando nos \u00faltimos anos. Os desafios s\u00e3o enormes, mas as oportunidades, tremendas\u201d, afirma Jorge Sukarie, conselheiro da ABES, uma das organiza\u00e7\u00f5es parceiras do evento.<\/p>\n\n\n\n<p>Para organizar um evento \u00e0 altura do potencial do setor, a INTERLINK Exhibitions buscou a expertise do Grupo IMAM, primeira organiza\u00e7\u00e3o a realizar um evento sobre movimenta\u00e7\u00e3o, distribui\u00e7\u00e3o e armazenagem de materiais no Brasil, na d\u00e9cada de 1980. Juntas, as empresas idealizaram e realizar\u00e3o a&nbsp;INTRA-LOG&nbsp;Expo.<\/p>\n\n\n\n<p>\u201cINTERLINK Exhibitions e Grupo IMAM est\u00e3o no mercado de neg\u00f3cios de feiras h\u00e1 d\u00e9cadas e sabem o que o visitante precisa e quer ver em uma feira. O pavilh\u00e3o estar\u00e1 repleto de solu\u00e7\u00f5es e novidades, e as confer\u00eancias agregar\u00e3o conhecimento aos profissionais do setor. Ser\u00e1 uma oportunidade de conhecer novos expositores, de fazer networking com outras pessoas do segmento e um benchmarking em rela\u00e7\u00e3o ao \u2018state of art\u2019 do que existe no mundo\u201d, diz Reinaldo Moura, diretor presidente do conselho do Grupo IMAM.<\/p>\n\n\n\n<p>A credibilidade da&nbsp;INTRA-LOG&nbsp;Expo junto ao setor ganha ainda mais peso com o apoio de companhias com grande relev\u00e2ncia nos segmentos envolvidos, e que apostaram no evento desde sua concep\u00e7\u00e3o. S\u00e3o os chamados membros-fundadores:&nbsp;<strong>\u00c1guia Sistemas, Bertolini, Cassioli, CD Embalagens, Paletrans, Retrak, Saur, Combilift, Scheffer, Spark<\/strong>&nbsp;e&nbsp;<strong>ULMA Handling Systems<\/strong>.<\/p>\n\n\n\n<p><strong>Evolu\u00e7\u00e3o da intralog\u00edstica<\/strong><\/p>\n\n\n\n<p>Para Eduardo Mazzarolo, gerente administrativo da Spark, as companhias passaram a olhar com mais aten\u00e7\u00e3o para dentro do seus armaz\u00e9ns, com investimento em otimiza\u00e7\u00e3o de processos e aplica\u00e7\u00e3o de tecnologia.<\/p>\n\n\n\n<p>\u201cAliado a isso, o crescimento do e-commerce, alavancado ainda mais no per\u00edodo pand\u00eamico, exigiu uma redefini\u00e7\u00e3o nas estrat\u00e9gias de&nbsp;log\u00edstica e distribui\u00e7\u00e3o. O prazo de entrega \u00e9 fator cada vez mais decisivo para o cliente na escolha do seu fornecedor. Por fim, automatiza\u00e7\u00e3o e rob\u00f3tica est\u00e3o cada vez mais presentes nos armaz\u00e9ns, com um n\u00famero crescente de rob\u00f4s colaborativos empregados na separa\u00e7\u00e3o e movimenta\u00e7\u00e3o de pedidos.\u201d<\/p>\n\n\n\n<p>A Spark fornece um ecossistema completo para a intralog\u00edstica, desenvolvendo software, rob\u00f3tica, e toda a infraestrutura necess\u00e1ria para opera\u00e7\u00e3o do armaz\u00e9m. Em seu estande, apresentar\u00e1 um portf\u00f3lio focado no aumento da efici\u00eancia operacional dos processos intralog\u00edsticos.<\/p>\n\n\n\n<p>Fernanda Fernandes, analista de marketing da Bertolini Armazenagem, afirma que a intralog\u00edstica no Brasil se expande mais a cada dia, for\u00e7ando empresas de m\u00e9dio e grande porte, e multinacionais a aprimorarem seus processos internos. \u201cComo resultado disso, a intralog\u00edstica pode representar at\u00e9 30% dos gastos da opera\u00e7\u00e3o dentro de uma empresa\u201d, diz.<\/p>\n\n\n\n<p>Durante a&nbsp;INTRA-LOG&nbsp;Expo, a Bertolini exibir\u00e1 suas solu\u00e7\u00f5es completas para o setor, com sistemas de armazenagem, automa\u00e7\u00e3o e servi\u00e7os, voltadas a reduzir custos e aumentar a efici\u00eancia&nbsp;log\u00edstica.<\/p>\n\n\n\n<p>Para Lucas Rodrigues Neto, gerente de desenvolvimento de neg\u00f3cios da expositora Scheffer&nbsp;Log\u00edstica e Automa\u00e7\u00e3o, o setor da intralog\u00edstica est\u00e1 em constante evolu\u00e7\u00e3o. \u201cA cada ano, novas solu\u00e7\u00f5es v\u00e3o surgindo e gerando inova\u00e7\u00f5es no setor. Num futuro n\u00e3o distante, entendemos que a movimenta\u00e7\u00e3o aut\u00f4noma ter\u00e1 um papel importante na&nbsp;log\u00edstica, tanto para armazenagem de materiais quanto para movimenta\u00e7\u00e3o.\u201d<\/p>\n\n\n\n<p>A empresa apresentar\u00e1 no pavilh\u00e3o seus m\u00f3dulos de transporte integrados a rob\u00f4s aut\u00f4nomos, al\u00e9m de outras solu\u00e7\u00f5es fabricadas ou integradas pela marca.<\/p>\n\n\n\n<p>\u201cDecidimos participar da primeira edi\u00e7\u00e3o da&nbsp;INTRA-LOG&nbsp;Expo devido ao seu foco e relev\u00e2ncia no setor de intralog\u00edstica, \u00e1rea crucial para as empresas e em que atuamos ativamente\u201d, afirma Alex Gutierrez, CEO da ULMA Handling Systems no Brasil.<\/p>\n\n\n\n<p>Durante o evento, a empresa apresentar\u00e1 diversas novidades e solu\u00e7\u00f5es de seu portf\u00f3lio, incluindo solu\u00e7\u00f5es avan\u00e7adas de automa\u00e7\u00e3o como rob\u00f4s aut\u00f4nomos para movimenta\u00e7\u00e3o de cargas e sistemas automatizados de armazenagem (AS\/RS).<\/p>\n\n\n\n<p>\u201cAs perspectivas futuras indicam um setor promissor, que ser\u00e1 cada vez mais integrado, automatizado e sustent\u00e1vel. A adapta\u00e7\u00e3o \u00e0s novas tecnologias e solu\u00e7\u00f5es de sistemas automatizados ser\u00e3o cruciais para que as empresas possam manter a competitividade no mercado e atender \u00e0s crescentes expectativas dos clientes\u201d, afirma Gutierrez.<\/p>\n\n\n\n<p><strong>F\u00f3rum&nbsp;INTRA-LOG<\/strong><\/p>\n\n\n\n<p>Al\u00e9m da feira com mais de 200 marcas, acontece simultaneamente o F\u00f3rum&nbsp;INTRA-LOG, espa\u00e7o dedicado a uma s\u00e9rie de palestras com executivos C-level do setor. Divididas em quatro pain\u00e9is, elas ter\u00e3o como temas:&nbsp;<strong>Tecnologias Emergentes &amp; Sustentabilidade<\/strong>;&nbsp;<strong>Intralog\u00edstica &amp; Automa\u00e7\u00e3o Inteligente<\/strong>;&nbsp;<strong>Supply Chain &amp; Excel\u00eancia Operacional<\/strong>; e&nbsp;<strong>Gest\u00e3o e Pessoas Transformam a Intralog\u00edstica<\/strong>.<\/p>\n\n\n\n<p>\u201cO F\u00f3rum&nbsp;INTRA-LOG&nbsp;proporcionar\u00e1 aos visitantes uma vis\u00e3o hol\u00edstica das novas tecnologias e solu\u00e7\u00f5es para tornar suas opera\u00e7\u00f5es mais eficientes e sustent\u00e1veis. Para isso, contar\u00e1 com empresas e palestrantes de renome\u201d, destaca Eduardo Banzato, diretor do IMAM. \u201cO mercado pode esperar um evento muito rico, com muita inova\u00e7\u00e3o, relacionamento e gera\u00e7\u00e3o de neg\u00f3cios.\u201d<\/p>\n\n\n\n<p>O credenciamento para a feira \u00e9 gratuito e j\u00e1 est\u00e1 aberto, e pode ser realizado&nbsp;<a href=\"https:\/\/inscricaodeeventos.com.br\/intralog\/cred\/2024\/imprensa\/tipo_inscricao.asp\" rel=\"noreferrer noopener\" target=\"_blank\">aqui<\/a>.<\/p>\n\n\n\n<p><strong>Sobre a&nbsp;INTRA-LOG&nbsp;Expo South America<\/strong><\/p>\n\n\n\n<p>A&nbsp;INTRA-LOG&nbsp;Expo South America \u00e9 organizada pela INTERLINK Exhibitions e pelo Grupo IMAM. A equipe da Interlink Exhibitions possui mais de 25 anos de experi\u00eancia na organiza\u00e7\u00e3o de feiras e congressos no Brasil, Am\u00e9rica do Sul, Europa e \u00c1sia. O Grupo IMAM \u00e9 a principal empresa brasileira de treinamento e consultoria em Supply Chain,&nbsp;Log\u00edstica e Intralog\u00edstica integrada com a Automa\u00e7\u00e3o e a Excel\u00eancia Operacional, que j\u00e1 formou mais de 300.000 profissionais durante seus 44 anos de hist\u00f3ria.<\/p>\n\n\n\n<p><strong>Servi\u00e7o:<\/strong><\/p>\n\n\n\n<p><strong>INTRA-LOG&nbsp;Expo South America<\/strong><\/p>\n\n\n\n<p><strong>Data: 3 a&nbsp;5 de setembro de 2024.<\/strong><\/p>\n\n\n\n<p><strong>Local: Expo Center Norte, Pavilh\u00e3o Amarelo &#8211; S\u00e3o Paulo \/ SP.<\/strong><\/p>\n\n\n\n<p><strong>Site:<\/strong>&nbsp;<a href=\"https:\/\/intralogexpo.com.br\/\" rel=\"noreferrer noopener\" target=\"_blank\"><strong>https:\/\/intralogexpo.com.br<\/strong><\/a><\/p>\n\n\n\n<p><strong>I F\u00f3rum&nbsp;INTRA-LOG: Inscri\u00e7\u00f5es e Programa\u00e7\u00e3o:<\/strong>&nbsp;<a href=\"https:\/\/intralogexpo.com.br\/sobre-o-forum\/\" rel=\"noreferrer noopener\" target=\"_blank\"><strong>I F\u00f3rum&nbsp;INTRA-LOG<\/strong><\/a><\/p>\n","protected":false},"excerpt":{"rendered":"<p>Primeira edi\u00e7\u00e3o do evento, que acontece em S\u00e3o Paulo, de 3 a 5 de setembro, no Expo Center Norte, apresentar\u00e1 mais de 200 marcas nacionais e internacionais, al\u00e9m de f\u00f3rum de debate com especialistas renomados; credenciamento para a feira \u00e9 gratuito para profissionais. Centro de inova\u00e7\u00e3o e neg\u00f3cios na Am\u00e9rica Latina, a cidade de S\u00e3o [&hellip;]<\/p>\n","protected":false},"author":2,"featured_media":3101,"comment_status":"open","ping_status":"open","sticky":false,"template":"","format":"standard","meta":{"footnotes":""},"categories":[23],"tags":[],"class_list":{"0":"post-3100","1":"post","2":"type-post","3":"status-publish","4":"format-standard","5":"has-post-thumbnail","7":"category-feirasdenegocios"},"_links":{"self":[{"href":"https:\/\/tveventos.tv.br\/index.php?rest_route=\/wp\/v2\/posts\/3100","targetHints":{"allow":["GET"]}}],"collection":[{"href":"https:\/\/tveventos.tv.br\/index.php?rest_route=\/wp\/v2\/posts"}],"about":[{"href":"https:\/\/tveventos.tv.br\/index.php?rest_route=\/wp\/v2\/types\/post"}],"author":[{"embeddable":true,"href":"https:\/\/tveventos.tv.br\/index.php?rest_route=\/wp\/v2\/users\/2"}],"replies":[{"embeddable":true,"href":"https:\/\/tveventos.tv.br\/index.php?rest_route=%2Fwp%2Fv2%2Fcomments&post=3100"}],"version-history":[{"count":1,"href":"https:\/\/tveventos.tv.br\/index.php?rest_route=\/wp\/v2\/posts\/3100\/revisions"}],"predecessor-version":[{"id":3102,"href":"https:\/\/tveventos.tv.br\/index.php?rest_route=\/wp\/v2\/posts\/3100\/revisions\/3102"}],"wp:featuredmedia":[{"embeddable":true,"href":"https:\/\/tveventos.tv.br\/index.php?rest_route=\/wp\/v2\/media\/3101"}],"wp:attachment":[{"href":"https:\/\/tveventos.tv.br\/index.php?rest_route=%2Fwp%2Fv2%2Fmedia&parent=3100"}],"wp:term":[{"taxonomy":"category","embeddable":true,"href":"https:\/\/tveventos.tv.br\/index.php?rest_route=%2Fwp%2Fv2%2Fcategories&post=3100"},{"taxonomy":"post_tag","embeddable":true,"href":"https:\/\/tveventos.tv.br\/index.php?rest_route=%2Fwp%2Fv2%2Ftags&post=3100"}],"curies":[{"name":"wp","href":"https:\/\/api.w.org\/{rel}","templated":true}]}}