{"id":3103,"date":"2024-08-30T16:55:12","date_gmt":"2024-08-30T19:55:12","guid":{"rendered":"https:\/\/tveventos.tv.br\/?p=3103"},"modified":"2024-08-30T16:59:41","modified_gmt":"2024-08-30T19:59:41","slug":"bienal-do-livro-sp-2024-autores-internacionais-que-estarao-no-evento","status":"publish","type":"post","link":"https:\/\/tveventos.tv.br\/?p=3103","title":{"rendered":"Bienal do Livro SP 2024: autores internacionais que estar\u00e3o no evento"},"content":{"rendered":"\n<p class=\"has-text-align-center\">A feira liter\u00e1ria vai contar com diversos escritores de YA, new adult e mais.<\/p>\n\n\n\n<p class=\"has-text-align-center\"><\/p>\n\n\n\n<p>A 27\u00aa Bienal do Livro de S\u00e3o Paulo se aproxima. A feira liter\u00e1ria promete reunir leitores, autores e editoras para conversas, sess\u00f5es de aut\u00f3grafos e uma experi\u00eancia imersiva no universo liter\u00e1rio.<\/p>\n\n\n\n<p>A 27\u00aa Bienal do Livro de S\u00e3o Paulo se aproxima. A feira liter\u00e1ria promete reunir leitores, autores e editoras para conversas, sess\u00f5es de aut\u00f3grafos e uma experi\u00eancia imersiva no universo liter\u00e1rio.<\/p>\n\n\n\n<p>O evento acontece do dia 6 de setembro at\u00e9 15 de setembro no Distrito Anhembi e v\u00e1rios autores, nacionais e internacionais, estar\u00e3o presentes para se conectar com o p\u00fablico. Na lista, alguns escritores de livros jovens que amamos est\u00e3o com presen\u00e7a confirmada e selecionamos alguns dos nomes que vem a\u00ed.&nbsp;<\/p>\n\n\n\n<p><strong>Confira autores internacionais de livros YA e new adult confirmados:<\/strong><\/p>\n\n\n\n<p>Jeff Kinney (Di\u00e1rio de um Banana)<\/p>\n\n\n\n<figure class=\"wp-block-image size-full\"><img loading=\"lazy\" decoding=\"async\" width=\"301\" height=\"167\" src=\"https:\/\/tveventos.tv.br\/wp-content\/uploads\/2024\/08\/image-13.png\" alt=\"\" class=\"wp-image-3104\"\/><\/figure>\n\n\n\n<p>Hannah Nicole Maehrer (Assistente do Vil\u00e3o)<\/p>\n\n\n\n<figure class=\"wp-block-image size-large is-resized\"><img loading=\"lazy\" decoding=\"async\" width=\"1024\" height=\"577\" src=\"https:\/\/tveventos.tv.br\/wp-content\/uploads\/2024\/08\/image-14-1024x577.png\" alt=\"\" class=\"wp-image-3105\" style=\"width:308px;height:auto\" srcset=\"https:\/\/tveventos.tv.br\/wp-content\/uploads\/2024\/08\/image-14-1024x577.png 1024w, https:\/\/tveventos.tv.br\/wp-content\/uploads\/2024\/08\/image-14-300x169.png 300w, https:\/\/tveventos.tv.br\/wp-content\/uploads\/2024\/08\/image-14-768x433.png 768w, https:\/\/tveventos.tv.br\/wp-content\/uploads\/2024\/08\/image-14-1536x865.png 1536w, https:\/\/tveventos.tv.br\/wp-content\/uploads\/2024\/08\/image-14-745x420.png 745w, https:\/\/tveventos.tv.br\/wp-content\/uploads\/2024\/08\/image-14-696x392.png 696w, https:\/\/tveventos.tv.br\/wp-content\/uploads\/2024\/08\/image-14-1068x602.png 1068w, https:\/\/tveventos.tv.br\/wp-content\/uploads\/2024\/08\/image-14.png 1640w\" sizes=\"auto, (max-width: 1024px) 100vw, 1024px\" \/><\/figure>\n\n\n\n<p>Lynn Painter (Melhor do que nos filmes)<\/p>\n\n\n\n<figure class=\"wp-block-image size-full is-resized\"><img loading=\"lazy\" decoding=\"async\" width=\"300\" height=\"168\" src=\"https:\/\/tveventos.tv.br\/wp-content\/uploads\/2024\/08\/image-15.png\" alt=\"\" class=\"wp-image-3106\" style=\"width:317px;height:auto\"\/><\/figure>\n\n\n\n<p>Hayley Kiyoko (Girls Like Girls: uma hist\u00f3ria de amor entre garotas)&nbsp;<\/p>\n\n\n\n<figure class=\"wp-block-image size-full is-resized\"><img loading=\"lazy\" decoding=\"async\" width=\"730\" height=\"510\" src=\"https:\/\/tveventos.tv.br\/wp-content\/uploads\/2024\/08\/image-16.png\" alt=\"\" class=\"wp-image-3107\" style=\"width:322px;height:auto\" srcset=\"https:\/\/tveventos.tv.br\/wp-content\/uploads\/2024\/08\/image-16.png 730w, https:\/\/tveventos.tv.br\/wp-content\/uploads\/2024\/08\/image-16-300x210.png 300w, https:\/\/tveventos.tv.br\/wp-content\/uploads\/2024\/08\/image-16-601x420.png 601w, https:\/\/tveventos.tv.br\/wp-content\/uploads\/2024\/08\/image-16-696x486.png 696w\" sizes=\"auto, (max-width: 730px) 100vw, 730px\" \/><\/figure>\n\n\n\n<p>Carley Fortune (Depois daquele ver\u00e3o)<\/p>\n\n\n\n<figure class=\"wp-block-image size-large is-resized\"><img loading=\"lazy\" decoding=\"async\" width=\"1024\" height=\"569\" src=\"https:\/\/tveventos.tv.br\/wp-content\/uploads\/2024\/08\/image-17-1024x569.png\" alt=\"\" class=\"wp-image-3108\" style=\"width:328px;height:auto\" srcset=\"https:\/\/tveventos.tv.br\/wp-content\/uploads\/2024\/08\/image-17-1024x569.png 1024w, https:\/\/tveventos.tv.br\/wp-content\/uploads\/2024\/08\/image-17-300x167.png 300w, https:\/\/tveventos.tv.br\/wp-content\/uploads\/2024\/08\/image-17-768x427.png 768w, https:\/\/tveventos.tv.br\/wp-content\/uploads\/2024\/08\/image-17-756x420.png 756w, https:\/\/tveventos.tv.br\/wp-content\/uploads\/2024\/08\/image-17-696x387.png 696w, https:\/\/tveventos.tv.br\/wp-content\/uploads\/2024\/08\/image-17-1068x594.png 1068w, https:\/\/tveventos.tv.br\/wp-content\/uploads\/2024\/08\/image-17.png 1200w\" sizes=\"auto, (max-width: 1024px) 100vw, 1024px\" \/><\/figure>\n\n\n\n<p>Brittainy Cherry (Eleanor &amp; Gray)<\/p>\n\n\n\n<figure class=\"wp-block-image size-full is-resized\"><img loading=\"lazy\" decoding=\"async\" width=\"333\" height=\"500\" src=\"https:\/\/tveventos.tv.br\/wp-content\/uploads\/2024\/08\/image-18.png\" alt=\"\" class=\"wp-image-3109\" style=\"width:167px;height:auto\" srcset=\"https:\/\/tveventos.tv.br\/wp-content\/uploads\/2024\/08\/image-18.png 333w, https:\/\/tveventos.tv.br\/wp-content\/uploads\/2024\/08\/image-18-200x300.png 200w, https:\/\/tveventos.tv.br\/wp-content\/uploads\/2024\/08\/image-18-280x420.png 280w\" sizes=\"auto, (max-width: 333px) 100vw, 333px\" \/><\/figure>\n\n\n\n<p><\/p>\n","protected":false},"excerpt":{"rendered":"<p>A feira liter\u00e1ria vai contar com diversos escritores de YA, new adult e mais. A 27\u00aa Bienal do Livro de S\u00e3o Paulo se aproxima. A feira liter\u00e1ria promete reunir leitores, autores e editoras para conversas, sess\u00f5es de aut\u00f3grafos e uma experi\u00eancia imersiva no universo liter\u00e1rio. A 27\u00aa Bienal do Livro de S\u00e3o Paulo se aproxima. [&hellip;]<\/p>\n","protected":false},"author":2,"featured_media":3112,"comment_status":"open","ping_status":"open","sticky":false,"template":"","format":"standard","meta":{"footnotes":""},"categories":[1],"tags":[],"class_list":{"0":"post-3103","1":"post","2":"type-post","3":"status-publish","4":"format-standard","5":"has-post-thumbnail","7":"category-workshopsepalestras"},"_links":{"self":[{"href":"https:\/\/tveventos.tv.br\/index.php?rest_route=\/wp\/v2\/posts\/3103","targetHints":{"allow":["GET"]}}],"collection":[{"href":"https:\/\/tveventos.tv.br\/index.php?rest_route=\/wp\/v2\/posts"}],"about":[{"href":"https:\/\/tveventos.tv.br\/index.php?rest_route=\/wp\/v2\/types\/post"}],"author":[{"embeddable":true,"href":"https:\/\/tveventos.tv.br\/index.php?rest_route=\/wp\/v2\/users\/2"}],"replies":[{"embeddable":true,"href":"https:\/\/tveventos.tv.br\/index.php?rest_route=%2Fwp%2Fv2%2Fcomments&post=3103"}],"version-history":[{"count":2,"href":"https:\/\/tveventos.tv.br\/index.php?rest_route=\/wp\/v2\/posts\/3103\/revisions"}],"predecessor-version":[{"id":3111,"href":"https:\/\/tveventos.tv.br\/index.php?rest_route=\/wp\/v2\/posts\/3103\/revisions\/3111"}],"wp:featuredmedia":[{"embeddable":true,"href":"https:\/\/tveventos.tv.br\/index.php?rest_route=\/wp\/v2\/media\/3112"}],"wp:attachment":[{"href":"https:\/\/tveventos.tv.br\/index.php?rest_route=%2Fwp%2Fv2%2Fmedia&parent=3103"}],"wp:term":[{"taxonomy":"category","embeddable":true,"href":"https:\/\/tveventos.tv.br\/index.php?rest_route=%2Fwp%2Fv2%2Fcategories&post=3103"},{"taxonomy":"post_tag","embeddable":true,"href":"https:\/\/tveventos.tv.br\/index.php?rest_route=%2Fwp%2Fv2%2Ftags&post=3103"}],"curies":[{"name":"wp","href":"https:\/\/api.w.org\/{rel}","templated":true}]}}