{"id":312,"date":"2023-09-05T09:01:23","date_gmt":"2023-09-05T12:01:23","guid":{"rendered":"http:\/\/tveventos.tv.br\/?p=312"},"modified":"2023-09-05T09:01:24","modified_gmt":"2023-09-05T12:01:24","slug":"serra-da-bocaina-reserva-contemplacao-de-vistas-das-alturas-em-sao-paulo","status":"publish","type":"post","link":"https:\/\/tveventos.tv.br\/?p=312","title":{"rendered":"Serra da Bocaina reserva contempla\u00e7\u00e3o de vistas das alturas em S\u00e3o Paulo"},"content":{"rendered":"\n<p>Ponto obrigat\u00f3rio para o acesso \u00e0 Serra da Bocaina, S\u00e3o Jos\u00e9 do Barreiro \u00e9 uma est\u00e2ncia tur\u00edstica que entrega uma experi\u00eancia no turismo paulista exclusiva que alia hist\u00f3ria e natureza. Nas trilhas que s\u00e3o pura aventura do Parque Nacional, dois pontos se destacam pela impressionante vis\u00e3o do alto: o Morro Tira Chap\u00e9u e o Pico da Bacia. Ambos s\u00e3o reconhecidos por suas vistas de tirar o f\u00f4lego e ocupam posi\u00e7\u00f5es no ranking das 10 maiores altitudes no estado de S\u00e3o Paulo.<\/p>\n\n\n\n<p>O Morro Tira Chap\u00e9u \u00e9 um dos \u00edcones das paisagens de S\u00e3o Jos\u00e9 do Barreiro. Com uma altitude de 2.088 metros (equivalente a quase oito pr\u00e9dios da One Tower, maior torre da Am\u00e9rica Latina), ele oferece uma vis\u00e3o em 360 graus que abrange desde as exuberantes florestas at\u00e9 os picos imponentes da Serra da Bocaina. Os visitantes que se aventuram neste ponto de observa\u00e7\u00e3o podem se sentir imersos na serenidade da natureza enquanto apreciam o nascer e o p\u00f4r do sol espetaculares \u2013 algumas ag\u00eancias tur\u00edsticas, inclusive, oferecem experi\u00eancias sensoriais como piqueniques e m\u00fasica ao vivo para apreciar o momento.<\/p>\n\n\n\n<p>Ao alcan\u00e7ar o cume do morro, os aventureiros ter\u00e3o a oportunidade de contemplar a mais abrangente vista da Serra da Mantiqueira que j\u00e1 se viu. Nada menos que Marins, Serra Fina e Itatiaia, os tr\u00eas principais maci\u00e7os da regi\u00e3o, formam uma vis\u00e3o imponente. \u00c0 esquerda, estende-se a crista linear dos Pil\u00f5es, enquanto \u00e0 direita se destaca o contorno recortado da Pedra Selada. Tamb\u00e9m \u00e9 poss\u00edvel avistar o oceano, com a presen\u00e7a marcante da coluna da Pedra do Frade e os contornos sinuosos do Quebra Cangalha. Um verdadeiro mergulho visual na diversidade da paisagem.<\/p>\n\n\n\n<p><strong><em>Pico da Bacia<\/em><\/strong><\/p>\n\n\n\n<p>Outra j\u00f3ia natural de S\u00e3o Jos\u00e9 do Barreiro \u00e9 o Pico da Bacia, apenas a 10 km do Morro Tira Chap\u00e9u, que se eleva majestosamente acima da paisagem circundante. A experi\u00eancia visual \u00e9 diferente, mas igualmente memor\u00e1vel, permitindo que os visitantes testemunhem a natureza em seu estado mais puro. Com uma altitude de 2.095 metros, que a coloca como a mais alta da regi\u00e3o, o Pico da Bacia \u00e9 um local de contempla\u00e7\u00e3o onde a conex\u00e3o entre o c\u00e9u e a terra \u00e9 quase tang\u00edvel.<\/p>\n\n\n\n<p>Aqui, a presen\u00e7a da colina anterior oculta a vis\u00e3o da Serra da Mantiqueira. Por outro lado, \u00e9 poss\u00edvel contemplar S\u00e3o Jos\u00e9 do Barreiro e o Vale do Formoso. Ainda h\u00e1 o exuberante mar de colinas da Serra da Bocaina, onde se destaca a corcova da Pedra do Frade, localizada no pared\u00e3o \u00e0 beira-mar.<\/p>\n\n\n\n<p><strong><em>Conex\u00e3o com a natureza<\/em><\/strong><\/p>\n\n\n\n<p>S\u00e3o Jos\u00e9 do Barreiro \u00e9 um destino para quem busca escapar da agita\u00e7\u00e3o da vida urbana, uma oportunidade de se conectar com a beleza e a tranquilidade da natureza. Os pontos de observa\u00e7\u00e3o do Morro Tira Chap\u00e9u e do Pico da Bacia oferecem a oportunidade perfeita para respirar ar puro, reenergizar o corpo, tranquilizar a mente e se maravilhar com a imensid\u00e3o do mundo natural.<\/p>\n\n\n\n<p>\u201cTodo este espet\u00e1culo natural que a imensid\u00e3o da Serra da Bocaina proporciona fica ainda melhor com a condu\u00e7\u00e3o especializada. Nossa cidade tem empresas de agentes tur\u00edsticos treinados e registrados no Cadastur. \u00c9 este profissionalismo que garante seguran\u00e7a e a melhor experi\u00eancia nas trilhas de aventura\u201d, conclui Ana Paula Almeida, secret\u00e1ria de Turismo de S\u00e3o Jos\u00e9 do Barreiro.<\/p>\n\n\n\n<p><strong><em>S\u00e3o Jos\u00e9 do Barreiro<\/em><\/strong><\/p>\n\n\n\n<p>Portal do Parque Nacional da Serra da Bocaina, a cidade fica na divisa entre S\u00e3o Paulo e Rio de Janeiro. Preserva um precioso patrim\u00f4nio cultural e hist\u00f3rico que retrata per\u00edodos importantes do Brasil, desde o ciclo do caf\u00e9. S\u00e3o Jos\u00e9 do Barreiro tamb\u00e9m \u00e9 conhecida por seus atrativos de natureza, turismo de aventura e culin\u00e1ria tropeira.<\/p>\n","protected":false},"excerpt":{"rendered":"<p>Ponto obrigat\u00f3rio para o acesso \u00e0 Serra da Bocaina, S\u00e3o Jos\u00e9 do Barreiro \u00e9 uma est\u00e2ncia tur\u00edstica que entrega uma experi\u00eancia no turismo paulista exclusiva que alia hist\u00f3ria e natureza. Nas trilhas que s\u00e3o pura aventura do Parque Nacional, dois pontos se destacam pela impressionante vis\u00e3o do alto: o Morro Tira Chap\u00e9u e o Pico [&hellip;]<\/p>\n","protected":false},"author":1,"featured_media":313,"comment_status":"open","ping_status":"open","sticky":false,"template":"","format":"standard","meta":{"footnotes":""},"categories":[1],"tags":[],"class_list":{"0":"post-312","1":"post","2":"type-post","3":"status-publish","4":"format-standard","5":"has-post-thumbnail","7":"category-workshopsepalestras"},"_links":{"self":[{"href":"https:\/\/tveventos.tv.br\/index.php?rest_route=\/wp\/v2\/posts\/312","targetHints":{"allow":["GET"]}}],"collection":[{"href":"https:\/\/tveventos.tv.br\/index.php?rest_route=\/wp\/v2\/posts"}],"about":[{"href":"https:\/\/tveventos.tv.br\/index.php?rest_route=\/wp\/v2\/types\/post"}],"author":[{"embeddable":true,"href":"https:\/\/tveventos.tv.br\/index.php?rest_route=\/wp\/v2\/users\/1"}],"replies":[{"embeddable":true,"href":"https:\/\/tveventos.tv.br\/index.php?rest_route=%2Fwp%2Fv2%2Fcomments&post=312"}],"version-history":[{"count":1,"href":"https:\/\/tveventos.tv.br\/index.php?rest_route=\/wp\/v2\/posts\/312\/revisions"}],"predecessor-version":[{"id":314,"href":"https:\/\/tveventos.tv.br\/index.php?rest_route=\/wp\/v2\/posts\/312\/revisions\/314"}],"wp:featuredmedia":[{"embeddable":true,"href":"https:\/\/tveventos.tv.br\/index.php?rest_route=\/wp\/v2\/media\/313"}],"wp:attachment":[{"href":"https:\/\/tveventos.tv.br\/index.php?rest_route=%2Fwp%2Fv2%2Fmedia&parent=312"}],"wp:term":[{"taxonomy":"category","embeddable":true,"href":"https:\/\/tveventos.tv.br\/index.php?rest_route=%2Fwp%2Fv2%2Fcategories&post=312"},{"taxonomy":"post_tag","embeddable":true,"href":"https:\/\/tveventos.tv.br\/index.php?rest_route=%2Fwp%2Fv2%2Ftags&post=312"}],"curies":[{"name":"wp","href":"https:\/\/api.w.org\/{rel}","templated":true}]}}