{"id":3122,"date":"2024-09-02T15:26:27","date_gmt":"2024-09-02T18:26:27","guid":{"rendered":"https:\/\/tveventos.tv.br\/?p=3122"},"modified":"2024-09-02T15:26:30","modified_gmt":"2024-09-02T18:26:30","slug":"seniortec-experience-2024-reune-grandes-nomes-da-tecnologia-em-evento-gratuito","status":"publish","type":"post","link":"https:\/\/tveventos.tv.br\/?p=3122","title":{"rendered":"Seniortec Experience 2024 re\u00fane grandes nomes da tecnologia em evento gratuito"},"content":{"rendered":"\n<p><em>Voltado para profissionais das \u00e1reas de Desenvolvimento, Testes, Gest\u00e3o do Conhecimento, UX, Produto, Agile Coaches, Inova\u00e7\u00e3o e correlatas, o maior evento do segmento abordar\u00e1 o uso de Intelig\u00eancia Artificial na tecnologia<\/em>.<\/p>\n\n\n\n<p>No dia 25 de setembro, acontece a 16.\u00aa edi\u00e7\u00e3o do Seniortec Experience, promovida pela Senior Sistemas. O encontro reunir\u00e1 palestras, pain\u00e9is e experi\u00eancias para quem deseja ampliar o conhecimento em tecnologia e inova\u00e7\u00e3o. O evento ser\u00e1 realizado nas modalidades presencial e online, com expectativa de reunir tr\u00eas mil pessoas. Presencialmente o p\u00fablico ser\u00e1 recepcionado no Teatro Carlos Gomes, em Blumenau (SC). A edi\u00e7\u00e3o deste ano destaca as aplica\u00e7\u00f5es da Intelig\u00eancia Artificial em m\u00faltiplas vertentes, com o tema \u201cIntelig\u00eancia humana e artificial para impulsionar o ecossistema <em>tech<\/em>\u201d.<\/p>\n\n\n\n<p>Destinada a profissionais das \u00e1reas de Desenvolvimento, Testes, Gest\u00e3o do Conhecimento, UX, Produto, <em>Agile Coaches<\/em>, Inova\u00e7\u00e3o e entusiastas da tecnologia, a edi\u00e7\u00e3o j\u00e1 conta com a presen\u00e7a confirmada de palestrantes de renome da ind\u00fastria, como o <em>chief data officer <\/em>e <em>chief AI officer<\/em> da Magalu, Caio Gomes; a engenheira de Desenvolvimento de <em>Software<\/em> em Testes (SDET) da Zup Innovation, Dani Cavalcanti; o <em>AI &amp; GenAI Senior Specialist <\/em>da Oracle, Rafael Dias, entre outros.<\/p>\n\n\n\n<p>Os conte\u00fados do evento ser\u00e3o divididos em duas trilhas: a primeira, intitulada &#8220;AI Deep Tech&#8221;, foca em intelig\u00eancia artificial aplicada a infraestrutura, seguran\u00e7a e desenvolvimento, com \u00eanfase em inova\u00e7\u00f5es tecnol\u00f3gicas para profissionais de desenvolvimento e arquitetura. A segunda, &#8220;AI for All&#8221;, explora como a IA pode transformar a maneira de fazer testes, codar, documentar e desenvolver produtos de forma inteligente. \u201cO Seniortec cresce a cada ano por trazer conte\u00fados que valorizam o segmento de TI, promovendo a troca de conhecimento, inova\u00e7\u00e3o e integra\u00e7\u00e3o. Em 15 anos de hist\u00f3ria, o evento j\u00e1 atingiu mais de 12 mil participantes e contou com mais de 160 palestrantes\u201d, destaca a gerente de Desenvolvimento na Senior Sistemas, Cintia Hoepfner.<\/p>\n\n\n\n<p>Uma das marcas registradas do evento \u00e9 oferecer conte\u00fado e experi\u00eancias de alta qualidade ao p\u00fablico. Os participantes poder\u00e3o assistir a palestras de profissionais de tecnologia de empresas como AWS, Magalu, Oracle, Zup Innovation, Microsoft, entre outras, e interagir com figuras renomadas no segmento. Ainda, o evento proporcionar\u00e1 oportunidades de <em>networking <\/em>e intera\u00e7\u00f5es com as marcas, al\u00e9m de sorteios. Para quem n\u00e3o puder comparecer presencialmente, o evento ser\u00e1 transmitido <em>on-line<\/em> e contar\u00e1 com uma experi\u00eancia <em>gamificada<\/em>, com <em>stands<\/em> virtuais e conte\u00fados complementares para melhor aproveitamento do encontro.<\/p>\n\n\n\n<p>As inscri\u00e7\u00f5es est\u00e3o abertas at\u00e9 o dia 22 de setembro e podem ser feitas de forma totalmente gratuita por meio do site do evento. A Senior tamb\u00e9m preparou os Seniortec Talks, <em>webinars <\/em>de aquecimento que apresentar\u00e3o uma pr\u00e9via do que ser\u00e1 oferecido no dia 25. Esses <em>webinars <\/em>ser\u00e3o transmitidos a partir de setembro.<\/p>\n\n\n\n<p>\u201cA Senior Sistemas tem orgulho de alcan\u00e7ar a 16.\u00aa edi\u00e7\u00e3o do Seniortec, com a certeza de que, ao longo dessa trajet\u00f3ria, promovemos uma evolu\u00e7\u00e3o significativa para o segmento. O evento, que nas suas primeiras edi\u00e7\u00f5es era restrito aos colaboradores, acompanhou o crescimento da Senior e se transformou em um evento de maior alcance. Por isso, nos \u00faltimos anos, passamos a oferecer o evento gratuitamente para outros profissionais da \u00e1rea e estudantes que buscam aprimorar seu conhecimento t\u00e9cnico em tecnologia\u201d, finaliza Cintia.<\/p>\n\n\n\n<p><strong>SERVI\u00c7O<\/strong><\/p>\n\n\n\n<p><strong>Quando: <\/strong>25 de setembro de 2024, das 9h \u00e0s 18h<\/p>\n\n\n\n<p><strong>Onde: <\/strong>Teatro Carlos Gomes &#8211; Rua XV de Novembro, 1181 \u2014 Centro, Blumenau\/SC e modalidade<em> on-line<\/em><\/p>\n\n\n\n<p><strong>Inscri\u00e7\u00f5es em:<\/strong> <a href=\"http:\/\/senior.com.br\/seniortec\">senior.com.br\/seniortec<\/a><br><\/p>\n","protected":false},"excerpt":{"rendered":"<p>Voltado para profissionais das \u00e1reas de Desenvolvimento, Testes, Gest\u00e3o do Conhecimento, UX, Produto, Agile Coaches, Inova\u00e7\u00e3o e correlatas, o maior evento do segmento abordar\u00e1 o uso de Intelig\u00eancia Artificial na tecnologia. No dia 25 de setembro, acontece a 16.\u00aa edi\u00e7\u00e3o do Seniortec Experience, promovida pela Senior Sistemas. O encontro reunir\u00e1 palestras, pain\u00e9is e experi\u00eancias para [&hellip;]<\/p>\n","protected":false},"author":3,"featured_media":3123,"comment_status":"open","ping_status":"open","sticky":false,"template":"","format":"standard","meta":{"footnotes":""},"categories":[23],"tags":[],"class_list":{"0":"post-3122","1":"post","2":"type-post","3":"status-publish","4":"format-standard","5":"has-post-thumbnail","7":"category-feirasdenegocios"},"_links":{"self":[{"href":"https:\/\/tveventos.tv.br\/index.php?rest_route=\/wp\/v2\/posts\/3122","targetHints":{"allow":["GET"]}}],"collection":[{"href":"https:\/\/tveventos.tv.br\/index.php?rest_route=\/wp\/v2\/posts"}],"about":[{"href":"https:\/\/tveventos.tv.br\/index.php?rest_route=\/wp\/v2\/types\/post"}],"author":[{"embeddable":true,"href":"https:\/\/tveventos.tv.br\/index.php?rest_route=\/wp\/v2\/users\/3"}],"replies":[{"embeddable":true,"href":"https:\/\/tveventos.tv.br\/index.php?rest_route=%2Fwp%2Fv2%2Fcomments&post=3122"}],"version-history":[{"count":1,"href":"https:\/\/tveventos.tv.br\/index.php?rest_route=\/wp\/v2\/posts\/3122\/revisions"}],"predecessor-version":[{"id":3124,"href":"https:\/\/tveventos.tv.br\/index.php?rest_route=\/wp\/v2\/posts\/3122\/revisions\/3124"}],"wp:featuredmedia":[{"embeddable":true,"href":"https:\/\/tveventos.tv.br\/index.php?rest_route=\/wp\/v2\/media\/3123"}],"wp:attachment":[{"href":"https:\/\/tveventos.tv.br\/index.php?rest_route=%2Fwp%2Fv2%2Fmedia&parent=3122"}],"wp:term":[{"taxonomy":"category","embeddable":true,"href":"https:\/\/tveventos.tv.br\/index.php?rest_route=%2Fwp%2Fv2%2Fcategories&post=3122"},{"taxonomy":"post_tag","embeddable":true,"href":"https:\/\/tveventos.tv.br\/index.php?rest_route=%2Fwp%2Fv2%2Ftags&post=3122"}],"curies":[{"name":"wp","href":"https:\/\/api.w.org\/{rel}","templated":true}]}}