{"id":3125,"date":"2024-09-02T15:49:34","date_gmt":"2024-09-02T18:49:34","guid":{"rendered":"https:\/\/tveventos.tv.br\/?p=3125"},"modified":"2024-09-02T15:50:58","modified_gmt":"2024-09-02T18:50:58","slug":"de-volta-a-sao-paulo-a-maior-feira-de-insumos-e-solucoes-para-a-industria-textil-e-de-confeccao-da-america-latina","status":"publish","type":"post","link":"https:\/\/tveventos.tv.br\/?p=3125","title":{"rendered":"De volta a S\u00e3o Paulo, a maior feira de insumos e solu\u00e7\u00f5es para a ind\u00fastria t\u00eaxtil e de confec\u00e7\u00e3o da Am\u00e9rica Latina"},"content":{"rendered":"\n<p><em>Prevista para fevereiro de 2025 em S\u00e3o Paulo, a FebraT\u00eaxtil deve concentrar de 10 a 12 mil visitantes do Brasil e de pa\u00edses como Argentina, Peru, Col\u00f4mbia, Bol\u00edvia e Paraguai; a feira contar\u00e1 com o Brasil Fashion Designer, concurso voltado para estudantes de moda do Estado de S\u00e3o Paulo.<\/em><br><\/p>\n\n\n\n<p>Organizada pelo Febratex Group, promotor da maior feira de neg\u00f3cios das Am\u00e9ricas para a ind\u00fastria t\u00eaxtil e uma grande plataforma de neg\u00f3cios do setor, a FebraT\u00eaxtil 2025 ser\u00e1 a maior feira de insumos e solu\u00e7\u00f5es para a ind\u00fastria t\u00eaxtil e de confec\u00e7\u00f5es da Am\u00e9rica Latina. A expectativa \u00e9 que o evento concentre entre 10 e 12 mil visitantes do Brasil e de pa\u00edses como Argentina, Peru, Col\u00f4mbia, Bol\u00edvia e Paraguai.<\/p>\n\n\n\n<p>Em parceria com o Sindicato das Ind\u00fastrias de Fia\u00e7\u00e3o e Tecelagem do Estado de S.Paulo (Sindit\u00eaxtil-SP) e a Associa\u00e7\u00e3o Brasileira da Ind\u00fastria T\u00eaxtil e de Confec\u00e7\u00e3o (Abit), \u00e9 o \u00fanico evento do Brasil focado em insumos e solu\u00e7\u00f5es para a ind\u00fastria t\u00eaxtil. Acontecer\u00e1 de 18 a 20 de fevereiro de 2025, das 14h \u00e0s 21h, no pavilh\u00e3o vermelho do Expo Center Norte, em S\u00e3o Paulo, reunindo os principais players do setor para um encontro imperd\u00edvel de neg\u00f3cios, conhecimento e tend\u00eancias. Ser\u00e3o tr\u00eas dias de inova\u00e7\u00e3o, networking e neg\u00f3cios, al\u00e9m de aprendizado em pain\u00e9is, palestras e podcasts, conduzidos por l\u00edderes do setor.&nbsp;<\/p>\n\n\n\n<p>Por que voltar a ter uma feira t\u00eaxtil em S\u00e3o Paulo? O estado paulista continua sendo o mais rico do Brasil, reunindo aqui as grandes empresas que representam a maioria do produto interno bruto (PIB) industrial. Na \u00e1rea t\u00eaxtil e de confec\u00e7\u00e3o, S\u00e3o Paulo representa 26% de todo o faturamento nacional, empregando perto de 400 mil trabalhadores diretos (27,5% dos empregos T&amp;C no Brasil). \u201cS\u00e3o Paulo foi o ber\u00e7o das maiores feiras t\u00eaxteis e de vestu\u00e1rio no Pa\u00eds. Os mais fortes centros de neg\u00f3cios de moda ainda s\u00e3o o Br\u00e1s e o Bom Retiro. A sede de grandes empresas t\u00eaxteis est\u00e1 nesta cidade. Temos tudo para resgatar essa heran\u00e7a de feiras t\u00eaxteis em S\u00e3o Paulo, atraindo compradores nacionais e internacionais\u201d afirma Julio Scudeler, presidente do Sindit\u00eaxtil-SP.&nbsp;<\/p>\n\n\n\n<p>Segundo a Abit, a ind\u00fastria t\u00eaxtil e de confec\u00e7\u00e3o do Brasil \u00e9 uma das cinco maiores do planeta, constitu\u00edda por cerca de 24 mil empresas, de produtoras de fibras a vestu\u00e1rio, empregando cerca de 1,3 milh\u00e3o de trabalhadores. A produ\u00e7\u00e3o do Brasil alcan\u00e7ou em 2022 2,1 milh\u00f5es de toneladas, o que garantiu o faturamento total de R$ 193 bilh\u00f5es, sendo que US$ 4,8 bilh\u00f5es oriundos das exporta\u00e7\u00f5es. \u201cO Brasil \u00e9 a maior Cadeia T\u00eaxtil completa do Ocidente. Somente n\u00f3s ainda temos desde a produ\u00e7\u00e3o das fibras, como planta\u00e7\u00e3o de algod\u00e3o, at\u00e9 os desfiles de moda, passando por fia\u00e7\u00f5es, tecelagens, beneficiadoras, confec\u00e7\u00f5es e forte varejo. Nosso pa\u00eds \u00e9 um dos poucos com produ\u00e7\u00e3o em todos os elos da cadeia de valor, incluindo 140 mil lojas no varejo de roupas, contando, ainda, com fornecedores de insumos, universidades e centros de pesquisa\u201d, declara o diretor superintendente da Abit, Fernando Pimentel.<\/p>\n\n\n\n<p>A FebraT\u00eaxtil promete ser um palco para as \u00faltimas novidades em produtos t\u00eaxteis, com foco em sustentabilidade, pesquisa e desenvolvimento, e design. \u201cO Grupo tem a expectativa de tornar a FebraT\u00eaxtil o maior evento das Am\u00e9ricas para o setor de tecelagem e malharia do Brasil. O que a gente quer \u00e9 criar um evento que tenha um alcance internacional para promo\u00e7\u00e3o da ind\u00fastria t\u00eaxtil brasileira, especialmente de tecelagem e malharia. Outro objetivo tamb\u00e9m \u00e9 fazer o mercado externo conhecer a cadeia de fornecimento de tecidos e malhas que o Brasil tem, que \u00e9 gigante e que tem se desenvolvido cada vez mais em qualidade de produto e sustentabilidade\u201d, pontua Giordana Madeira, Diretora-Executiva de Sustentabilidade, Inova\u00e7\u00e3o e Tecnologia do Febratex Group.<\/p>\n\n\n\n<p>Com capacidade para 207 expositores, essa \u00e9 a retomada da feira que promete ser mais inovadora e din\u00e2mica. A primeira edi\u00e7\u00e3o da FebraT\u00eaxtil foi em 2018 com foco maior em maquin\u00e1rio. J\u00e1 para 2025, a feira deve trabalhar insumos para a ind\u00fastria t\u00eaxtil e de confec\u00e7\u00e3o como fios, filamentos, beneficiamentos, designs, tecidos e malhas, fibras, aviamentos, estamparia e n\u00e3o tecidos.&nbsp;<\/p>\n\n\n\n<p>\u201cNa feira estamos exaltando a valoriza\u00e7\u00e3o de expositores nacionais, pois a inten\u00e7\u00e3o \u00e9 promover a produ\u00e7\u00e3o da ind\u00fastria da moda no Brasil. O evento promove informa\u00e7\u00e3o e conhecimento para conseguirmos produzir mais no Brasil, de uma forma mais competitiva, tanto em valor quanto em qualidade de produto\u201d, explica Ricardo Gomes &#8211; Gerente de Novos Projetos da FebraT\u00eaxtil.&nbsp;<\/p>\n\n\n\n<p>\u201cA FebraT\u00eaxtil tem iniciativa de ser uma feira t\u00eaxtil para o mercado de S\u00e3o Paulo, que atenda todo o Brasil e a Am\u00e9rica Latina. A feira acontecer\u00e1 em S\u00e3o Paulo porque \u00e9 a cidade onde acontecem todos os grandes neg\u00f3cios do pa\u00eds e conta com toda a infraestrutura necess\u00e1ria para eventos desse porte, al\u00e9m concentrar grande parte das empresas\u201d, completa H\u00e9lvio Pompeo Jr. <strong>&#8211;<\/strong> Diretor de Comunica\u00e7\u00e3o e Marketing do Febratex Group.&nbsp;<\/p>\n\n\n\n<p>\u201cA realiza\u00e7\u00e3o da FebraT\u00eaxtil \u00e9 um trabalho de muitos anos de pesquisa! Essa feira tem o objetivo de representar e expor tudo aquilo que a nossa ind\u00fastria t\u00eaxtil produz. Esse trabalho n\u00e3o s\u00f3 com a feira, mas tamb\u00e9m com v\u00e1rios eventos paralelos, como o Brasil Fashion Designers, as palestras, o podcast, entre outras atividades. At\u00e9 para podermos amadurecer a ind\u00fastria a cada ano\u201d, destaca H\u00e9lvio Pompeo Madeira, Presidente do Grupo.<\/p>\n\n\n\n<p><strong>Sobre o Febratex Group<\/strong><\/p>\n\n\n\n<p>O Febratex Group \u00e9 a maior promotora brasileira de feiras e eventos para o setor t\u00eaxtil das Am\u00e9ricas e uma plataforma de neg\u00f3cios do setor, realizando eventos nos principais polos t\u00eaxteis do Brasil. Com mais de 40 anos de hist\u00f3ria, a empresa possui matriz em Porto Alegre, filiais em S\u00e3o Paulo e Blumenau. O grupo organiza nove feiras, sendo a maior delas a Feira brasileira para a ind\u00fastria t\u00eaxtil e de confec\u00e7\u00e3o, a Febratex, a terceira maior feira mundial do setor t\u00eaxtil, respons\u00e1vel por iniciar 40% dos neg\u00f3cios de m\u00e1quinas t\u00eaxteis no Brasil. O Febratex Group \u00e9 pioneiro no setor t\u00eaxtil na Am\u00e9rica Latina ao conquistar o Selo Lixo Zero, al\u00e9m de ser signat\u00e1rio do Pacto Global da ONU e membro da Ubrafe, destacando seu compromisso com a sustentabilidade.<\/p>\n","protected":false},"excerpt":{"rendered":"<p>Prevista para fevereiro de 2025 em S\u00e3o Paulo, a FebraT\u00eaxtil deve concentrar de 10 a 12 mil visitantes do Brasil e de pa\u00edses como Argentina, Peru, Col\u00f4mbia, Bol\u00edvia e Paraguai; a feira contar\u00e1 com o Brasil Fashion Designer, concurso voltado para estudantes de moda do Estado de S\u00e3o Paulo. Organizada pelo Febratex Group, promotor da [&hellip;]<\/p>\n","protected":false},"author":3,"featured_media":3126,"comment_status":"open","ping_status":"open","sticky":false,"template":"","format":"standard","meta":{"footnotes":""},"categories":[23],"tags":[],"class_list":{"0":"post-3125","1":"post","2":"type-post","3":"status-publish","4":"format-standard","5":"has-post-thumbnail","7":"category-feirasdenegocios"},"_links":{"self":[{"href":"https:\/\/tveventos.tv.br\/index.php?rest_route=\/wp\/v2\/posts\/3125","targetHints":{"allow":["GET"]}}],"collection":[{"href":"https:\/\/tveventos.tv.br\/index.php?rest_route=\/wp\/v2\/posts"}],"about":[{"href":"https:\/\/tveventos.tv.br\/index.php?rest_route=\/wp\/v2\/types\/post"}],"author":[{"embeddable":true,"href":"https:\/\/tveventos.tv.br\/index.php?rest_route=\/wp\/v2\/users\/3"}],"replies":[{"embeddable":true,"href":"https:\/\/tveventos.tv.br\/index.php?rest_route=%2Fwp%2Fv2%2Fcomments&post=3125"}],"version-history":[{"count":1,"href":"https:\/\/tveventos.tv.br\/index.php?rest_route=\/wp\/v2\/posts\/3125\/revisions"}],"predecessor-version":[{"id":3127,"href":"https:\/\/tveventos.tv.br\/index.php?rest_route=\/wp\/v2\/posts\/3125\/revisions\/3127"}],"wp:featuredmedia":[{"embeddable":true,"href":"https:\/\/tveventos.tv.br\/index.php?rest_route=\/wp\/v2\/media\/3126"}],"wp:attachment":[{"href":"https:\/\/tveventos.tv.br\/index.php?rest_route=%2Fwp%2Fv2%2Fmedia&parent=3125"}],"wp:term":[{"taxonomy":"category","embeddable":true,"href":"https:\/\/tveventos.tv.br\/index.php?rest_route=%2Fwp%2Fv2%2Fcategories&post=3125"},{"taxonomy":"post_tag","embeddable":true,"href":"https:\/\/tveventos.tv.br\/index.php?rest_route=%2Fwp%2Fv2%2Ftags&post=3125"}],"curies":[{"name":"wp","href":"https:\/\/api.w.org\/{rel}","templated":true}]}}