{"id":3128,"date":"2024-09-02T16:48:03","date_gmt":"2024-09-02T19:48:03","guid":{"rendered":"https:\/\/tveventos.tv.br\/?p=3128"},"modified":"2024-09-02T16:48:06","modified_gmt":"2024-09-02T19:48:06","slug":"future-law","status":"publish","type":"post","link":"https:\/\/tveventos.tv.br\/?p=3128","title":{"rendered":"Future Law"},"content":{"rendered":"\n<p>O Future Law Experience \u00e9 o evento onde voc\u00ea vai se conectar com as mentes mais inovadoras do mercado jur\u00eddico.\u2028\u00c9 uma oportunidade in\u00e9dita de estar em contato com as maiores tend\u00eancias do Direito e aprender na pr\u00e1tica sobre todas as novas iniciativas da advocacia.<\/p>\n\n\n\n<p>Junte-se a n\u00f3s no dia 03 de setembro das 10h \u00e0s 19h, no Expo Center Norte.<\/p>\n\n\n\n<p>Endere\u00e7o: Rua Jos\u00e9 Bernardo Pinto 333, S\u00e3o Paulo, SP, 02055-000&nbsp;<\/p>\n","protected":false},"excerpt":{"rendered":"<p>O Future Law Experience \u00e9 o evento onde voc\u00ea vai se conectar com as mentes mais inovadoras do mercado jur\u00eddico.\u2028\u00c9 uma oportunidade in\u00e9dita de estar em contato com as maiores tend\u00eancias do Direito e aprender na pr\u00e1tica sobre todas as novas iniciativas da advocacia. Junte-se a n\u00f3s no dia 03 de setembro das 10h \u00e0s [&hellip;]<\/p>\n","protected":false},"author":3,"featured_media":3129,"comment_status":"open","ping_status":"open","sticky":false,"template":"","format":"standard","meta":{"footnotes":""},"categories":[25,1],"tags":[],"class_list":{"0":"post-3128","1":"post","2":"type-post","3":"status-publish","4":"format-standard","5":"has-post-thumbnail","7":"category-calendariodeeventos","8":"category-workshopsepalestras"},"_links":{"self":[{"href":"https:\/\/tveventos.tv.br\/index.php?rest_route=\/wp\/v2\/posts\/3128","targetHints":{"allow":["GET"]}}],"collection":[{"href":"https:\/\/tveventos.tv.br\/index.php?rest_route=\/wp\/v2\/posts"}],"about":[{"href":"https:\/\/tveventos.tv.br\/index.php?rest_route=\/wp\/v2\/types\/post"}],"author":[{"embeddable":true,"href":"https:\/\/tveventos.tv.br\/index.php?rest_route=\/wp\/v2\/users\/3"}],"replies":[{"embeddable":true,"href":"https:\/\/tveventos.tv.br\/index.php?rest_route=%2Fwp%2Fv2%2Fcomments&post=3128"}],"version-history":[{"count":1,"href":"https:\/\/tveventos.tv.br\/index.php?rest_route=\/wp\/v2\/posts\/3128\/revisions"}],"predecessor-version":[{"id":3130,"href":"https:\/\/tveventos.tv.br\/index.php?rest_route=\/wp\/v2\/posts\/3128\/revisions\/3130"}],"wp:featuredmedia":[{"embeddable":true,"href":"https:\/\/tveventos.tv.br\/index.php?rest_route=\/wp\/v2\/media\/3129"}],"wp:attachment":[{"href":"https:\/\/tveventos.tv.br\/index.php?rest_route=%2Fwp%2Fv2%2Fmedia&parent=3128"}],"wp:term":[{"taxonomy":"category","embeddable":true,"href":"https:\/\/tveventos.tv.br\/index.php?rest_route=%2Fwp%2Fv2%2Fcategories&post=3128"},{"taxonomy":"post_tag","embeddable":true,"href":"https:\/\/tveventos.tv.br\/index.php?rest_route=%2Fwp%2Fv2%2Ftags&post=3128"}],"curies":[{"name":"wp","href":"https:\/\/api.w.org\/{rel}","templated":true}]}}