{"id":3131,"date":"2024-09-02T17:01:20","date_gmt":"2024-09-02T20:01:20","guid":{"rendered":"https:\/\/tveventos.tv.br\/?p=3131"},"modified":"2024-09-02T17:01:21","modified_gmt":"2024-09-02T20:01:21","slug":"mv-experience-forum","status":"publish","type":"post","link":"https:\/\/tveventos.tv.br\/?p=3131","title":{"rendered":"MV Experience F\u00f3rum\u00a0"},"content":{"rendered":"\n<p>O MV Experience F\u00f3rum \u00e9 o maior evento de inova\u00e7\u00e3o e tecnologia para a sa\u00fade do Brasil. Com mais de 10 anos de exist\u00eancia, o MEF re\u00fane, bianualmente, profissionais da sa\u00fade, gestores e especialistas em tecnologia e inova\u00e7\u00e3o para compartilhar conhecimentos sobre as melhores pr\u00e1ticas de transforma\u00e7\u00e3o na sa\u00fade digital.<\/p>\n\n\n\n<p>Junte-se a n\u00f3s nos dias 04 e 05 de setembro das 08h30 \u00e0s 20h, no Transamerica Expo Center.&nbsp;<\/p>\n\n\n\n<p>Endere\u00e7o: Av. Dr. M\u00e1rio Vilas Boas Rodrigues 387, S\u00e3o Paulo, SP, 04757-020&nbsp;<\/p>\n","protected":false},"excerpt":{"rendered":"<p>O MV Experience F\u00f3rum \u00e9 o maior evento de inova\u00e7\u00e3o e tecnologia para a sa\u00fade do Brasil. Com mais de 10 anos de exist\u00eancia, o MEF re\u00fane, bianualmente, profissionais da sa\u00fade, gestores e especialistas em tecnologia e inova\u00e7\u00e3o para compartilhar conhecimentos sobre as melhores pr\u00e1ticas de transforma\u00e7\u00e3o na sa\u00fade digital. Junte-se a n\u00f3s nos dias [&hellip;]<\/p>\n","protected":false},"author":3,"featured_media":3132,"comment_status":"open","ping_status":"open","sticky":false,"template":"","format":"standard","meta":{"footnotes":""},"categories":[25],"tags":[],"class_list":{"0":"post-3131","1":"post","2":"type-post","3":"status-publish","4":"format-standard","5":"has-post-thumbnail","7":"category-calendariodeeventos"},"_links":{"self":[{"href":"https:\/\/tveventos.tv.br\/index.php?rest_route=\/wp\/v2\/posts\/3131","targetHints":{"allow":["GET"]}}],"collection":[{"href":"https:\/\/tveventos.tv.br\/index.php?rest_route=\/wp\/v2\/posts"}],"about":[{"href":"https:\/\/tveventos.tv.br\/index.php?rest_route=\/wp\/v2\/types\/post"}],"author":[{"embeddable":true,"href":"https:\/\/tveventos.tv.br\/index.php?rest_route=\/wp\/v2\/users\/3"}],"replies":[{"embeddable":true,"href":"https:\/\/tveventos.tv.br\/index.php?rest_route=%2Fwp%2Fv2%2Fcomments&post=3131"}],"version-history":[{"count":1,"href":"https:\/\/tveventos.tv.br\/index.php?rest_route=\/wp\/v2\/posts\/3131\/revisions"}],"predecessor-version":[{"id":3133,"href":"https:\/\/tveventos.tv.br\/index.php?rest_route=\/wp\/v2\/posts\/3131\/revisions\/3133"}],"wp:featuredmedia":[{"embeddable":true,"href":"https:\/\/tveventos.tv.br\/index.php?rest_route=\/wp\/v2\/media\/3132"}],"wp:attachment":[{"href":"https:\/\/tveventos.tv.br\/index.php?rest_route=%2Fwp%2Fv2%2Fmedia&parent=3131"}],"wp:term":[{"taxonomy":"category","embeddable":true,"href":"https:\/\/tveventos.tv.br\/index.php?rest_route=%2Fwp%2Fv2%2Fcategories&post=3131"},{"taxonomy":"post_tag","embeddable":true,"href":"https:\/\/tveventos.tv.br\/index.php?rest_route=%2Fwp%2Fv2%2Ftags&post=3131"}],"curies":[{"name":"wp","href":"https:\/\/api.w.org\/{rel}","templated":true}]}}