{"id":3134,"date":"2024-09-02T17:11:08","date_gmt":"2024-09-02T20:11:08","guid":{"rendered":"https:\/\/tveventos.tv.br\/?p=3134"},"modified":"2024-09-02T17:11:09","modified_gmt":"2024-09-02T20:11:09","slug":"embarcadero-conference","status":"publish","type":"post","link":"https:\/\/tveventos.tv.br\/?p=3134","title":{"rendered":"Embarcadero Conference\u00a0"},"content":{"rendered":"\n<p>A Embarcadero Conference \u00e9 um evento promovido pela Embarcadero Technologies, conhecida por suas ferramentas de desenvolvimento de software, como o Delphi e o C++Builder. A confer\u00eancia re\u00fane desenvolvedores, profissionais de TI e entusiastas de tecnologia para explorar e aprender sobre as \u00faltimas inova\u00e7\u00f5es e melhores pr\u00e1ticas no desenvolvimento de software usando as ferramentas da Embarcadero.<\/p>\n\n\n\n<p>A confer\u00eancia \u00e9 uma excelente oportunidade para os desenvolvedores aprimorarem suas habilidades, ficarem atualizados sobre as \u00faltimas tend\u00eancias tecnol\u00f3gicas e se conectarem com a comunidade de desenvolvedores que usa as ferramentas da Embarcadero.<\/p>\n\n\n\n<p>Junte-se a n\u00f3s no dia 05 de setembro das 08h \u00e0s 18h, no Amcham Business Center.<\/p>\n\n\n\n<p>Endere\u00e7o: Rua da Paz, 1431 &#8211; Ch\u00e1cara Santo Ant\u00f4nio 04713-001 S\u00e3o Paulo SP<\/p>\n","protected":false},"excerpt":{"rendered":"<p>A Embarcadero Conference \u00e9 um evento promovido pela Embarcadero Technologies, conhecida por suas ferramentas de desenvolvimento de software, como o Delphi e o C++Builder. A confer\u00eancia re\u00fane desenvolvedores, profissionais de TI e entusiastas de tecnologia para explorar e aprender sobre as \u00faltimas inova\u00e7\u00f5es e melhores pr\u00e1ticas no desenvolvimento de software usando as ferramentas da Embarcadero. [&hellip;]<\/p>\n","protected":false},"author":3,"featured_media":3135,"comment_status":"open","ping_status":"open","sticky":false,"template":"","format":"standard","meta":{"footnotes":""},"categories":[25],"tags":[],"class_list":{"0":"post-3134","1":"post","2":"type-post","3":"status-publish","4":"format-standard","5":"has-post-thumbnail","7":"category-calendariodeeventos"},"_links":{"self":[{"href":"https:\/\/tveventos.tv.br\/index.php?rest_route=\/wp\/v2\/posts\/3134","targetHints":{"allow":["GET"]}}],"collection":[{"href":"https:\/\/tveventos.tv.br\/index.php?rest_route=\/wp\/v2\/posts"}],"about":[{"href":"https:\/\/tveventos.tv.br\/index.php?rest_route=\/wp\/v2\/types\/post"}],"author":[{"embeddable":true,"href":"https:\/\/tveventos.tv.br\/index.php?rest_route=\/wp\/v2\/users\/3"}],"replies":[{"embeddable":true,"href":"https:\/\/tveventos.tv.br\/index.php?rest_route=%2Fwp%2Fv2%2Fcomments&post=3134"}],"version-history":[{"count":1,"href":"https:\/\/tveventos.tv.br\/index.php?rest_route=\/wp\/v2\/posts\/3134\/revisions"}],"predecessor-version":[{"id":3136,"href":"https:\/\/tveventos.tv.br\/index.php?rest_route=\/wp\/v2\/posts\/3134\/revisions\/3136"}],"wp:featuredmedia":[{"embeddable":true,"href":"https:\/\/tveventos.tv.br\/index.php?rest_route=\/wp\/v2\/media\/3135"}],"wp:attachment":[{"href":"https:\/\/tveventos.tv.br\/index.php?rest_route=%2Fwp%2Fv2%2Fmedia&parent=3134"}],"wp:term":[{"taxonomy":"category","embeddable":true,"href":"https:\/\/tveventos.tv.br\/index.php?rest_route=%2Fwp%2Fv2%2Fcategories&post=3134"},{"taxonomy":"post_tag","embeddable":true,"href":"https:\/\/tveventos.tv.br\/index.php?rest_route=%2Fwp%2Fv2%2Ftags&post=3134"}],"curies":[{"name":"wp","href":"https:\/\/api.w.org\/{rel}","templated":true}]}}