{"id":3137,"date":"2024-09-02T17:19:50","date_gmt":"2024-09-02T20:19:50","guid":{"rendered":"https:\/\/tveventos.tv.br\/?p=3137"},"modified":"2024-09-02T17:19:52","modified_gmt":"2024-09-02T20:19:52","slug":"global-risk-meeting","status":"publish","type":"post","link":"https:\/\/tveventos.tv.br\/?p=3137","title":{"rendered":"Global Risk Meeting"},"content":{"rendered":"\n<p>A Global Risk Meeting \u00e9 um evento focado em discutir e abordar os desafios e oportunidades relacionados \u00e0 gest\u00e3o de riscos em um contexto global. O evento re\u00fane l\u00edderes empresariais, especialistas em gest\u00e3o de riscos, profissionais de seguran\u00e7a, acad\u00eamicos e outras partes interessadas para compartilhar conhecimento, discutir estrat\u00e9gias e explorar as \u00faltimas tend\u00eancias e pr\u00e1ticas na \u00e1rea de gerenciamento de riscos.<\/p>\n\n\n\n<p>Junte-se a n\u00f3s nos dias 05 e 06 de setembro das 08h \u00e0s 18h, no Renaissance SP.<\/p>\n\n\n\n<p>Endere\u00e7o: Al. Santos, 2233 &#8211; Jardim Paulista, S\u00e3o Paulo &#8211; SP, 01419-002<\/p>\n","protected":false},"excerpt":{"rendered":"<p>A Global Risk Meeting \u00e9 um evento focado em discutir e abordar os desafios e oportunidades relacionados \u00e0 gest\u00e3o de riscos em um contexto global. O evento re\u00fane l\u00edderes empresariais, especialistas em gest\u00e3o de riscos, profissionais de seguran\u00e7a, acad\u00eamicos e outras partes interessadas para compartilhar conhecimento, discutir estrat\u00e9gias e explorar as \u00faltimas tend\u00eancias e pr\u00e1ticas [&hellip;]<\/p>\n","protected":false},"author":3,"featured_media":3138,"comment_status":"open","ping_status":"open","sticky":false,"template":"","format":"standard","meta":{"footnotes":""},"categories":[25],"tags":[],"class_list":{"0":"post-3137","1":"post","2":"type-post","3":"status-publish","4":"format-standard","5":"has-post-thumbnail","7":"category-calendariodeeventos"},"_links":{"self":[{"href":"https:\/\/tveventos.tv.br\/index.php?rest_route=\/wp\/v2\/posts\/3137","targetHints":{"allow":["GET"]}}],"collection":[{"href":"https:\/\/tveventos.tv.br\/index.php?rest_route=\/wp\/v2\/posts"}],"about":[{"href":"https:\/\/tveventos.tv.br\/index.php?rest_route=\/wp\/v2\/types\/post"}],"author":[{"embeddable":true,"href":"https:\/\/tveventos.tv.br\/index.php?rest_route=\/wp\/v2\/users\/3"}],"replies":[{"embeddable":true,"href":"https:\/\/tveventos.tv.br\/index.php?rest_route=%2Fwp%2Fv2%2Fcomments&post=3137"}],"version-history":[{"count":1,"href":"https:\/\/tveventos.tv.br\/index.php?rest_route=\/wp\/v2\/posts\/3137\/revisions"}],"predecessor-version":[{"id":3139,"href":"https:\/\/tveventos.tv.br\/index.php?rest_route=\/wp\/v2\/posts\/3137\/revisions\/3139"}],"wp:featuredmedia":[{"embeddable":true,"href":"https:\/\/tveventos.tv.br\/index.php?rest_route=\/wp\/v2\/media\/3138"}],"wp:attachment":[{"href":"https:\/\/tveventos.tv.br\/index.php?rest_route=%2Fwp%2Fv2%2Fmedia&parent=3137"}],"wp:term":[{"taxonomy":"category","embeddable":true,"href":"https:\/\/tveventos.tv.br\/index.php?rest_route=%2Fwp%2Fv2%2Fcategories&post=3137"},{"taxonomy":"post_tag","embeddable":true,"href":"https:\/\/tveventos.tv.br\/index.php?rest_route=%2Fwp%2Fv2%2Ftags&post=3137"}],"curies":[{"name":"wp","href":"https:\/\/api.w.org\/{rel}","templated":true}]}}