{"id":3140,"date":"2024-09-02T17:31:45","date_gmt":"2024-09-02T20:31:45","guid":{"rendered":"https:\/\/tveventos.tv.br\/?p=3140"},"modified":"2024-09-02T17:31:48","modified_gmt":"2024-09-02T20:31:48","slug":"reef-day-brasil","status":"publish","type":"post","link":"https:\/\/tveventos.tv.br\/?p=3140","title":{"rendered":"Reef Day Brasil"},"content":{"rendered":"\n<p>O Reef Day Brasil \u00e9 um evento organizado pela Reef, uma marca conhecida por seu foco em cal\u00e7ados e roupas voltadas para o estilo de vida praiano e atividades aqu\u00e1ticas. O Reef Day Brasil \u00e9 um dia dedicado a celebrar a cultura do surf, o meio ambiente e a comunidade que compartilha uma paix\u00e3o pelo oceano e pela vida ao ar livre.<\/p>\n\n\n\n<p>Junte-se a n\u00f3s nos dias 07 e 08 de setembro das 11h \u00e0s 20h, no Pro Magno.<\/p>\n\n\n\n<p>Endere\u00e7o: Avenida Professora Ida Kolb 513, S\u00e3o Paulo, S\u00e3o Paulo, 02518-000&nbsp;<\/p>\n","protected":false},"excerpt":{"rendered":"<p>O Reef Day Brasil \u00e9 um evento organizado pela Reef, uma marca conhecida por seu foco em cal\u00e7ados e roupas voltadas para o estilo de vida praiano e atividades aqu\u00e1ticas. O Reef Day Brasil \u00e9 um dia dedicado a celebrar a cultura do surf, o meio ambiente e a comunidade que compartilha uma paix\u00e3o pelo [&hellip;]<\/p>\n","protected":false},"author":3,"featured_media":3141,"comment_status":"open","ping_status":"open","sticky":false,"template":"","format":"standard","meta":{"footnotes":""},"categories":[25],"tags":[],"class_list":{"0":"post-3140","1":"post","2":"type-post","3":"status-publish","4":"format-standard","5":"has-post-thumbnail","7":"category-calendariodeeventos"},"_links":{"self":[{"href":"https:\/\/tveventos.tv.br\/index.php?rest_route=\/wp\/v2\/posts\/3140","targetHints":{"allow":["GET"]}}],"collection":[{"href":"https:\/\/tveventos.tv.br\/index.php?rest_route=\/wp\/v2\/posts"}],"about":[{"href":"https:\/\/tveventos.tv.br\/index.php?rest_route=\/wp\/v2\/types\/post"}],"author":[{"embeddable":true,"href":"https:\/\/tveventos.tv.br\/index.php?rest_route=\/wp\/v2\/users\/3"}],"replies":[{"embeddable":true,"href":"https:\/\/tveventos.tv.br\/index.php?rest_route=%2Fwp%2Fv2%2Fcomments&post=3140"}],"version-history":[{"count":1,"href":"https:\/\/tveventos.tv.br\/index.php?rest_route=\/wp\/v2\/posts\/3140\/revisions"}],"predecessor-version":[{"id":3142,"href":"https:\/\/tveventos.tv.br\/index.php?rest_route=\/wp\/v2\/posts\/3140\/revisions\/3142"}],"wp:featuredmedia":[{"embeddable":true,"href":"https:\/\/tveventos.tv.br\/index.php?rest_route=\/wp\/v2\/media\/3141"}],"wp:attachment":[{"href":"https:\/\/tveventos.tv.br\/index.php?rest_route=%2Fwp%2Fv2%2Fmedia&parent=3140"}],"wp:term":[{"taxonomy":"category","embeddable":true,"href":"https:\/\/tveventos.tv.br\/index.php?rest_route=%2Fwp%2Fv2%2Fcategories&post=3140"},{"taxonomy":"post_tag","embeddable":true,"href":"https:\/\/tveventos.tv.br\/index.php?rest_route=%2Fwp%2Fv2%2Ftags&post=3140"}],"curies":[{"name":"wp","href":"https:\/\/api.w.org\/{rel}","templated":true}]}}