{"id":3146,"date":"2024-09-03T12:05:50","date_gmt":"2024-09-03T15:05:50","guid":{"rendered":"https:\/\/tveventos.tv.br\/?p=3146"},"modified":"2024-09-03T12:05:53","modified_gmt":"2024-09-03T15:05:53","slug":"forum-de-lideres-da-abm-week-discute-estrategias-de-renovacao-e-sustentabilidade-para-a-longevidade-das-empresas","status":"publish","type":"post","link":"https:\/\/tveventos.tv.br\/?p=3146","title":{"rendered":"F\u00f3rum de L\u00edderes da ABM Week discute estrat\u00e9gias de renova\u00e7\u00e3o e sustentabilidade para a longevidade das empresas"},"content":{"rendered":"\n<p class=\"has-text-align-center\"><em>No primeiro dia do evento, l\u00edderes de importantes sider\u00fargicas e mineradoras do Brasil ir\u00e3o compartilhar suas experi\u00eancias no desenvolvimento de estrat\u00e9gias de crescimento e perenidade de suas empresas<\/em>.<\/p>\n\n\n\n<p>A opera\u00e7\u00e3o de uma empresa \u00e9 um sistema complexo que envolve pessoas, habilidades, compet\u00eancias, tecnologias e estrat\u00e9gias. Se esses pilares n\u00e3o estiverem abertos a mudan\u00e7as, isso pode comprometer a longevidade empresarial. No Brasil, apenas em mar\u00e7o de 2024, o n\u00famero de empresas que entraram com pedido de recupera\u00e7\u00e3o judicial foi de 183, o que corresponde a um aumento de 94,7% em rela\u00e7\u00e3o ao mesmo per\u00edodo do ano anterior, e um aumento de 8,3% em compara\u00e7\u00e3o com fevereiro deste ano, de acordo com&nbsp;<a href=\"https:\/\/www.serasaexperian.com.br\/sala-de-imprensa\/analise-de-dados\/pedidos-de-recuperacoes-judiciais-registram-alta-em-marco-aponta-serasa-experian\/#:~:text=Os%20pedidos%20de%20fal%C3%AAncias%20apresentaram,foi%20de%2033%2C8%25.\" target=\"_blank\" rel=\"noreferrer noopener\">dados<\/a>&nbsp;do Serasa Experian. Diante deste cen\u00e1rio, o F\u00f3rum de L\u00edderes da 8\u00aa edi\u00e7\u00e3o da ABM Week, organizado pela Associa\u00e7\u00e3o Brasileira de Metalurgia, Materiais e Minera\u00e7\u00e3o (ABM), se prop\u00f5e a debater o tema: \u201c<a href=\"https:\/\/www.abmbrasil.com.br\/eng\/evento\/abm-week-8-edicao\/forum-de-lideres-2\" target=\"_blank\" rel=\"noreferrer noopener\">Estrat\u00e9gias de renova\u00e7\u00e3o e sustentabilidade para a longevidade das empresas<\/a>\u201d.<\/p>\n\n\n\n<p>Alinhado com a celebra\u00e7\u00e3o dos 80 anos da ABM e antecedido por reflex\u00f5es sobre a manuten\u00e7\u00e3o da juventude em idade madura, o f\u00f3rum ser\u00e1 conduzido pela Coordenadora do F\u00f3rum de L\u00edderes da ABM Week, V\u00e2nia Lucia de Lima Andrade, com a participa\u00e7\u00e3o dos l\u00edderes de algumas das mais importantes empresas do segmento de siderurgia e minera\u00e7\u00e3o que debater\u00e3o os desafios do mundo corporativo na busca pela longevidade das organiza\u00e7\u00f5es. Em um cen\u00e1rio com constantes incertezas e mudan\u00e7as, demandas de&nbsp;<em>stakeholders<\/em>&nbsp;e do mercado, o tema ser\u00e1 aprofundado e enriquecido com as experi\u00eancias e diferentes vis\u00f5es dos executivos, oferecendo a outros gestores informa\u00e7\u00f5es valiosas para o desenvolvimento de estrat\u00e9gias de crescimento e perenidade de suas empresas.<\/p>\n\n\n\n<p>\u201cNa 8\u00aa edi\u00e7\u00e3o da ABM Week, mesmo ano em que a associa\u00e7\u00e3o completa 80 anos, reuniremos l\u00edderes do nosso setor para discutir como podemos enfrentar os desafios atuais e futuros, promovendo a inova\u00e7\u00e3o e a renova\u00e7\u00e3o. Nosso objetivo \u00e9 oferecer, por meio do debate de alto n\u00edvel, insights e estrat\u00e9gias pr\u00e1ticas para ajudar as empresas a prosperarem\u201d, diz V\u00e2nia, consultora e membro do Conselho de Administra\u00e7\u00e3o da ABM.<\/p>\n\n\n\n<p>O F\u00f3rum de L\u00edderes da ABM Week contar\u00e1 com a modera\u00e7\u00e3o do Consultor Albano Chagas Vieira e com palestras dos executivos Gustavo Werneck, CEO da Gerdau; Jorge Luiz Ribeiro de Oliveira, Vice-Presidente da ArcelorMittal; Marcelo Chara, CEO da Usiminas; e Ricardo Lima, CEO da CBMM.&nbsp;<\/p>\n\n\n\n<p>Sobre a din\u00e2mica do F\u00f3rum, a coordenadora V\u00e2nia Lucia de Lima Andrade ressalta que os executivos poder\u00e3o falar sobre quais estrat\u00e9gias suas empresas est\u00e3o utilizando para promover a renova\u00e7\u00e3o e a sustentabilidade e, assim, garantir a sua longevidade. \u201cAl\u00e9m disso, o moderador do debate, o consultor Alberto Chagas Vieira, ser\u00e1 respons\u00e1vel por realizar uma contextualiza\u00e7\u00e3o do tema para todos e trazer o plano de fundo do debate que ser\u00e1 uma das principais atra\u00e7\u00f5es da programa\u00e7\u00e3o da ABM Week. Com base nas falas dos executivos e do moderador, os participantes do evento tamb\u00e9m poder\u00e3o expressar suas d\u00favidas e integrar o debate que sabemos que ser\u00e1 muito rico\u201d, complementa a coordenadora.<\/p>\n\n\n\n<p>O F\u00f3rum de L\u00edderes, atividade integrante da ABM Week, ser\u00e1 aberto a todos os participantes da Semana, e ser\u00e1 realizado no&nbsp;<em>Auditorium<\/em>&nbsp;ArcelorMittal, empresa anfitri\u00e3 do evento, a partir das 17h30 do dia 03 de setembro.<\/p>\n\n\n\n<p><strong>Mais sobre a 8\u00aa edi\u00e7\u00e3o da ABM Week<\/strong><\/p>\n\n\n\n<p>Uma das principais atra\u00e7\u00f5es da 8\u00aa edi\u00e7\u00e3o da&nbsp;<a href=\"https:\/\/www.abmbrasil.com.br\/por\/evento\/abm-week-8-edicao\" target=\"_blank\" rel=\"noreferrer noopener\">ABM Week<\/a>, o F\u00f3rum de L\u00edderes faz parte de uma programa\u00e7\u00e3o que conta com mesas redondas, pain\u00e9is, coquet\u00e9is, expositores, al\u00e9m de diversas sess\u00f5es t\u00e9cnicas relacionadas aos temas que comp\u00f5em o evento. \u00c9 uma oportunidade de gera\u00e7\u00e3o de&nbsp;<em>networking&nbsp;<\/em>entre profissionais, executivos e especialistas dos setores que comp\u00f5em o evento, pois ali ser\u00e3o compartilhados e discutidos as tend\u00eancias e perspectivas de tecnologias e neg\u00f3cios para um futuro mais sustent\u00e1vel.<\/p>\n\n\n\n<p>Considerado um dos principais encontros t\u00e9cnico-cient\u00edficos e empresariais da Am\u00e9rica Latina, a ABM Week ser\u00e1 realizada entre os dias 3 e 5 de setembro na cidade de S\u00e3o Paulo, no Pro Magno Centro de Eventos.<\/p>\n\n\n\n<p>A ABM Week 8\u00aa edi\u00e7\u00e3o tem a ArcelorMittal como anfitri\u00e3 e conta com o patroc\u00ednio das seguintes empresas: DME Engenharia, Gerdau, Vale, CBMM, Gecal, Primetals, Shinagawa, SMS group \/ Paul Wurth \/ Vetta, Ternium, Usiminas, White Martins, HWI &#8211; a member of<strong>&nbsp;<\/strong>Calderys, Carboox, Ibar, Vesuvius, Villares Metals, Aperam, Danieli, Kofre, PSI, Reframax, RHI Magnesita, Beda \/ Lechler, BRC, Bruker, Clariant, Cordstrap, D&amp;M, DHM Group, DITH Refractories, GMI, Harsco, IMS, Kuttner, Lhoist, Magna, Nalco Water, Phoenix, Polytec, RIP, Russula, Sinomach, Tecnosulfur, Yellow Solutions, ABB, A\u00e7oKorte, Alkegen, Atomat, Bautek, Cisdi, Coalician Carbon, Dassault Systemes, Data Engenharia, Densit, Direxa Engineering, Eirich, ElectraClean, Enacom, ESW, Evonik, Fluke, Fosbel, GE Vernova, Hastec, Heraeus Electro-Nite, Ingersoll Rand, Intelbras, Irle Rolls, K\u00f6ppern, Lumar Metals, Maud Group, Nouryon, Rimac, Serthi Hidr\u00e1ulica, Sinosteel, Smarttech, Solenis, Spectraflow, Spraying Systems, SunCoke Energy, Timken, TSR Mill Rolls, Vamtec Group, Veolia, Vika Controls, Vixteam, Weir e ZwickRoell.<\/p>\n\n\n\n<p><strong>Servi\u00e7o<\/strong>:&nbsp;<\/p>\n\n\n\n<p>F\u00f3rum de l\u00edderes \u201cEstrat\u00e9gias de renova\u00e7\u00e3o e sustentabilidade para a longevidade das empresas\u201d<\/p>\n\n\n\n<p>Data: 03 de setembro de 2024&nbsp;&nbsp;<\/p>\n\n\n\n<p>Hor\u00e1rio: 17h30 \u2013 19h30Local:&nbsp;<em>Auditorium<\/em>&nbsp;ArcelorMittal no Pro Magno Centro de Eventos localizado na Avenida Professora Ida Kolb, 513 &#8211; Jardim das Laranjeiras, S\u00e3o Paulo \u2013 SP<\/p>\n","protected":false},"excerpt":{"rendered":"<p>No primeiro dia do evento, l\u00edderes de importantes sider\u00fargicas e mineradoras do Brasil ir\u00e3o compartilhar suas experi\u00eancias no desenvolvimento de estrat\u00e9gias de crescimento e perenidade de suas empresas. A opera\u00e7\u00e3o de uma empresa \u00e9 um sistema complexo que envolve pessoas, habilidades, compet\u00eancias, tecnologias e estrat\u00e9gias. Se esses pilares n\u00e3o estiverem abertos a mudan\u00e7as, isso pode [&hellip;]<\/p>\n","protected":false},"author":2,"featured_media":3148,"comment_status":"open","ping_status":"open","sticky":false,"template":"","format":"standard","meta":{"footnotes":""},"categories":[1],"tags":[],"class_list":{"0":"post-3146","1":"post","2":"type-post","3":"status-publish","4":"format-standard","5":"has-post-thumbnail","7":"category-workshopsepalestras"},"_links":{"self":[{"href":"https:\/\/tveventos.tv.br\/index.php?rest_route=\/wp\/v2\/posts\/3146","targetHints":{"allow":["GET"]}}],"collection":[{"href":"https:\/\/tveventos.tv.br\/index.php?rest_route=\/wp\/v2\/posts"}],"about":[{"href":"https:\/\/tveventos.tv.br\/index.php?rest_route=\/wp\/v2\/types\/post"}],"author":[{"embeddable":true,"href":"https:\/\/tveventos.tv.br\/index.php?rest_route=\/wp\/v2\/users\/2"}],"replies":[{"embeddable":true,"href":"https:\/\/tveventos.tv.br\/index.php?rest_route=%2Fwp%2Fv2%2Fcomments&post=3146"}],"version-history":[{"count":1,"href":"https:\/\/tveventos.tv.br\/index.php?rest_route=\/wp\/v2\/posts\/3146\/revisions"}],"predecessor-version":[{"id":3149,"href":"https:\/\/tveventos.tv.br\/index.php?rest_route=\/wp\/v2\/posts\/3146\/revisions\/3149"}],"wp:featuredmedia":[{"embeddable":true,"href":"https:\/\/tveventos.tv.br\/index.php?rest_route=\/wp\/v2\/media\/3148"}],"wp:attachment":[{"href":"https:\/\/tveventos.tv.br\/index.php?rest_route=%2Fwp%2Fv2%2Fmedia&parent=3146"}],"wp:term":[{"taxonomy":"category","embeddable":true,"href":"https:\/\/tveventos.tv.br\/index.php?rest_route=%2Fwp%2Fv2%2Fcategories&post=3146"},{"taxonomy":"post_tag","embeddable":true,"href":"https:\/\/tveventos.tv.br\/index.php?rest_route=%2Fwp%2Fv2%2Ftags&post=3146"}],"curies":[{"name":"wp","href":"https:\/\/api.w.org\/{rel}","templated":true}]}}