{"id":3150,"date":"2024-09-03T12:41:31","date_gmt":"2024-09-03T15:41:31","guid":{"rendered":"https:\/\/tveventos.tv.br\/?p=3150"},"modified":"2024-09-03T12:41:35","modified_gmt":"2024-09-03T15:41:35","slug":"febratex-2026-a-19a-edicao-da-maior-feiras-para-o-textil-das-americas-ja-tem-98-dos-contratos-renovados","status":"publish","type":"post","link":"https:\/\/tveventos.tv.br\/?p=3150","title":{"rendered":"Febratex 2026: a 19\u00aa edi\u00e7\u00e3o da maior feiras para o t\u00eaxtil das am\u00e9ricas j\u00e1 tem 98% dos contratos renovados"},"content":{"rendered":"\n<p class=\"has-text-align-center\"><em>A 18\u00aa edi\u00e7\u00e3o aconteceu em agosto deste ano, marcada por p\u00fablico recorde de mais de 80 mil pessoas e cerca de R$ 3.6 bilh\u00f5es em neg\u00f3cios.<\/em><\/p>\n\n\n\n<p>Reconhecida como o maior evento do setor t\u00eaxtil das Am\u00e9ricas, a Febratex \u00e9 o principal ponto de encontro para profissionais do setor&nbsp;h\u00e1 33 anos.&nbsp;Realizada em Blumenau (SC), a feira re\u00fane grandes ind\u00fastrias de todo o mundo, incluindo fabricantes de m\u00e1quinas e equipamentos,&nbsp;tecelagens,&nbsp;designers de moda, especialistas em impress\u00e3o digital, entre outros.<\/p>\n\n\n\n<p>Este ano, entre os dias 20 e 23 de agosto, a 18\u00aa edi\u00e7\u00e3o consolidou-se como um sucesso no calend\u00e1rio t\u00eaxtil global, com mais de 80 mil visitantes, um n\u00famero recorde que reflete o crescente interesse e a relev\u00e2ncia do setor no mercado nacional e internacional. Para 2026, a Febratex j\u00e1 tem 98% dos contratos renovados, refor\u00e7ando sua import\u00e2ncia como uma plataforma de neg\u00f3cios, networking e inova\u00e7\u00e3o. A 19\u00aa edi\u00e7\u00e3o j\u00e1 est\u00e1 marcada para acontecer de 18 a 21 de agosto de 2026, no Parque Vila Germ\u00e2nica, em Blumenau (SC).<\/p>\n\n\n\n<p>\u201cO sucesso da Febratex 2024 superou todas as expectativas. J\u00e1 temos muitos expositores buscando espa\u00e7os ainda maiores, pedindo para dobrar o tamanho de seus estandes. Tudo indica que, em 2026, a 19\u00aa edi\u00e7\u00e3o se aproximar\u00e1 ainda mais dos 100 mil visitantes, alcan\u00e7ando n\u00famero que significa cerca de 37% da popula\u00e7\u00e3o de Blumenau. Isso tamb\u00e9m quer dizer que a feira trar\u00e1 ainda mais fomento econ\u00f4mico para a regi\u00e3o\u201d, destacou H\u00e9lvio Pompeo Jr., diretor de Comunica\u00e7\u00e3o e Marketing do Febratex Group.<\/p>\n\n\n\n<p>Organizada pelo Febratex Group, promotora dos maiores eventos para a ind\u00fastria t\u00eaxtil das Am\u00e9ricas, a feira ocupou cerca de 35 mil m\u00b2 e apresentou uma vasta gama de produtos, m\u00e1quinas e tecnologias t\u00eaxteis de \u00faltima gera\u00e7\u00e3o, proporcionando aos visitantes uma vis\u00e3o abrangente das inova\u00e7\u00f5es que est\u00e3o moldando o futuro da ind\u00fastria. A edi\u00e7\u00e3o deste ano teve como tema central o conceito 360\u00ba, promovendo uma abordagem hol\u00edstica que envolveu economia circular, sustentabilidade e inova\u00e7\u00e3o, pilares fundamentais para o desenvolvimento sustent\u00e1vel do setor t\u00eaxtil.<\/p>\n\n\n\n<p>A feira contou com 520 estandes e aproximadamente 2.700 marcas expositoras, gerando cerca de R$ 3,6 bilh\u00f5es em neg\u00f3cios, um marco que posiciona a Febratex como um importante motor econ\u00f4mico. Al\u00e9m disso, o evento apresentou dois lan\u00e7amentos importantes: a FebraT\u00eaxtil \u2013 a primeira feira da Am\u00e9rica Latina focada em insumos e solu\u00e7\u00f5es para a ind\u00fastria t\u00eaxtil, que acontecer\u00e1 de 18 a 20 de fevereiro de 2025, das 14h \u00e0s 21h, no Pavilh\u00e3o Vermelho do Expo Center Norte, em S\u00e3o Paulo \u2013 e a Beauty &amp; Esthetic Show &#8211; prevista para os dias 3 e 4 de agosto de 2025, em Blumenau (SC), uma feira voltada \u00e0 beleza e est\u00e9tica.<\/p>\n\n\n\n<p>Segundo a diretoria do Febratex Group, o n\u00famero de contratos renovados refor\u00e7a a import\u00e2ncia do evento como uma plataforma de neg\u00f3cios, networking e inova\u00e7\u00e3o, destacando que as negocia\u00e7\u00f5es iniciadas na Febratex muitas vezes s\u00e3o conclu\u00eddas ap\u00f3s o evento.<\/p>\n\n\n\n<p>Para mais informa\u00e7\u00f5es sobre a&nbsp;<strong>Febratex 2026<\/strong>, acesse o&nbsp;<a href=\"https:\/\/febratex.com.br\/\" target=\"_blank\" rel=\"noreferrer noopener\">site<\/a>&nbsp;oficial ou&nbsp;no e-mail&nbsp;<a href=\"mailto:comercial@fcem.com.br\" target=\"_blank\" rel=\"noreferrer noopener\">comercial@fcem.com.br<\/a>&nbsp;<\/p>\n\n\n\n<p><strong>Sobre o Febratex Group<\/strong><\/p>\n\n\n\n<p>Febratex Group \u00e9 o maior grupo de feiras e eventos para o setor t\u00eaxtil das Am\u00e9ricas, com eventos nos principais polos t\u00eaxteis do Brasil. Com mais de 40 anos de hist\u00f3ria, o grupo possui matriz em POA, filiais em SP e Blumenau e se consolidou como o maior grupo de feiras das Am\u00e9ricas 100% brasileiro. O grupo possui nove feiras em seu cat\u00e1logo, sendo a maior delas&nbsp;Febratex, que leva o nome do grupo e \u00e9 a terceira maior feira mundial para o setor t\u00eaxtil e de confec\u00e7\u00e3o, al\u00e9m de ser estrategicamente esperada pelo mercado para exibi\u00e7\u00e3o de lan\u00e7amentos da ind\u00fastria, com 40% dos neg\u00f3cios de m\u00e1quinas t\u00eaxteis do Brasil iniciados a partir dela. O Febratex Group \u00e9 a primeira promotora de eventos para o setor t\u00eaxtil, na Am\u00e9rica Latina, a conquistar a certifica\u00e7\u00e3o Lixo Zero, al\u00e9m de ser assinante do Pacto Global da ONU e Ubrafe, destacando seu posicionamento cada vez mais conectado com a sustentabilidade.<\/p>\n","protected":false},"excerpt":{"rendered":"<p>A 18\u00aa edi\u00e7\u00e3o aconteceu em agosto deste ano, marcada por p\u00fablico recorde de mais de 80 mil pessoas e cerca de R$ 3.6 bilh\u00f5es em neg\u00f3cios. Reconhecida como o maior evento do setor t\u00eaxtil das Am\u00e9ricas, a Febratex \u00e9 o principal ponto de encontro para profissionais do setor&nbsp;h\u00e1 33 anos.&nbsp;Realizada em Blumenau (SC), a feira [&hellip;]<\/p>\n","protected":false},"author":2,"featured_media":3151,"comment_status":"open","ping_status":"open","sticky":false,"template":"","format":"standard","meta":{"footnotes":""},"categories":[23],"tags":[],"class_list":{"0":"post-3150","1":"post","2":"type-post","3":"status-publish","4":"format-standard","5":"has-post-thumbnail","7":"category-feirasdenegocios"},"_links":{"self":[{"href":"https:\/\/tveventos.tv.br\/index.php?rest_route=\/wp\/v2\/posts\/3150","targetHints":{"allow":["GET"]}}],"collection":[{"href":"https:\/\/tveventos.tv.br\/index.php?rest_route=\/wp\/v2\/posts"}],"about":[{"href":"https:\/\/tveventos.tv.br\/index.php?rest_route=\/wp\/v2\/types\/post"}],"author":[{"embeddable":true,"href":"https:\/\/tveventos.tv.br\/index.php?rest_route=\/wp\/v2\/users\/2"}],"replies":[{"embeddable":true,"href":"https:\/\/tveventos.tv.br\/index.php?rest_route=%2Fwp%2Fv2%2Fcomments&post=3150"}],"version-history":[{"count":1,"href":"https:\/\/tveventos.tv.br\/index.php?rest_route=\/wp\/v2\/posts\/3150\/revisions"}],"predecessor-version":[{"id":3152,"href":"https:\/\/tveventos.tv.br\/index.php?rest_route=\/wp\/v2\/posts\/3150\/revisions\/3152"}],"wp:featuredmedia":[{"embeddable":true,"href":"https:\/\/tveventos.tv.br\/index.php?rest_route=\/wp\/v2\/media\/3151"}],"wp:attachment":[{"href":"https:\/\/tveventos.tv.br\/index.php?rest_route=%2Fwp%2Fv2%2Fmedia&parent=3150"}],"wp:term":[{"taxonomy":"category","embeddable":true,"href":"https:\/\/tveventos.tv.br\/index.php?rest_route=%2Fwp%2Fv2%2Fcategories&post=3150"},{"taxonomy":"post_tag","embeddable":true,"href":"https:\/\/tveventos.tv.br\/index.php?rest_route=%2Fwp%2Fv2%2Ftags&post=3150"}],"curies":[{"name":"wp","href":"https:\/\/api.w.org\/{rel}","templated":true}]}}