{"id":3153,"date":"2024-09-03T14:29:11","date_gmt":"2024-09-03T17:29:11","guid":{"rendered":"https:\/\/tveventos.tv.br\/?p=3153"},"modified":"2024-09-03T14:29:13","modified_gmt":"2024-09-03T17:29:13","slug":"cp8-summit","status":"publish","type":"post","link":"https:\/\/tveventos.tv.br\/?p=3153","title":{"rendered":"CP8 Summit"},"content":{"rendered":"\n<p>Antes conhecido como Domus Summit e agora renovado, o CP8 Summit passa a ser um dos principais eventos sobre Incorpora\u00e7\u00e3o Imobili\u00e1ria do Brasil.<\/p>\n\n\n\n<p>\u00c9 um evento para entender por completo a jornada de um incorporador, desde o absoluto zero, at\u00e9 os 10 milh\u00f5es de faturamento construindo im\u00f3veis para vender, com palestras mostrando os erros e acertos e abordando diversos estudos de caso pelo pa\u00eds.<\/p>\n\n\n\n<p>Junte-se a n\u00f3s nos dias 13 a 15 de setembro, no Expo Center Norte.<\/p>\n\n\n\n<p>Endere\u00e7o: Rua Jos\u00e9 Bernardo Pinto 333, S\u00e3o Paulo, SP, 02055-000&nbsp;&nbsp;<\/p>\n","protected":false},"excerpt":{"rendered":"<p>Antes conhecido como Domus Summit e agora renovado, o CP8 Summit passa a ser um dos principais eventos sobre Incorpora\u00e7\u00e3o Imobili\u00e1ria do Brasil. \u00c9 um evento para entender por completo a jornada de um incorporador, desde o absoluto zero, at\u00e9 os 10 milh\u00f5es de faturamento construindo im\u00f3veis para vender, com palestras mostrando os erros e [&hellip;]<\/p>\n","protected":false},"author":3,"featured_media":3154,"comment_status":"open","ping_status":"open","sticky":false,"template":"","format":"standard","meta":{"footnotes":""},"categories":[25],"tags":[],"class_list":{"0":"post-3153","1":"post","2":"type-post","3":"status-publish","4":"format-standard","5":"has-post-thumbnail","7":"category-calendariodeeventos"},"_links":{"self":[{"href":"https:\/\/tveventos.tv.br\/index.php?rest_route=\/wp\/v2\/posts\/3153","targetHints":{"allow":["GET"]}}],"collection":[{"href":"https:\/\/tveventos.tv.br\/index.php?rest_route=\/wp\/v2\/posts"}],"about":[{"href":"https:\/\/tveventos.tv.br\/index.php?rest_route=\/wp\/v2\/types\/post"}],"author":[{"embeddable":true,"href":"https:\/\/tveventos.tv.br\/index.php?rest_route=\/wp\/v2\/users\/3"}],"replies":[{"embeddable":true,"href":"https:\/\/tveventos.tv.br\/index.php?rest_route=%2Fwp%2Fv2%2Fcomments&post=3153"}],"version-history":[{"count":1,"href":"https:\/\/tveventos.tv.br\/index.php?rest_route=\/wp\/v2\/posts\/3153\/revisions"}],"predecessor-version":[{"id":3155,"href":"https:\/\/tveventos.tv.br\/index.php?rest_route=\/wp\/v2\/posts\/3153\/revisions\/3155"}],"wp:featuredmedia":[{"embeddable":true,"href":"https:\/\/tveventos.tv.br\/index.php?rest_route=\/wp\/v2\/media\/3154"}],"wp:attachment":[{"href":"https:\/\/tveventos.tv.br\/index.php?rest_route=%2Fwp%2Fv2%2Fmedia&parent=3153"}],"wp:term":[{"taxonomy":"category","embeddable":true,"href":"https:\/\/tveventos.tv.br\/index.php?rest_route=%2Fwp%2Fv2%2Fcategories&post=3153"},{"taxonomy":"post_tag","embeddable":true,"href":"https:\/\/tveventos.tv.br\/index.php?rest_route=%2Fwp%2Fv2%2Ftags&post=3153"}],"curies":[{"name":"wp","href":"https:\/\/api.w.org\/{rel}","templated":true}]}}