{"id":3156,"date":"2024-09-03T14:52:54","date_gmt":"2024-09-03T17:52:54","guid":{"rendered":"https:\/\/tveventos.tv.br\/?p=3156"},"modified":"2024-09-03T14:52:56","modified_gmt":"2024-09-03T17:52:56","slug":"barber-day-conference","status":"publish","type":"post","link":"https:\/\/tveventos.tv.br\/?p=3156","title":{"rendered":"Barber Day Conference"},"content":{"rendered":"\n<p>O Barber Day Conference 2024 \u00e9 o maior evento para barbeiros do mundo e reunir\u00e1 cerca de 2.500 barbeiros com o objetivo de promover uma transforma\u00e7\u00e3o intensa nos profissionais desse mercado, sejam eles empres\u00e1rios que desejam impulsionar seus neg\u00f3cios ou colaboradores que querem alavancar a sua carreira.&nbsp;<\/p>\n\n\n\n<p>Junte-se a n\u00f3s nos dias 16 a 18 de setembro, no Distrito Anhembi.<\/p>\n\n\n\n<p>Endere\u00e7o: Avenida Olavo Fontoura, N\u00b0 1. 209\/Santana, S\u00e3o Paulo, SP, 02012-021<\/p>\n","protected":false},"excerpt":{"rendered":"<p>O Barber Day Conference 2024 \u00e9 o maior evento para barbeiros do mundo e reunir\u00e1 cerca de 2.500 barbeiros com o objetivo de promover uma transforma\u00e7\u00e3o intensa nos profissionais desse mercado, sejam eles empres\u00e1rios que desejam impulsionar seus neg\u00f3cios ou colaboradores que querem alavancar a sua carreira.&nbsp; Junte-se a n\u00f3s nos dias 16 a 18 [&hellip;]<\/p>\n","protected":false},"author":3,"featured_media":3157,"comment_status":"open","ping_status":"open","sticky":false,"template":"","format":"standard","meta":{"footnotes":""},"categories":[25],"tags":[],"class_list":{"0":"post-3156","1":"post","2":"type-post","3":"status-publish","4":"format-standard","5":"has-post-thumbnail","7":"category-calendariodeeventos"},"_links":{"self":[{"href":"https:\/\/tveventos.tv.br\/index.php?rest_route=\/wp\/v2\/posts\/3156","targetHints":{"allow":["GET"]}}],"collection":[{"href":"https:\/\/tveventos.tv.br\/index.php?rest_route=\/wp\/v2\/posts"}],"about":[{"href":"https:\/\/tveventos.tv.br\/index.php?rest_route=\/wp\/v2\/types\/post"}],"author":[{"embeddable":true,"href":"https:\/\/tveventos.tv.br\/index.php?rest_route=\/wp\/v2\/users\/3"}],"replies":[{"embeddable":true,"href":"https:\/\/tveventos.tv.br\/index.php?rest_route=%2Fwp%2Fv2%2Fcomments&post=3156"}],"version-history":[{"count":1,"href":"https:\/\/tveventos.tv.br\/index.php?rest_route=\/wp\/v2\/posts\/3156\/revisions"}],"predecessor-version":[{"id":3158,"href":"https:\/\/tveventos.tv.br\/index.php?rest_route=\/wp\/v2\/posts\/3156\/revisions\/3158"}],"wp:featuredmedia":[{"embeddable":true,"href":"https:\/\/tveventos.tv.br\/index.php?rest_route=\/wp\/v2\/media\/3157"}],"wp:attachment":[{"href":"https:\/\/tveventos.tv.br\/index.php?rest_route=%2Fwp%2Fv2%2Fmedia&parent=3156"}],"wp:term":[{"taxonomy":"category","embeddable":true,"href":"https:\/\/tveventos.tv.br\/index.php?rest_route=%2Fwp%2Fv2%2Fcategories&post=3156"},{"taxonomy":"post_tag","embeddable":true,"href":"https:\/\/tveventos.tv.br\/index.php?rest_route=%2Fwp%2Fv2%2Ftags&post=3156"}],"curies":[{"name":"wp","href":"https:\/\/api.w.org\/{rel}","templated":true}]}}