{"id":3159,"date":"2024-09-03T15:51:32","date_gmt":"2024-09-03T18:51:32","guid":{"rendered":"https:\/\/tveventos.tv.br\/?p=3159"},"modified":"2024-09-03T15:51:35","modified_gmt":"2024-09-03T18:51:35","slug":"cultura-nordestina-e-celebrada-na-bienal-internacional-do-livro-de-sao-paulo-2024","status":"publish","type":"post","link":"https:\/\/tveventos.tv.br\/?p=3159","title":{"rendered":"Cultura nordestina \u00e9 celebrada na Bienal Internacional do Livro de S\u00e3o Paulo 2024"},"content":{"rendered":"\n<p class=\"has-text-align-center\"><em>Espa\u00e7o Cordel e Repente ter\u00e1 apresenta\u00e7\u00f5es de cordelistas e repentistas<\/em>.<\/p>\n\n\n\n<p>A 27\u00aa Bienal Internacional do Livro de S\u00e3o Paulo, realizada pela C\u00e2mara Brasileira do Livro (CBL) e organizada pela RX, que acontece entre os dias 6 e 15 de setembro de 2024, no Distrito Anhembi, em S\u00e3o Paulo, traz novamente o Espa\u00e7o Cordel e Repente, dedicado \u00e0 cultura popular nordestina, que contar\u00e1 com apresenta\u00e7\u00f5es de cordelistas e repentistas, exposi\u00e7\u00f5es e vendas de cordeis e livros sobre o tema.&nbsp;<\/p>\n\n\n\n<p>A ideia \u00e9 valorizar a tradi\u00e7\u00e3o e a riqueza cultural do nordeste brasileiro, proporcionando ao p\u00fablico presente no evento a oportunidade de conhecer mais sobre essa forma de express\u00e3o art\u00edstica.<\/p>\n\n\n\n<p>Com a curadoria de Lucinda Marques, da C\u00e2mara Cearense do Livro, o espa\u00e7o tem como objetivo celebrar a literatura de cordel com debates, palestras, shows, oficinas, conta\u00e7\u00e3o de hist\u00f3rias e apresenta\u00e7\u00f5es art\u00edsticas de repentistas e recitadores.&nbsp;<em>\u201cAssim como em outras edi\u00e7\u00f5es, o objetivo \u00e9 valorizar a cultura nordestina, mostrar a for\u00e7a e a beleza do nordeste, destacar talentos incr\u00edveis em um evento t\u00e3o grandioso como o da Bienal do Livro\u201d<\/em>, completa Lucinda.&nbsp;<\/p>\n\n\n\n<p>Al\u00e9m disso, o espa\u00e7o tamb\u00e9m contar\u00e1 com atividades educativas para promover a dissemina\u00e7\u00e3o do conhecimento sobre a literatura de cordel e a arte do repente.<\/p>\n\n\n\n<p><em>\u201cCom essa iniciativa, a Bienal do Livro reafirma seu compromisso em oferecer uma programa\u00e7\u00e3o diversificada e inclusiva, que valorize a cultura brasileira em todas as suas formas de manifesta\u00e7\u00e3o\u201d,<\/em>&nbsp;afirma a presidente da CBL, Sevani Matos.<\/p>\n\n\n\n<p>O espa\u00e7o contar\u00e1 com 95 atividades e j\u00e1 tem a confirma\u00e7\u00e3o de nomes como Daniel Gonzaga e grupo de sanfoneiros, com a abertura do show: O NORDESTE NAS CAN\u00c7\u00d5ES DE LUIZ GONZAGA; Maviael Melo com declama\u00e7\u00e3o e apresenta\u00e7\u00e3o musical; Chico Pedrosa com declama\u00e7\u00e3o de cordel e Jos\u00e9 Louren\u00e7o com apresenta\u00e7\u00e3o de: Como se faz xilogravura na madeira.&nbsp;<\/p>\n\n\n\n<p><strong>Sobre a Bienal Internacional do Livro de S\u00e3o Paulo:<\/strong><\/p>\n\n\n\n<p>A Bienal Internacional do Livro de S\u00e3o Paulo, realizada pela C\u00e2mara Brasileira do Livro (CBL) e organizada pela RX, \u00e9 um dos maiores eventos liter\u00e1rios da Am\u00e9rica Latina, reunindo autores, editores, livreiros e leitores em um espa\u00e7o dedicado \u00e0 celebra\u00e7\u00e3o da cultura e da literatura.<\/p>\n\n\n\n<p><strong>Redes Sociais:&nbsp;<\/strong><\/p>\n\n\n\n<p>Instagram:&nbsp;<a>https:\/\/www.instagram.com\/bienaldolivrosp\/<\/a><\/p>\n\n\n\n<p>Facebook:&nbsp;<a href=\"https:\/\/www.facebook.com\/Bienaldolivrosp\">https:\/\/www.facebook.com\/Bienaldolivrosp<\/a><\/p>\n\n\n\n<p>Twitter:&nbsp;<a href=\"https:\/\/twitter.com\/bienaldolivrosp\">https:\/\/twitter.com\/bienaldolivrosp<\/a><\/p>\n\n\n\n<p><strong>Servi\u00e7o<\/strong><\/p>\n\n\n\n<p>27\u00aa Bienal Internacional do Livro de S\u00e3o Paulo<\/p>\n\n\n\n<p>6 a 15 de Setembro de 2024<\/p>\n\n\n\n<p>Dias 06\/09 e de 09 a 13\/09 &#8211; 9h \u00e0s 22h;<\/p>\n\n\n\n<p>Dias 07, 08 e 14\/09 das 10h \u00e0s 22h;<\/p>\n\n\n\n<p>Dia 15\/09 das 10h \u00e0s 21h;<\/p>\n\n\n\n<p>Distrito Anhembi<\/p>\n\n\n\n<p>Rua Olavo Fontoura, 1209 | Santana | S\u00e3o Paulo.<\/p>\n","protected":false},"excerpt":{"rendered":"<p>Espa\u00e7o Cordel e Repente ter\u00e1 apresenta\u00e7\u00f5es de cordelistas e repentistas. A 27\u00aa Bienal Internacional do Livro de S\u00e3o Paulo, realizada pela C\u00e2mara Brasileira do Livro (CBL) e organizada pela RX, que acontece entre os dias 6 e 15 de setembro de 2024, no Distrito Anhembi, em S\u00e3o Paulo, traz novamente o Espa\u00e7o Cordel e Repente, [&hellip;]<\/p>\n","protected":false},"author":2,"featured_media":3161,"comment_status":"open","ping_status":"open","sticky":false,"template":"","format":"standard","meta":{"footnotes":""},"categories":[23],"tags":[],"class_list":{"0":"post-3159","1":"post","2":"type-post","3":"status-publish","4":"format-standard","5":"has-post-thumbnail","7":"category-feirasdenegocios"},"_links":{"self":[{"href":"https:\/\/tveventos.tv.br\/index.php?rest_route=\/wp\/v2\/posts\/3159","targetHints":{"allow":["GET"]}}],"collection":[{"href":"https:\/\/tveventos.tv.br\/index.php?rest_route=\/wp\/v2\/posts"}],"about":[{"href":"https:\/\/tveventos.tv.br\/index.php?rest_route=\/wp\/v2\/types\/post"}],"author":[{"embeddable":true,"href":"https:\/\/tveventos.tv.br\/index.php?rest_route=\/wp\/v2\/users\/2"}],"replies":[{"embeddable":true,"href":"https:\/\/tveventos.tv.br\/index.php?rest_route=%2Fwp%2Fv2%2Fcomments&post=3159"}],"version-history":[{"count":1,"href":"https:\/\/tveventos.tv.br\/index.php?rest_route=\/wp\/v2\/posts\/3159\/revisions"}],"predecessor-version":[{"id":3162,"href":"https:\/\/tveventos.tv.br\/index.php?rest_route=\/wp\/v2\/posts\/3159\/revisions\/3162"}],"wp:featuredmedia":[{"embeddable":true,"href":"https:\/\/tveventos.tv.br\/index.php?rest_route=\/wp\/v2\/media\/3161"}],"wp:attachment":[{"href":"https:\/\/tveventos.tv.br\/index.php?rest_route=%2Fwp%2Fv2%2Fmedia&parent=3159"}],"wp:term":[{"taxonomy":"category","embeddable":true,"href":"https:\/\/tveventos.tv.br\/index.php?rest_route=%2Fwp%2Fv2%2Fcategories&post=3159"},{"taxonomy":"post_tag","embeddable":true,"href":"https:\/\/tveventos.tv.br\/index.php?rest_route=%2Fwp%2Fv2%2Ftags&post=3159"}],"curies":[{"name":"wp","href":"https:\/\/api.w.org\/{rel}","templated":true}]}}