{"id":3167,"date":"2024-09-04T15:46:23","date_gmt":"2024-09-04T18:46:23","guid":{"rendered":"https:\/\/tveventos.tv.br\/?p=3167"},"modified":"2024-09-04T15:46:26","modified_gmt":"2024-09-04T18:46:26","slug":"festival-samba-recife-feiras-e-congresso-movimentam-agenda-do-pernambuco-centro-de-convencoes-em-setembro","status":"publish","type":"post","link":"https:\/\/tveventos.tv.br\/?p=3167","title":{"rendered":"Festival Samba Recife, feiras e congresso movimentam agenda do Pernambuco Centro de Conven\u00e7\u00f5es em setembro"},"content":{"rendered":"\n<p class=\"has-text-align-center\"><em>Show de humor e mostra gastron\u00f4mica in\u00e9dita no Recife completam a programa\u00e7\u00e3o do equipamento, que \u00e9 o maior complexo de eventos de neg\u00f3cios e entretenimento do Nordeste<\/em>.<\/p>\n\n\n\n<p>O Pernambuco Centro de Conven\u00e7\u00f5es, administrado pelo Cons\u00f3rcio CID e localizado em Olinda, abriga uma programa\u00e7\u00e3o robusta e bastante variada em setembro, que contempla desde eventos de neg\u00f3cios e congressos m\u00e9dicos a grandes festivais musicais. Entre os destaques da agenda est\u00e3o a Feira Internacional de Materiais, Equipamentos e Servi\u00e7os da Constru\u00e7\u00e3o (FICONS 2024), o 26\u00ba Congresso Brasileiro dos Conselhos de Enfermagem (CBCENF) \u2013 que retorna a Pernambuco ap\u00f3s duas d\u00e9cadas \u2013 e o festival Samba Recife. Shows de humor, mostra gastron\u00f4mica e encontros de institui\u00e7\u00f5es educacionais completam a programa\u00e7\u00e3o.<\/p>\n\n\n\n<p>\u201cOs eventos de setembro mostram toda a versatilidade do Pernambuco Centro de Conven\u00e7\u00f5es, ocupando diversas \u00e1reas e nos mais diferentes formatos. Temos desde espet\u00e1culos nos teatros, festival gastron\u00f4mico, um dos maiores congressos da Am\u00e9rica Latina e um dos grandes festivais de m\u00fasica do Brasil. Apenas um equipamento t\u00e3o completo pode oferecer esse ecletismo\u201d, ressalta o CEO do Pernambuco Centro de Conven\u00e7\u00f5es, Cl\u00e1udio Vasconcelos.<\/p>\n\n\n\n<p>A agenda tem in\u00edcio com a 13\u00aa Feira Internacional de Materiais, Equipamentos e Servi\u00e7os da Constru\u00e7\u00e3o (FICONS 2024). O evento segue at\u00e9 o dia 6, das 15h \u00e0s 21h, tendo \u00e0 frente o Sindicato da Ind\u00fastria da Constru\u00e7\u00e3o Civil do Estado de Pernambuco (Sinduscon-PE). Em sua 13\u00aa edi\u00e7\u00e3o, a feira bienal est\u00e1 40% maior do que a realizada em 2022, concentrando no Pavilh\u00e3o de Feiras mais de 150 marcas. A feira visa fortalecer o setor da constru\u00e7\u00e3o civil nas Regi\u00f5es Norte e Nordeste do Brasil, e segue considerada como o mais importante evento em car\u00e1ter regional, de todo o Pa\u00eds, voltado para essa cadeia produtiva.<\/p>\n\n\n\n<p>O Torresmofest chega pela primeira vez ao Recife, trazendo gastronomia, m\u00fasica ao vivo e lazer. O evento acontecer\u00e1 de 5 a 8 de setembro, das 12h \u00e0s 22h, com entrada gratuita. O festival conta com uma estrutura de 4.500 m\u00b2. O evento oferece uma ampla variedade de preparos de torresmo, incluindo torresmo de rolo, torresmo pururuca e torresmo de boteco, al\u00e9m de pratos como costela fogo de ch\u00e3o, bai\u00e3o de dois, feij\u00e3o tropeiro, lanches de costela, batatas, doces, entre outros. Os pratos custam a partir de R$ 35. Para acompanhar, chopp artesanal, drinks e uma programa\u00e7\u00e3o musical diversa, trazendo os melhores covers de bandas nacionais e internacionais.<\/p>\n\n\n\n<p>O humor toma conta do Teatro Guararapes Chico Science, no dia 6, com o show \u20184 Amigos\u2019. No palco, os comediantes Dihh Lopes, Thiago Ventura, Afonso Padilha e M\u00e1rcio Donato celebram 10 anos do projeto, com retorno do sucesso \u201cFila de Piadas\u201d. Em fila, os comediantes se revezam no palco contando piadas e improvisando a partir de uma tem\u00e1tica que muda conforme o espet\u00e1culo avan\u00e7a. O resultado \u00e9 uma noite repleta de risos e divers\u00e3o, com observa\u00e7\u00f5es do cotidiano, piadas \u00e1cidas sobre relacionamentos, fam\u00edlia e amizades.<\/p>\n\n\n\n<p>Um dos mais importantes eventos do ano no Pernambuco Centro de Conven\u00e7\u00f5es \u00e9 o 26\u00b0 Congresso Brasileiro dos Conselhos de Enfermagem (CBCENF), considerado o maior encontro da especialidade da Am\u00e9rica Latina. S\u00e3o esperadas cerca de 20 mil pessoas, entre os dias 16 a 19 de setembro. Pesquisadores, profissionais e estudantes de enfermagem de todo Brasil s\u00e3o esperados para acompanhar uma extensa programa\u00e7\u00e3o de cursos, palestras, lan\u00e7amento de livros, premia\u00e7\u00f5es de trabalhos, sess\u00f5es cient\u00edficas e simula\u00e7\u00f5es real\u00edsticas.<\/p>\n\n\n\n<p>\u201cEsse congresso, em especial, mostra a capacidade do equipamento em receber os maiores eventos cient\u00edficos do Brasil. A nossa nova ala de audit\u00f3rios multifuncionais devolveu a Pernambuco a possibilidade de voltar a realizar alguns dos eventos cient\u00edficos mais importantes do pa\u00eds, fortalecendo o Estado como um destino de turismo de feiras e neg\u00f3cios. Diariamente, temos recebido promotores de eventos e representantes de entidades para visitas t\u00e9cnicas aos espa\u00e7os requalificados\u201d, destaca o gerente comercial do Centro de Conven\u00e7\u00f5es, Rodrigo Sobral.<\/p>\n\n\n\n<p>Na reta final de setembro, dois eventos chamam a aten\u00e7\u00e3o do p\u00fablico: a palestra Antes &amp; Depois, de Deive Leonardo, e o festival Samba Recife, evento j\u00e1 tradicional com a nata do samba brasileiro. Com duas sess\u00f5es agendadas para o Teatro Guararapes, nos dias 27 e 28, Deive Leonardo traz ao Recife o show da atual turn\u00ea mundial. Com sete livros lan\u00e7ados, o palestrante evang\u00e9lico \u00e9 o youtuber com o maior canal de prega\u00e7\u00e3o individual do mundo, com mais de 544 milh\u00f5es de visualiza\u00e7\u00f5es, mais de 8 milh\u00f5es de inscritos no YouTube e mais de 14 milh\u00f5es de seguidores no Instagram.&nbsp;<\/p>\n\n\n\n<p>Preparando a maior edi\u00e7\u00e3o da hist\u00f3ria, o Samba Recife completa 20 anos de festival, nos dias 28 e 29 de setembro, ocupando a \u00c1rea Externa e o Pavilh\u00e3o de Feiras do complexo. Mais de 30 atra\u00e7\u00f5es est\u00e3o confirmadas, a exemplo de Belo, Ferrugem, P\u00e9ricles, Pique Novo, Pixote, Thiaguinho (com participa\u00e7\u00e3o de Rodriguinho), Tiee e Turma do Pagode, que cantam no s\u00e1bado nos palcos externos. No mesmo dia, o palco Experimenta ser\u00e1 animado por Beleza Pura, Gica (com Doce Encontro), Clareou (com Balacobaco e J\u00falio Sereno) e Marquinhos Sensa\u00e7\u00e3o (com participa\u00e7\u00e3o de Marcelinho Freitas e D\u00e9lcio Luiz).<\/p>\n\n\n\n<p>No domingo (29), a festa continuar\u00e1 nos palcos externos ao som de Alcione (com Fundo de Quintal), Dilsinho, Parangol\u00e9 (com Beleza Pura), Sorriso Maroto, Suel (com Rony L\u00facio, do grupo T\u00e1 Na Mente), Mumuzinho, Menos \u00e9 Mais e Xande de Pilares. J\u00e1 no palco Experimenta, o som ficar\u00e1 sob o comando de Kamisa 10, Matheusinho, Pagode do Adame (com Chininha) e Thiago Soares (com Diney).<\/p>\n\n\n\n<p>O Pernambuco Centro de Conven\u00e7\u00f5es tamb\u00e9m recebe, neste m\u00eas, cinco eventos de escolas e universidades privadas.<\/p>\n\n\n\n<p><strong>PROGRAME-SE<\/strong><\/p>\n\n\n\n<p>XIII FEIRA INTERNACIONALDE MATERIAIS, EQUIPAMENTOSE SERVI\u00c7OS DA CONSTRU\u00c7\u00c3O (FICONS 2024)<\/p>\n\n\n\n<p>Datas: 03 a 06\/09, das 15h \u00e0s 21h<\/p>\n\n\n\n<p>Locais: Pavilh\u00e3o de Feiras<\/p>\n\n\n\n<p>Acesso gratuito com credenciamento pelo site&nbsp;<a href=\"http:\/\/www.ficons.com.br\/\" target=\"_blank\" rel=\"noreferrer noopener\">www.ficons.com.br<\/a><\/p>\n\n\n\n<p>TORRESMO FEST<\/p>\n\n\n\n<p>Data: 05 a 08\/09, das 12h \u00e0s 22h<\/p>\n\n\n\n<p>Local: \u00c1rea Externa do Centro de Conven\u00e7\u00f5es<\/p>\n\n\n\n<p>Entrada gratuita<\/p>\n\n\n\n<p>SHOW DE HUMOR 4 AMIGOS<\/p>\n\n\n\n<p>Datas: 06\/09, \u00e0s 21h<\/p>\n\n\n\n<p>Local: Teatro Guararapes Chico Science<\/p>\n\n\n\n<p>Ingressos: De R$ 60 a R$ 200, \u00e0 venda no site&nbsp;<a href=\"https:\/\/bileto.sympla.com.br\/event\/88086\/d\/222728\" target=\"_blank\" rel=\"noreferrer noopener\">https:\/\/bileto.sympla.com.br\/event\/88086\/d\/222728<\/a><\/p>\n\n\n\n<p>26\u00ba CONGRESSO BRASILEIRO DOS CONSELHOS DE ENFERMAGEM (CBCENF)<\/p>\n\n\n\n<p>Data: 16 a 19\/09, das 8h \u00e0s 18h<\/p>\n\n\n\n<p>Locais: Pavilh\u00e3o de Feiras, Audit\u00f3rios Multifuncionais, Mezanino, Audit\u00f3rio Brum, Audit\u00f3rio Ribeira, Teatro Beberibe, Teatro Guararapes e salas<\/p>\n\n\n\n<p>PALESTRA COM DEIVE LEONARDO (4.000 PESSOAS)<\/p>\n\n\n\n<p>Datas: 27 e 28\/09, das 20h \u00e0s 22h<\/p>\n\n\n\n<p>Local: Teatro Guararapes<\/p>\n\n\n\n<p>Ingressos: a partir de R$ 70 (meia-entrada balc\u00e3o) no Cecon Tickets:&nbsp;<a href=\"https:\/\/cecontickets.com.br\/deive-leonardo__1523\" target=\"_blank\" rel=\"noreferrer noopener\">https:\/\/cecontickets.com.br\/deive-leonardo__1523<\/a><\/p>\n\n\n\n<p>SAMBA RECIFE<\/p>\n\n\n\n<p>Datas: 28\/09 (a partir das 16h) e 29\/09 (a partir das 14h)<\/p>\n\n\n\n<p>Locais: \u00c1rea Externa e Pavilh\u00e3o de Feiras<\/p>\n\n\n\n<p>Ingressos: De R$ 140 a R$ 450. Gazebos para 12 pessoas a partir de R$ 4 mil, no site Bilheteria Digital<\/p>\n","protected":false},"excerpt":{"rendered":"<p>Show de humor e mostra gastron\u00f4mica in\u00e9dita no Recife completam a programa\u00e7\u00e3o do equipamento, que \u00e9 o maior complexo de eventos de neg\u00f3cios e entretenimento do Nordeste. O Pernambuco Centro de Conven\u00e7\u00f5es, administrado pelo Cons\u00f3rcio CID e localizado em Olinda, abriga uma programa\u00e7\u00e3o robusta e bastante variada em setembro, que contempla desde eventos de neg\u00f3cios [&hellip;]<\/p>\n","protected":false},"author":2,"featured_media":3168,"comment_status":"open","ping_status":"open","sticky":false,"template":"","format":"standard","meta":{"footnotes":""},"categories":[23],"tags":[],"class_list":{"0":"post-3167","1":"post","2":"type-post","3":"status-publish","4":"format-standard","5":"has-post-thumbnail","7":"category-feirasdenegocios"},"_links":{"self":[{"href":"https:\/\/tveventos.tv.br\/index.php?rest_route=\/wp\/v2\/posts\/3167","targetHints":{"allow":["GET"]}}],"collection":[{"href":"https:\/\/tveventos.tv.br\/index.php?rest_route=\/wp\/v2\/posts"}],"about":[{"href":"https:\/\/tveventos.tv.br\/index.php?rest_route=\/wp\/v2\/types\/post"}],"author":[{"embeddable":true,"href":"https:\/\/tveventos.tv.br\/index.php?rest_route=\/wp\/v2\/users\/2"}],"replies":[{"embeddable":true,"href":"https:\/\/tveventos.tv.br\/index.php?rest_route=%2Fwp%2Fv2%2Fcomments&post=3167"}],"version-history":[{"count":1,"href":"https:\/\/tveventos.tv.br\/index.php?rest_route=\/wp\/v2\/posts\/3167\/revisions"}],"predecessor-version":[{"id":3169,"href":"https:\/\/tveventos.tv.br\/index.php?rest_route=\/wp\/v2\/posts\/3167\/revisions\/3169"}],"wp:featuredmedia":[{"embeddable":true,"href":"https:\/\/tveventos.tv.br\/index.php?rest_route=\/wp\/v2\/media\/3168"}],"wp:attachment":[{"href":"https:\/\/tveventos.tv.br\/index.php?rest_route=%2Fwp%2Fv2%2Fmedia&parent=3167"}],"wp:term":[{"taxonomy":"category","embeddable":true,"href":"https:\/\/tveventos.tv.br\/index.php?rest_route=%2Fwp%2Fv2%2Fcategories&post=3167"},{"taxonomy":"post_tag","embeddable":true,"href":"https:\/\/tveventos.tv.br\/index.php?rest_route=%2Fwp%2Fv2%2Ftags&post=3167"}],"curies":[{"name":"wp","href":"https:\/\/api.w.org\/{rel}","templated":true}]}}