{"id":3170,"date":"2024-09-05T12:04:17","date_gmt":"2024-09-05T15:04:17","guid":{"rendered":"https:\/\/tveventos.tv.br\/?p=3170"},"modified":"2024-09-05T12:04:19","modified_gmt":"2024-09-05T15:04:19","slug":"expolux-anuncia-programacao-completa-da-18a-edicao","status":"publish","type":"post","link":"https:\/\/tveventos.tv.br\/?p=3170","title":{"rendered":"Expolux anuncia programa\u00e7\u00e3o completa da 18\u00aa edi\u00e7\u00e3o\u00a0"},"content":{"rendered":"\n<p class=\"has-text-align-center\">Sistemas de telegest\u00e3o e ilumina\u00e7\u00e3o hospitalar s\u00e3o alguns dos temas apresentados no evento de ilumina\u00e7\u00e3o que acontece em setembro.<\/p>\n\n\n\n<p>A&nbsp;<a href=\"https:\/\/www.expolux.com.br\/pt-br\/o-evento.html\"><strong>Expolux<\/strong><\/a>, feira internacional de ilumina\u00e7\u00e3o e refer\u00eancia para a Am\u00e9rica Latina, acontece entre os dias 17 e 20 de setembro, no Expo Center Norte, em S\u00e3o Paulo, e j\u00e1 est\u00e1 com a sua&nbsp;<a href=\"https:\/\/bit.ly\/Conte%C3%BAdoeAtra%C3%A7%C3%B5esExpolux2024\"><strong>programa\u00e7\u00e3o completa de conte\u00fado e atra\u00e7\u00f5es dispon\u00edvel no site<\/strong><\/a>. Em sua 18\u00aa edi\u00e7\u00e3o, o evento conta com algumas novidades, como as&nbsp;<strong>Rotas de&nbsp;<\/strong><a href=\"https:\/\/www.expolux.com.br\/pt-br\/experiencias\/rota-da-eficiencia-energetica.html\"><strong>Efici\u00eancia Energ\u00e9tica<\/strong><\/a><strong>&nbsp;e de&nbsp;<\/strong><a href=\"https:\/\/www.expolux.com.br\/pt-br\/experiencias\/rota-da-automacao-residencial-.html\"><strong>Automa\u00e7\u00e3o<\/strong><\/a>, que destacar\u00e3o, respectivamente, os produtos mais sustent\u00e1veis e tecnol\u00f3gicos por meio da curadoria de profissionais do setor.<\/p>\n\n\n\n<p>Outros lan\u00e7amentos anunciados s\u00e3o o&nbsp;<a href=\"https:\/\/www.expolux.com.br\/pt-br\/experiencias\/selo-lumina.html\"><strong>Selo Lumina<\/strong><\/a><strong>,<\/strong>&nbsp;em que os visitantes presentes ao evento poder\u00e3o votar nas solu\u00e7\u00f5es e estandes de destaque do evento, e o&nbsp;<a href=\"https:\/\/www.expolux.com.br\/pt-br\/experiencias\/decorlightshow-vis.html\"><strong>Decor Light Show<\/strong><\/a>, que contar\u00e1 com seis ambientes tem\u00e1ticos ligados \u00e0&nbsp;<em>Ilumina\u00e7\u00e3o decorativa e residencial<\/em>;&nbsp;<em>L\u00e2mpadas, led e oled<\/em>;&nbsp;<em>Ilumina\u00e7\u00e3o comercial<\/em>;&nbsp;<em>Controles de automa\u00e7\u00e3o e ilumina\u00e7\u00e3o<\/em>;&nbsp;<em>Componentes de ilumina\u00e7\u00e3o<\/em>; e&nbsp;<em>Fontes de energia alternativas,&nbsp;<\/em>al\u00e9m de uma arena central de conte\u00fado com curadoria de parceiros como&nbsp;<strong>ABRASI, AsBai, GBC Building Brasil e Lume Arquitetura<\/strong>, que ir\u00e1 apresentar cases de sucesso, com capacidade de at\u00e9 120 pessoas por apresenta\u00e7\u00e3o.<\/p>\n\n\n\n<p>A grade de atra\u00e7\u00f5es ainda inclui uma s\u00e9rie de palestras e pain\u00e9is com temas diversos, como tecnologia, ESG e mercado, sob curadoria da&nbsp;<strong>Associa\u00e7\u00e3o Brasileira de Ilumina\u00e7\u00e3o Industrial (ABILUX)<\/strong>&nbsp;e da&nbsp;<strong>RX<\/strong>, organizadora da feira. Al\u00e9m disso, alguns dos influenciadores oficiais, como Lu Guerra e Ugo Nitzsche, apresentar\u00e3o, respectivamente, assuntos sobre&nbsp;<strong>como acertar o retrofit da ilumina\u00e7\u00e3o<\/strong>&nbsp;e&nbsp;<strong>t\u00e9cnicas para melhorar os projetos de ilumina\u00e7\u00e3o residencial<\/strong>.<\/p>\n\n\n\n<p>\u201cEste ano, a&nbsp;<strong>Expolux<\/strong>&nbsp;ter\u00e1 uma \u00e1rea de exposi\u00e7\u00e3o mais de 40% maior em rela\u00e7\u00e3o \u00e0 edi\u00e7\u00e3o anterior, o que vai ampliar os espa\u00e7os para discuss\u00e3o de temas relevantes para o mercado e a apresenta\u00e7\u00e3o de mais solu\u00e7\u00f5es pelas marcas. Al\u00e9m disso, os visitantes poder\u00e3o explorar conte\u00fados sobre os problemas que enfrentam em seu cotidiano, como a quest\u00e3o da&nbsp;<strong>concorr\u00eancia do com\u00e9rcio eletr\u00f4nico, desafios log\u00edsticos, integra\u00e7\u00e3o de solu\u00e7\u00f5es sustent\u00e1veis e mais eficientes, novas tecnologias, adequa\u00e7\u00e3o t\u00e9cnica e regulat\u00f3ria<\/strong>&nbsp;e tantos outros com os quais o mercado precisa estar atento\u201d, afirma Tatiana Rassini, gerente da Expolux.<\/p>\n\n\n\n<p>O primeiro dia do&nbsp;<strong>Simp\u00f3sio Internacional de Ilumina\u00e7\u00e3o (SIMPOLED<\/strong>) abordar\u00e1 tem\u00e1ticas sobre o&nbsp;<strong>retrato atual da participa\u00e7\u00e3o privada na ilumina\u00e7\u00e3o p\u00fablica e as tecnologias para cidades inteligentes, al\u00e9m de os sistemas de telegest\u00e3o<\/strong>. Nos dias seguintes, os visitantes ter\u00e3o a chance de aprofundar os conhecimentos sobre&nbsp;<strong>luz saud\u00e1vel em ambientes de sa\u00fade<\/strong>,&nbsp;<strong>o processo de cria\u00e7\u00e3o no Lighting Design Arquitetural<\/strong>&nbsp;e&nbsp;<strong>conex\u00e3o da natureza com o ambiente constru\u00eddo<\/strong>.<\/p>\n\n\n\n<p>Dentro do SIMPOLED, os visitantes tamb\u00e9m ter\u00e3o a chance de participar do espa\u00e7o dedicado ao&nbsp;<strong>F\u00f3rum Nacional de Ilumina\u00e7\u00e3o Urbana<\/strong>, que acontece no primeiro dia do simp\u00f3sio. A ativa\u00e7\u00e3o discutir\u00e1 sobre as&nbsp;<strong>Parcerias P\u00fablico-Privada (PPPs)<\/strong>,<strong>&nbsp;seguran\u00e7a p\u00fablica&nbsp;<\/strong>e<strong>&nbsp;efici\u00eancia energ\u00e9tica.<\/strong><\/p>\n\n\n\n<p>Outras atra\u00e7\u00f5es tamb\u00e9m est\u00e3o inclu\u00eddas no conte\u00fado da Expolux 2024, como a&nbsp;<strong>Mostra Pr\u00eamio Design de Lumin\u00e1rias&nbsp;<\/strong>e a&nbsp;<strong>Mostra Projetos de Ilumina\u00e7\u00e3o<\/strong>. \u201cNossa miss\u00e3o \u00e9 entregar experi\u00eancias relacionadas aos diferentes pontos ligados \u00e0 ilumina\u00e7\u00e3o e que fazem parte do dia a dia de cada profissional, seja da \u00e1rea de arquitetura, lighting design, gest\u00e3o p\u00fablica, engenharia ou do varejo especializado.&nbsp;<strong>Compartilhar novidades, conhecimento e fomentar networking \u00e9 o nosso objetivo, j\u00e1 que somos um evento exclusivamente voltado a ilumina\u00e7\u00e3o e refer\u00eancia para toda a Am\u00e9rica Latina<\/strong>\u201d, completa a executiva.<\/p>\n\n\n\n<p>A programa\u00e7\u00e3o completa e o credenciamento est\u00e3o dispon\u00edveis em&nbsp;<a href=\"https:\/\/bit.ly\/CredenciamentoExpolux\"><strong>https:\/\/bit.ly\/CredenciamentoExpolux<\/strong><\/a>.<\/p>\n\n\n\n<p><strong>Servi\u00e7o<\/strong><\/p>\n\n\n\n<p><strong>Expolux 2024<\/strong><\/p>\n\n\n\n<p><strong>Data<\/strong>: 17 a 20 de setembro<\/p>\n\n\n\n<p><strong>Local<\/strong>: Expo Center Norte \u2013 SP<\/p>\n\n\n\n<p><strong>Informa\u00e7\u00f5es:<\/strong>&nbsp;www.expolux.com.br<\/p>\n\n\n\n<p><strong>Sobre a Expolux<\/strong><\/p>\n\n\n\n<p>Com 18 edi\u00e7\u00f5es, a Expolux \u00e9 o principal evento voltado para o mercado da ilumina\u00e7\u00e3o no Brasil e na Am\u00e9rica Latina, reconhecido como o ambiente perfeito para atualiza\u00e7\u00e3o, vis\u00e3o estrat\u00e9gica, inova\u00e7\u00e3o e contato direto com os principais players do mercado.<\/p>\n\n\n\n<p><strong>RX<\/strong><\/p>\n\n\n\n<p>A&nbsp;<a href=\"http:\/\/www.rxglobal.com\/rx-brazil\">RX<\/a>&nbsp;oferece oportunidades de conex\u00e3o e desenvolvimento de neg\u00f3cios para indiv\u00edduos, comunidades e organiza\u00e7\u00f5es. Utilizando o poder dos eventos presenciais e combinando-os com dados e produtos digitais, a<a href=\"http:\/\/www.rxglobal.com\/rx-brazil\">&nbsp;RX<\/a>&nbsp;conecta pessoas por meio de experi\u00eancias e oportunidades comerciais em mais de 350 eventos realizados anualmente em 25 pa\u00edses, abrangendo 42 setores econ\u00f4micos diferentes. Dedicada a gerar impactos positivos na sociedade, a empresa est\u00e1 comprometida com a cria\u00e7\u00e3o de um ambiente de trabalho inclusivo para todos. A<a href=\"http:\/\/www.rxglobal.com\/rx-brazil\">&nbsp;RX<\/a>&nbsp;\u00e9 uma divis\u00e3o da RELX, um provedor global de an\u00e1lises e ferramentas de decis\u00e3o baseadas em informa\u00e7\u00f5es para profissionais e clientes corporativos.<\/p>\n\n\n\n<p><a href=\"http:\/\/www.rxglobal.com\/rx-brazil\">RX<\/a>&nbsp;\u2013 In the business of building businesses<\/p>\n\n\n\n<p><a href=\"http:\/\/www.rxglobal.com\/rx-brazil\">www.rxglobal.com\/rx-brazil<\/a><\/p>\n\n\n\n<p><strong>RELX<\/strong><\/p>\n\n\n\n<p>A RELX \u00e9 uma provedora global de ferramentas de an\u00e1lise e decis\u00e3o baseadas em informa\u00e7\u00f5es, atendendo clientes profissionais e empresariais em mais de 180 pa\u00edses, com escrit\u00f3rios em aproximadamente 40 pa\u00edses. Empregando mais de 36.000 pessoas, mais de 40% delas na Am\u00e9rica do Norte, a RELX se destaca no mercado global. As a\u00e7\u00f5es da RELX PLC, empresa controladora, s\u00e3o negociadas nas Bolsas de Valores de Londres, Amsterd\u00e3 e Nova York, sob os s\u00edmbolos: Londres: REL; Amsterd\u00e3: REN; Nova York: RELX.<\/p>\n","protected":false},"excerpt":{"rendered":"<p>Sistemas de telegest\u00e3o e ilumina\u00e7\u00e3o hospitalar s\u00e3o alguns dos temas apresentados no evento de ilumina\u00e7\u00e3o que acontece em setembro. A&nbsp;Expolux, feira internacional de ilumina\u00e7\u00e3o e refer\u00eancia para a Am\u00e9rica Latina, acontece entre os dias 17 e 20 de setembro, no Expo Center Norte, em S\u00e3o Paulo, e j\u00e1 est\u00e1 com a sua&nbsp;programa\u00e7\u00e3o completa de conte\u00fado [&hellip;]<\/p>\n","protected":false},"author":2,"featured_media":3171,"comment_status":"open","ping_status":"open","sticky":false,"template":"","format":"standard","meta":{"footnotes":""},"categories":[23],"tags":[],"class_list":{"0":"post-3170","1":"post","2":"type-post","3":"status-publish","4":"format-standard","5":"has-post-thumbnail","7":"category-feirasdenegocios"},"_links":{"self":[{"href":"https:\/\/tveventos.tv.br\/index.php?rest_route=\/wp\/v2\/posts\/3170","targetHints":{"allow":["GET"]}}],"collection":[{"href":"https:\/\/tveventos.tv.br\/index.php?rest_route=\/wp\/v2\/posts"}],"about":[{"href":"https:\/\/tveventos.tv.br\/index.php?rest_route=\/wp\/v2\/types\/post"}],"author":[{"embeddable":true,"href":"https:\/\/tveventos.tv.br\/index.php?rest_route=\/wp\/v2\/users\/2"}],"replies":[{"embeddable":true,"href":"https:\/\/tveventos.tv.br\/index.php?rest_route=%2Fwp%2Fv2%2Fcomments&post=3170"}],"version-history":[{"count":1,"href":"https:\/\/tveventos.tv.br\/index.php?rest_route=\/wp\/v2\/posts\/3170\/revisions"}],"predecessor-version":[{"id":3172,"href":"https:\/\/tveventos.tv.br\/index.php?rest_route=\/wp\/v2\/posts\/3170\/revisions\/3172"}],"wp:featuredmedia":[{"embeddable":true,"href":"https:\/\/tveventos.tv.br\/index.php?rest_route=\/wp\/v2\/media\/3171"}],"wp:attachment":[{"href":"https:\/\/tveventos.tv.br\/index.php?rest_route=%2Fwp%2Fv2%2Fmedia&parent=3170"}],"wp:term":[{"taxonomy":"category","embeddable":true,"href":"https:\/\/tveventos.tv.br\/index.php?rest_route=%2Fwp%2Fv2%2Fcategories&post=3170"},{"taxonomy":"post_tag","embeddable":true,"href":"https:\/\/tveventos.tv.br\/index.php?rest_route=%2Fwp%2Fv2%2Ftags&post=3170"}],"curies":[{"name":"wp","href":"https:\/\/api.w.org\/{rel}","templated":true}]}}