{"id":3173,"date":"2024-09-05T12:08:56","date_gmt":"2024-09-05T15:08:56","guid":{"rendered":"https:\/\/tveventos.tv.br\/?p=3173"},"modified":"2024-09-05T12:09:00","modified_gmt":"2024-09-05T15:09:00","slug":"apdespbr-lanca-nova-marca-para-o-maior-congresso-brasileiro-de-protese-dentaria","status":"publish","type":"post","link":"https:\/\/tveventos.tv.br\/?p=3173","title":{"rendered":"APDESPBR lan\u00e7a nova marca para o maior congresso brasileiro de pr\u00f3tese dent\u00e1ria"},"content":{"rendered":"\n<p class=\"has-text-align-center\">Inovar sempre \u00e9 a meta da\u00a0APDESPBR\u00a0(Associa\u00e7\u00e3o dos T\u00e9cnicos em Pr\u00f3tese Dent\u00e1ria). A nova diretoria da associa\u00e7\u00e3o quer oferecer um evento de impacto aos profissionais do setor.<\/p>\n\n\n\n<p>A edi\u00e7\u00e3o de 2024 trar\u00e1 audit\u00f3rios tem\u00e1ticos com atividades paralelas, mas focado em cada perfil de interesse dos profissionais, oferecendo conhecimentos avan\u00e7ados e personalizados.<\/p>\n\n\n\n<p>A diretoria cient\u00edfica est\u00e1 preparando uma nova programa\u00e7\u00e3o pr\u00e1tica, intensa e inovadora. Assim como a amplia\u00e7\u00e3o do MAGIC SPACE que j\u00e1 obteve sua consagra\u00e7\u00e3o no modo de apresenta\u00e7\u00e3o proporcionando excelentes resultados a todos.<\/p>\n\n\n\n<p>\u201cA energia e empenho que estamos empregando na organiza\u00e7\u00e3o e na entrega deste congresso \u00e9 sem precedentes, sabemos a necessidade de aproximar e fortalecer a todos da pr\u00f3tese odontol\u00f3gica, ap\u00f3s anos conturbados e de grandes mudan\u00e7as. A experi\u00eancia proposta neste momento \u00e9 reconectar com a ess\u00eancia de nosso trabalho e avan\u00e7ar junto a tecnologia e ci\u00eancia em nossa profiss\u00e3o\u201d, diz Jorge Bauer, coordenador geral do evento.&nbsp;<\/p>\n\n\n\n<p>Sua \u00e1rea de exposi\u00e7\u00e3o, conhecida pela marca EXPOLAB, j\u00e1 atingiu&nbsp; 70% dos seus espa\u00e7os de estandes vendidos, mesmo sendo sua realiza\u00e7\u00e3o de 19 a 21 de setembro de 2024.<\/p>\n\n\n\n<p>Buscando profissionalizar cada vez mais o evento e oferecer um atendimento diferenciado aos seus expositores e visitantes, a APDESPBR buscou a TRIOXP FEIRAS E EVENTOS, fundada em 2004 com expertise em organiza\u00e7\u00e3o de feiras de neg\u00f3cios e uma equipe com mais de 30 anos de experi\u00eancia no mercado.<\/p>\n\n\n\n<p>Para a pr\u00f3xima edi\u00e7\u00e3o, o evento espera receber mais de 7.000 visitantes e 30%&nbsp; a mais de expositores, inclusive internacionais.<\/p>\n\n\n\n<p><strong><u>Agenda:<\/u><\/strong><\/p>\n\n\n\n<p>Evento CIPRO 2024 \/ EXPOLAB 2024<\/p>\n\n\n\n<p>Data: 19 A 21 DE SETEMBRO DE 2024<\/p>\n\n\n\n<p>Local: EXPO CENTER NORTE \u2013 Pavilh\u00e3o Amarelo &nbsp;\u2013 S\u00e3o Paulo\/SP<\/p>\n\n\n\n<p>Mais informa\u00e7\u00f5es: www.ciproapdesbr.com.br.<\/p>\n\n\n\n<p><strong><u>Servi\u00e7o:<\/u><\/strong><\/p>\n\n\n\n<p>Facebook: APDESPbr &#8211; Associa\u00e7\u00e3o dos TPD&#8217;s Brasil<\/p>\n\n\n\n<p>Instagram: apdespbr<\/p>\n\n\n\n<p>Site: www.apdespbr.com.br<\/p>\n","protected":false},"excerpt":{"rendered":"<p>Inovar sempre \u00e9 a meta da\u00a0APDESPBR\u00a0(Associa\u00e7\u00e3o dos T\u00e9cnicos em Pr\u00f3tese Dent\u00e1ria). A nova diretoria da associa\u00e7\u00e3o quer oferecer um evento de impacto aos profissionais do setor. A edi\u00e7\u00e3o de 2024 trar\u00e1 audit\u00f3rios tem\u00e1ticos com atividades paralelas, mas focado em cada perfil de interesse dos profissionais, oferecendo conhecimentos avan\u00e7ados e personalizados. A diretoria cient\u00edfica est\u00e1 preparando [&hellip;]<\/p>\n","protected":false},"author":2,"featured_media":3174,"comment_status":"open","ping_status":"open","sticky":false,"template":"","format":"standard","meta":{"footnotes":""},"categories":[23],"tags":[],"class_list":{"0":"post-3173","1":"post","2":"type-post","3":"status-publish","4":"format-standard","5":"has-post-thumbnail","7":"category-feirasdenegocios"},"_links":{"self":[{"href":"https:\/\/tveventos.tv.br\/index.php?rest_route=\/wp\/v2\/posts\/3173","targetHints":{"allow":["GET"]}}],"collection":[{"href":"https:\/\/tveventos.tv.br\/index.php?rest_route=\/wp\/v2\/posts"}],"about":[{"href":"https:\/\/tveventos.tv.br\/index.php?rest_route=\/wp\/v2\/types\/post"}],"author":[{"embeddable":true,"href":"https:\/\/tveventos.tv.br\/index.php?rest_route=\/wp\/v2\/users\/2"}],"replies":[{"embeddable":true,"href":"https:\/\/tveventos.tv.br\/index.php?rest_route=%2Fwp%2Fv2%2Fcomments&post=3173"}],"version-history":[{"count":1,"href":"https:\/\/tveventos.tv.br\/index.php?rest_route=\/wp\/v2\/posts\/3173\/revisions"}],"predecessor-version":[{"id":3175,"href":"https:\/\/tveventos.tv.br\/index.php?rest_route=\/wp\/v2\/posts\/3173\/revisions\/3175"}],"wp:featuredmedia":[{"embeddable":true,"href":"https:\/\/tveventos.tv.br\/index.php?rest_route=\/wp\/v2\/media\/3174"}],"wp:attachment":[{"href":"https:\/\/tveventos.tv.br\/index.php?rest_route=%2Fwp%2Fv2%2Fmedia&parent=3173"}],"wp:term":[{"taxonomy":"category","embeddable":true,"href":"https:\/\/tveventos.tv.br\/index.php?rest_route=%2Fwp%2Fv2%2Fcategories&post=3173"},{"taxonomy":"post_tag","embeddable":true,"href":"https:\/\/tveventos.tv.br\/index.php?rest_route=%2Fwp%2Fv2%2Ftags&post=3173"}],"curies":[{"name":"wp","href":"https:\/\/api.w.org\/{rel}","templated":true}]}}